{"id":11401,"date":"2020-10-24T21:28:07","date_gmt":"2020-10-25T00:28:07","guid":{"rendered":"http:\/\/verdadeon.com.br\/portal\/?p=11401"},"modified":"2020-10-24T21:28:07","modified_gmt":"2020-10-25T00:28:07","slug":"postura-inadequada-pode-provocar-danos-ao-nervo-ciatico","status":"publish","type":"post","link":"https:\/\/verdadeon.com.br\/portal\/2020\/10\/24\/postura-inadequada-pode-provocar-danos-ao-nervo-ciatico\/","title":{"rendered":"Postura inadequada pode provocar danos ao nervo ci\u00e1tico"},"content":{"rendered":"<h2 style=\"font-weight: 400;\"><em>Especialistas do Grupo S\u00e3o Francisco afirmam que o uso de colch\u00f5es, cadeiras, mesas, cal\u00e7ados inadequados para o peso e altura, sobrepeso corporal, falta de exerc\u00edcios ou de alongamento pode contribuir para o surgimento de dores no nervo ci\u00e1tico<\/em><\/h2>\n<p>&nbsp;<\/p>\n<div id=\"attachment_11409\" style=\"width: 1010px\" class=\"wp-caption alignnone\"><img data-recalc-dims=\"1\" loading=\"lazy\" decoding=\"async\" aria-describedby=\"caption-attachment-11409\" class=\"wp-image-11409 size-full\" src=\"https:\/\/i0.wp.com\/verdadeon.com.br\/portal\/wp-content\/uploads\/2020\/10\/Simone-Cristina-Menoschi-fisioterapeuta.jpg?resize=1000%2C670\" alt=\"\" width=\"1000\" height=\"670\" srcset=\"https:\/\/i0.wp.com\/verdadeon.com.br\/portal\/wp-content\/uploads\/2020\/10\/Simone-Cristina-Menoschi-fisioterapeuta.jpg?w=1000&amp;ssl=1 1000w, https:\/\/i0.wp.com\/verdadeon.com.br\/portal\/wp-content\/uploads\/2020\/10\/Simone-Cristina-Menoschi-fisioterapeuta.jpg?resize=300%2C201&amp;ssl=1 300w, https:\/\/i0.wp.com\/verdadeon.com.br\/portal\/wp-content\/uploads\/2020\/10\/Simone-Cristina-Menoschi-fisioterapeuta.jpg?resize=768%2C515&amp;ssl=1 768w, https:\/\/i0.wp.com\/verdadeon.com.br\/portal\/wp-content\/uploads\/2020\/10\/Simone-Cristina-Menoschi-fisioterapeuta.jpg?resize=218%2C146&amp;ssl=1 218w, https:\/\/i0.wp.com\/verdadeon.com.br\/portal\/wp-content\/uploads\/2020\/10\/Simone-Cristina-Menoschi-fisioterapeuta.jpg?resize=50%2C34&amp;ssl=1 50w, https:\/\/i0.wp.com\/verdadeon.com.br\/portal\/wp-content\/uploads\/2020\/10\/Simone-Cristina-Menoschi-fisioterapeuta.jpg?resize=112%2C75&amp;ssl=1 112w\" sizes=\"auto, (max-width: 1000px) 100vw, 1000px\" \/><p id=\"caption-attachment-11409\" class=\"wp-caption-text\">imone Cristina Menoschi &#8211; fisioterapeuta<\/p><\/div>\n<p style=\"font-weight: 400;\">As dores no nervo ci\u00e1tico s\u00e3o provocadas em decorr\u00eancia de diversas causas e, em geral, achamos que \u00e9 ocasionada por h\u00e9rnia de disco, mas tamb\u00e9m podem ter outras origens e algumas situa\u00e7\u00f5es do cotidiano podem influenciar, como o uso inadequado de colch\u00f5es, cadeiras, mesas e cal\u00e7ados inadequados para o peso e altura ou, at\u00e9 mesmo, condi\u00e7\u00f5es de sobrepeso corporal, falta de exerc\u00edcios ou de alongamento.<\/p>\n<p style=\"font-weight: 400;\">De acordo com a fisioterapeuta hospitalar Simone Cristina Menoschi, do Grupo S\u00e3o Francisco, que faz parte do Sistema Hapvida, isso ocorre porque o nervo \u00e9 respons\u00e1vel por controlar as articula\u00e7\u00f5es do quadril, joelhos e tornozelos, al\u00e9m dos m\u00fasculos das pernas e p\u00e9s.<\/p>\n<p style=\"font-weight: 400;\">&#8220;O ci\u00e1tico \u00e9 o maior nervo do corpo humano. Ele se origina de diversas ra\u00edzes nervosas que saem do final da coluna lombar. A inflama\u00e7\u00e3o do ci\u00e1tico \u00e9 provocada por uma press\u00e3o nesse nervo e a causa mais comum \u00e9 uma h\u00e9rnia de disco. A preven\u00e7\u00e3o \u00e9 por meio de exerc\u00edcios f\u00edsicos, controle do sobrepeso, posturas adequadas e alongamentos&#8221;, afirma Simone.<\/p>\n<p style=\"font-weight: 400;\">O m\u00e9dico Carlos Abdenur, ortopedista e traumatologista que atua como coordenador da equipe de Ortopedia do Grupo S\u00e3o Francisco, ressalta tamb\u00e9m que em muitos casos as dores no nervo ci\u00e1tico podem estar associadas ou n\u00e3o com a dor lombar.<\/p>\n<p style=\"font-weight: 400;\">&#8220;O famoso nervo ci\u00e1tico \u00e9 uma jun\u00e7\u00e3o dos nervos que saem da coluna e v\u00e3o levar as informa\u00e7\u00f5es de movimento aos m\u00fasculos e de sensibilidade para todos os membros inferiores. Assim, podemos ter dois quadros: apenas a dor do nervo ci\u00e1tico ou a associa\u00e7\u00e3o da dor lombar com a dor do nervo ci\u00e1tico&#8221;, comenta Abdenur.<\/p>\n<p style=\"font-weight: 400;\">O ortopedista orienta que os sintomas s\u00e3o percebidos em situa\u00e7\u00f5es de movimento, reduzem com o repouso e que as crises podem ocorrer em apenas um dos membros ou nos dois, simultaneamente.<\/p>\n<p style=\"font-weight: 400;\">&#8220;Os sintomas mais comuns s\u00e3o dor no gl\u00fateo, que pode descer at\u00e9 o p\u00e9, ou altera\u00e7\u00e3o da sensibilidade de alguma regi\u00e3o dos membros inferiores. Em geral, essa dor piora com o movimento e reduz com repouso. O mais comum \u00e9 que essa crise seja s\u00f3 de um dos membros, mas pode ocorrer tamb\u00e9m em ambos&#8221;, alerta Abdenur.<\/p>\n<p style=\"font-weight: 400;\">O especialista orienta ainda que, na maioria das vezes, n\u00e3o h\u00e1 necessidade de exames de imagem para o diagn\u00f3stico, que s\u00f3 \u00e9 necess\u00e1rio em casos onde n\u00e3o h\u00e1 melhora ap\u00f3s algumas semanas ou em alguns casos muito espec\u00edficos.<\/p>\n<p style=\"font-weight: 400;\">&#8220;O paciente com dor fica ansioso para fazer uma imagem. Acabam confundindo a imagem com o tratamento. O mais importante \u00e9 que o profissional de sa\u00fade fa\u00e7a um exame f\u00edsico adequado e foque em tratar a dor&#8221;, diz Abdenur.<\/p>\n<p style=\"font-weight: 400;\"><strong>Tratamento<\/strong><\/p>\n<p style=\"font-weight: 400;\">Segundo o m\u00e9dico, apesar de todo desconforto o quadro \u00e9 considerado simples e poss\u00edvel de ser tratado. &#8220;Na maioria dos casos \u00e9 um tratamento conservador, que feito corretamente cura os pacientes. Devemos realizar mudan\u00e7as posturais, exerc\u00edcios f\u00edsicos, fisioterapia e medica\u00e7\u00e3o, quando necess\u00e1rio. Mesmo os que n\u00e3o ficam curados, na maioria das vezes o que est\u00e1 faltando \u00e9 uma melhor orienta\u00e7\u00e3o. S\u00e3o raros os casos que se tornam cir\u00fargicos&#8221;, diz Abdenur.<\/p>\n<p style=\"font-weight: 400;\">A fisioterapeuta observa ainda que o tratamento requer um per\u00edodo de at\u00e9 90 dias para ser realizado de forma adequada e visando a cura da inflama\u00e7\u00e3o. &#8220;Um tratamento adequado, seguindo orienta\u00e7\u00f5es de um m\u00e9dico, envolve orienta\u00e7\u00f5es posturais, repouso relativo por curtos per\u00edodos e fisioterapia. Na maioria dos casos se resolve entre 4 e 6 semanas, mas pode chegar at\u00e9 a 90 dias. Por isso, \u00e9 importante ter um pouco de paci\u00eancia&#8221;, conclui Simone.<\/p>\n","protected":false},"excerpt":{"rendered":"<p>Especialistas do Grupo S\u00e3o Francisco afirmam que o uso de colch\u00f5es, cadeiras, mesas, cal\u00e7ados inadequados para o peso e altura, sobrepeso corporal, falta de exerc\u00edcios ou<span class=\"excerpt-hellip\"> [\u2026]<\/span><\/p>\n","protected":false},"author":10,"featured_media":11410,"comment_status":"open","ping_status":"open","sticky":false,"template":"","format":"standard","meta":{"_jetpack_memberships_contains_paid_content":false,"footnotes":"","jetpack_publicize_message":"","jetpack_publicize_feature_enabled":true,"jetpack_social_post_already_shared":false,"jetpack_social_options":{"image_generator_settings":{"template":"highway","default_image_id":0,"enabled":false},"version":2}},"categories":[28,44],"tags":[],"class_list":["post-11401","post","type-post","status-publish","format-standard","has-post-thumbnail","hentry","category-cotidiano","category-noticias"],"yoast_head":"<!-- This site is optimized with the Yoast SEO plugin v25.6 - https:\/\/yoast.com\/wordpress\/plugins\/seo\/ -->\n<title>Postura inadequada pode provocar danos ao nervo ci\u00e1tico - VerdadeOn<\/title>\n<meta name=\"robots\" content=\"index, follow, max-snippet:-1, max-image-preview:large, max-video-preview:-1\" \/>\n<link rel=\"canonical\" href=\"https:\/\/verdadeon.com.br\/portal\/2020\/10\/24\/postura-inadequada-pode-provocar-danos-ao-nervo-ciatico\/\" \/>\n<meta property=\"og:locale\" content=\"pt_BR\" \/>\n<meta property=\"og:type\" content=\"article\" \/>\n<meta property=\"og:title\" content=\"Postura inadequada pode provocar danos ao nervo ci\u00e1tico - VerdadeOn\" \/>\n<meta property=\"og:description\" content=\"Especialistas do Grupo S\u00e3o Francisco afirmam que o uso de colch\u00f5es, cadeiras, mesas, cal\u00e7ados inadequados para o peso e altura, sobrepeso corporal, falta de exerc\u00edcios ou [\u2026]\" \/>\n<meta property=\"og:url\" content=\"https:\/\/verdadeon.com.br\/portal\/2020\/10\/24\/postura-inadequada-pode-provocar-danos-ao-nervo-ciatico\/\" \/>\n<meta property=\"og:site_name\" content=\"VerdadeOn\" \/>\n<meta property=\"article:published_time\" content=\"2020-10-25T00:28:07+00:00\" \/>\n<meta property=\"og:image\" content=\"https:\/\/verdadeon.com.br\/portal\/wp-content\/uploads\/2020\/10\/Dr.-Carlos-Henrique-Abdenur-coordenador-da-equipe-de-ortopedia-do-grupo-Sa\u0303o-Francisco_horiz.jpeg\" \/>\n\t<meta property=\"og:image:width\" content=\"1000\" \/>\n\t<meta property=\"og:image:height\" content=\"670\" \/>\n\t<meta property=\"og:image:type\" content=\"image\/jpeg\" \/>\n<meta name=\"author\" content=\"Redacao VerdadeOn\" \/>\n<meta name=\"twitter:card\" content=\"summary_large_image\" \/>\n<meta name=\"twitter:label1\" content=\"Escrito por\" \/>\n\t<meta name=\"twitter:data1\" content=\"Redacao VerdadeOn\" \/>\n\t<meta name=\"twitter:label2\" content=\"Est. tempo de leitura\" \/>\n\t<meta name=\"twitter:data2\" content=\"3 minutos\" \/>\n<script type=\"application\/ld+json\" class=\"yoast-schema-graph\">{\"@context\":\"https:\/\/schema.org\",\"@graph\":[{\"@type\":\"WebPage\",\"@id\":\"https:\/\/verdadeon.com.br\/portal\/2020\/10\/24\/postura-inadequada-pode-provocar-danos-ao-nervo-ciatico\/\",\"url\":\"https:\/\/verdadeon.com.br\/portal\/2020\/10\/24\/postura-inadequada-pode-provocar-danos-ao-nervo-ciatico\/\",\"name\":\"Postura inadequada pode provocar danos ao nervo ci\u00e1tico - VerdadeOn\",\"isPartOf\":{\"@id\":\"https:\/\/verdadeon.com.br\/portal\/#website\"},\"primaryImageOfPage\":{\"@id\":\"https:\/\/verdadeon.com.br\/portal\/2020\/10\/24\/postura-inadequada-pode-provocar-danos-ao-nervo-ciatico\/#primaryimage\"},\"image\":{\"@id\":\"https:\/\/verdadeon.com.br\/portal\/2020\/10\/24\/postura-inadequada-pode-provocar-danos-ao-nervo-ciatico\/#primaryimage\"},\"thumbnailUrl\":\"https:\/\/i0.wp.com\/verdadeon.com.br\/portal\/wp-content\/uploads\/2020\/10\/Dr.-Carlos-Henrique-Abdenur-coordenador-da-equipe-de-ortopedia-do-grupo-Sa%CC%83o-Francisco_horiz.jpeg?fit=1000%2C670&ssl=1\",\"datePublished\":\"2020-10-25T00:28:07+00:00\",\"author\":{\"@id\":\"https:\/\/verdadeon.com.br\/portal\/#\/schema\/person\/a5060ad1e9ea3df545188fc93ce43d2f\"},\"breadcrumb\":{\"@id\":\"https:\/\/verdadeon.com.br\/portal\/2020\/10\/24\/postura-inadequada-pode-provocar-danos-ao-nervo-ciatico\/#breadcrumb\"},\"inLanguage\":\"pt-BR\",\"potentialAction\":[{\"@type\":\"ReadAction\",\"target\":[\"https:\/\/verdadeon.com.br\/portal\/2020\/10\/24\/postura-inadequada-pode-provocar-danos-ao-nervo-ciatico\/\"]}]},{\"@type\":\"ImageObject\",\"inLanguage\":\"pt-BR\",\"@id\":\"https:\/\/verdadeon.com.br\/portal\/2020\/10\/24\/postura-inadequada-pode-provocar-danos-ao-nervo-ciatico\/#primaryimage\",\"url\":\"https:\/\/i0.wp.com\/verdadeon.com.br\/portal\/wp-content\/uploads\/2020\/10\/Dr.-Carlos-Henrique-Abdenur-coordenador-da-equipe-de-ortopedia-do-grupo-Sa%CC%83o-Francisco_horiz.jpeg?fit=1000%2C670&ssl=1\",\"contentUrl\":\"https:\/\/i0.wp.com\/verdadeon.com.br\/portal\/wp-content\/uploads\/2020\/10\/Dr.-Carlos-Henrique-Abdenur-coordenador-da-equipe-de-ortopedia-do-grupo-Sa%CC%83o-Francisco_horiz.jpeg?fit=1000%2C670&ssl=1\",\"width\":1000,\"height\":670,\"caption\":\"Dr. Carlos Henrique Abdenur, coordenador da equipe de ortopedia do grupo Sa\u0303o Francisco_horiz\"},{\"@type\":\"BreadcrumbList\",\"@id\":\"https:\/\/verdadeon.com.br\/portal\/2020\/10\/24\/postura-inadequada-pode-provocar-danos-ao-nervo-ciatico\/#breadcrumb\",\"itemListElement\":[{\"@type\":\"ListItem\",\"position\":1,\"name\":\"In\u00edcio\",\"item\":\"https:\/\/verdadeon.com.br\/portal\/\"},{\"@type\":\"ListItem\",\"position\":2,\"name\":\"Postura inadequada pode provocar danos ao nervo ci\u00e1tico\"}]},{\"@type\":\"WebSite\",\"@id\":\"https:\/\/verdadeon.com.br\/portal\/#website\",\"url\":\"https:\/\/verdadeon.com.br\/portal\/\",\"name\":\"VerdadeOn\",\"description\":\"Not\u00edcias di\u00e1rias sobre Franca, Regi\u00e3o, Esporte, Cultura, Cotidiano, Colunas. Cobertura nos principais eventos da cidade \u00e9 aqui - Verdadeon Franca\",\"potentialAction\":[{\"@type\":\"SearchAction\",\"target\":{\"@type\":\"EntryPoint\",\"urlTemplate\":\"https:\/\/verdadeon.com.br\/portal\/?s={search_term_string}\"},\"query-input\":{\"@type\":\"PropertyValueSpecification\",\"valueRequired\":true,\"valueName\":\"search_term_string\"}}],\"inLanguage\":\"pt-BR\"},{\"@type\":\"Person\",\"@id\":\"https:\/\/verdadeon.com.br\/portal\/#\/schema\/person\/a5060ad1e9ea3df545188fc93ce43d2f\",\"name\":\"Redacao VerdadeOn\",\"image\":{\"@type\":\"ImageObject\",\"inLanguage\":\"pt-BR\",\"@id\":\"https:\/\/verdadeon.com.br\/portal\/#\/schema\/person\/image\/\",\"url\":\"https:\/\/secure.gravatar.com\/avatar\/459a9613caaaf07f582c3d0841eea68bdd66f533e465e6ba8b9cb45619572cf4?s=96&d=mm&r=g\",\"contentUrl\":\"https:\/\/secure.gravatar.com\/avatar\/459a9613caaaf07f582c3d0841eea68bdd66f533e465e6ba8b9cb45619572cf4?s=96&d=mm&r=g\",\"caption\":\"Redacao VerdadeOn\"},\"url\":\"https:\/\/verdadeon.com.br\/portal\/author\/redacao\/\"}]}<\/script>\n<!-- \/ Yoast SEO plugin. -->","yoast_head_json":{"title":"Postura inadequada pode provocar danos ao nervo ci\u00e1tico - VerdadeOn","robots":{"index":"index","follow":"follow","max-snippet":"max-snippet:-1","max-image-preview":"max-image-preview:large","max-video-preview":"max-video-preview:-1"},"canonical":"https:\/\/verdadeon.com.br\/portal\/2020\/10\/24\/postura-inadequada-pode-provocar-danos-ao-nervo-ciatico\/","og_locale":"pt_BR","og_type":"article","og_title":"Postura inadequada pode provocar danos ao nervo ci\u00e1tico - VerdadeOn","og_description":"Especialistas do Grupo S\u00e3o Francisco afirmam que o uso de colch\u00f5es, cadeiras, mesas, cal\u00e7ados inadequados para o peso e altura, sobrepeso corporal, falta de exerc\u00edcios ou [\u2026]","og_url":"https:\/\/verdadeon.com.br\/portal\/2020\/10\/24\/postura-inadequada-pode-provocar-danos-ao-nervo-ciatico\/","og_site_name":"VerdadeOn","article_published_time":"2020-10-25T00:28:07+00:00","og_image":[{"width":1000,"height":670,"url":"https:\/\/verdadeon.com.br\/portal\/wp-content\/uploads\/2020\/10\/Dr.-Carlos-Henrique-Abdenur-coordenador-da-equipe-de-ortopedia-do-grupo-Sa\u0303o-Francisco_horiz.jpeg","type":"image\/jpeg"}],"author":"Redacao VerdadeOn","twitter_card":"summary_large_image","twitter_misc":{"Escrito por":"Redacao VerdadeOn","Est. tempo de leitura":"3 minutos"},"schema":{"@context":"https:\/\/schema.org","@graph":[{"@type":"WebPage","@id":"https:\/\/verdadeon.com.br\/portal\/2020\/10\/24\/postura-inadequada-pode-provocar-danos-ao-nervo-ciatico\/","url":"https:\/\/verdadeon.com.br\/portal\/2020\/10\/24\/postura-inadequada-pode-provocar-danos-ao-nervo-ciatico\/","name":"Postura inadequada pode provocar danos ao nervo ci\u00e1tico - VerdadeOn","isPartOf":{"@id":"https:\/\/verdadeon.com.br\/portal\/#website"},"primaryImageOfPage":{"@id":"https:\/\/verdadeon.com.br\/portal\/2020\/10\/24\/postura-inadequada-pode-provocar-danos-ao-nervo-ciatico\/#primaryimage"},"image":{"@id":"https:\/\/verdadeon.com.br\/portal\/2020\/10\/24\/postura-inadequada-pode-provocar-danos-ao-nervo-ciatico\/#primaryimage"},"thumbnailUrl":"https:\/\/i0.wp.com\/verdadeon.com.br\/portal\/wp-content\/uploads\/2020\/10\/Dr.-Carlos-Henrique-Abdenur-coordenador-da-equipe-de-ortopedia-do-grupo-Sa%CC%83o-Francisco_horiz.jpeg?fit=1000%2C670&ssl=1","datePublished":"2020-10-25T00:28:07+00:00","author":{"@id":"https:\/\/verdadeon.com.br\/portal\/#\/schema\/person\/a5060ad1e9ea3df545188fc93ce43d2f"},"breadcrumb":{"@id":"https:\/\/verdadeon.com.br\/portal\/2020\/10\/24\/postura-inadequada-pode-provocar-danos-ao-nervo-ciatico\/#breadcrumb"},"inLanguage":"pt-BR","potentialAction":[{"@type":"ReadAction","target":["https:\/\/verdadeon.com.br\/portal\/2020\/10\/24\/postura-inadequada-pode-provocar-danos-ao-nervo-ciatico\/"]}]},{"@type":"ImageObject","inLanguage":"pt-BR","@id":"https:\/\/verdadeon.com.br\/portal\/2020\/10\/24\/postura-inadequada-pode-provocar-danos-ao-nervo-ciatico\/#primaryimage","url":"https:\/\/i0.wp.com\/verdadeon.com.br\/portal\/wp-content\/uploads\/2020\/10\/Dr.-Carlos-Henrique-Abdenur-coordenador-da-equipe-de-ortopedia-do-grupo-Sa%CC%83o-Francisco_horiz.jpeg?fit=1000%2C670&ssl=1","contentUrl":"https:\/\/i0.wp.com\/verdadeon.com.br\/portal\/wp-content\/uploads\/2020\/10\/Dr.-Carlos-Henrique-Abdenur-coordenador-da-equipe-de-ortopedia-do-grupo-Sa%CC%83o-Francisco_horiz.jpeg?fit=1000%2C670&ssl=1","width":1000,"height":670,"caption":"Dr. Carlos Henrique Abdenur, coordenador da equipe de ortopedia do grupo Sa\u0303o Francisco_horiz"},{"@type":"BreadcrumbList","@id":"https:\/\/verdadeon.com.br\/portal\/2020\/10\/24\/postura-inadequada-pode-provocar-danos-ao-nervo-ciatico\/#breadcrumb","itemListElement":[{"@type":"ListItem","position":1,"name":"In\u00edcio","item":"https:\/\/verdadeon.com.br\/portal\/"},{"@type":"ListItem","position":2,"name":"Postura inadequada pode provocar danos ao nervo ci\u00e1tico"}]},{"@type":"WebSite","@id":"https:\/\/verdadeon.com.br\/portal\/#website","url":"https:\/\/verdadeon.com.br\/portal\/","name":"VerdadeOn","description":"Not\u00edcias di\u00e1rias sobre Franca, Regi\u00e3o, Esporte, Cultura, Cotidiano, Colunas. Cobertura nos principais eventos da cidade \u00e9 aqui - Verdadeon Franca","potentialAction":[{"@type":"SearchAction","target":{"@type":"EntryPoint","urlTemplate":"https:\/\/verdadeon.com.br\/portal\/?s={search_term_string}"},"query-input":{"@type":"PropertyValueSpecification","valueRequired":true,"valueName":"search_term_string"}}],"inLanguage":"pt-BR"},{"@type":"Person","@id":"https:\/\/verdadeon.com.br\/portal\/#\/schema\/person\/a5060ad1e9ea3df545188fc93ce43d2f","name":"Redacao VerdadeOn","image":{"@type":"ImageObject","inLanguage":"pt-BR","@id":"https:\/\/verdadeon.com.br\/portal\/#\/schema\/person\/image\/","url":"https:\/\/secure.gravatar.com\/avatar\/459a9613caaaf07f582c3d0841eea68bdd66f533e465e6ba8b9cb45619572cf4?s=96&d=mm&r=g","contentUrl":"https:\/\/secure.gravatar.com\/avatar\/459a9613caaaf07f582c3d0841eea68bdd66f533e465e6ba8b9cb45619572cf4?s=96&d=mm&r=g","caption":"Redacao VerdadeOn"},"url":"https:\/\/verdadeon.com.br\/portal\/author\/redacao\/"}]}},"jetpack_publicize_connections":[],"jetpack_featured_media_url":"https:\/\/i0.wp.com\/verdadeon.com.br\/portal\/wp-content\/uploads\/2020\/10\/Dr.-Carlos-Henrique-Abdenur-coordenador-da-equipe-de-ortopedia-do-grupo-Sa%CC%83o-Francisco_horiz.jpeg?fit=1000%2C670&ssl=1","jetpack_sharing_enabled":true,"_links":{"self":[{"href":"https:\/\/verdadeon.com.br\/portal\/wp-json\/wp\/v2\/posts\/11401","targetHints":{"allow":["GET"]}}],"collection":[{"href":"https:\/\/verdadeon.com.br\/portal\/wp-json\/wp\/v2\/posts"}],"about":[{"href":"https:\/\/verdadeon.com.br\/portal\/wp-json\/wp\/v2\/types\/post"}],"author":[{"embeddable":true,"href":"https:\/\/verdadeon.com.br\/portal\/wp-json\/wp\/v2\/users\/10"}],"replies":[{"embeddable":true,"href":"https:\/\/verdadeon.com.br\/portal\/wp-json\/wp\/v2\/comments?post=11401"}],"version-history":[{"count":0,"href":"https:\/\/verdadeon.com.br\/portal\/wp-json\/wp\/v2\/posts\/11401\/revisions"}],"wp:featuredmedia":[{"embeddable":true,"href":"https:\/\/verdadeon.com.br\/portal\/wp-json\/wp\/v2\/media\/11410"}],"wp:attachment":[{"href":"https:\/\/verdadeon.com.br\/portal\/wp-json\/wp\/v2\/media?parent=11401"}],"wp:term":[{"taxonomy":"category","embeddable":true,"href":"https:\/\/verdadeon.com.br\/portal\/wp-json\/wp\/v2\/categories?post=11401"},{"taxonomy":"post_tag","embeddable":true,"href":"https:\/\/verdadeon.com.br\/portal\/wp-json\/wp\/v2\/tags?post=11401"}],"curies":[{"name":"wp","href":"https:\/\/api.w.org\/{rel}","templated":true}]}}