{"id":11380,"date":"2020-10-23T22:06:34","date_gmt":"2020-10-24T01:06:34","guid":{"rendered":"http:\/\/verdadeon.com.br\/portal\/?p=11380"},"modified":"2020-10-23T22:06:34","modified_gmt":"2020-10-24T01:06:34","slug":"oitavas-da-libertadores-tera-confrontos-entre-brasil-e-argentina","status":"publish","type":"post","link":"https:\/\/verdadeon.com.br\/portal\/2020\/10\/23\/oitavas-da-libertadores-tera-confrontos-entre-brasil-e-argentina\/","title":{"rendered":"Oitavas da Libertadores\u00a0ter\u00e1 confrontos entre Brasil e Argentina"},"content":{"rendered":"<div class=\"col-lg-12 mb-3\">\n<div class=\"row\">\n<h3 class=\"col-10 offset-1 animated fadeInDown dealy-900 display-8 display-md-8 alt-font font-italic my-1 text-center\">Tr\u00eas dos seis clubes brasileiros fazem duelos com equipes hermanas<\/h3>\n<\/div>\n<p>Lincoln Chaves &#8211; Rep\u00f3rter da TV Brasil e R\u00e1dio Nacional &#8211; S\u00e3o Paulo<\/p><\/div>\n<div class=\"col-xl-7 offset-xl-1 col-lg-8 offset-lg-0 col-md-10 offset-md-1 mb-3\">\n<div class=\"post-item alt-font\">\n<div class=\"post-item-wrap\">\n<p>Tr\u00eas dos seis representantes brasileiros\u00a0nas oitavas de final da Copa Libertadores da Am\u00e9rica ter\u00e3o pela frente advers\u00e1rios argentinos. O sorteio das partidas e dos cruzamentos foi realizado nesta\u00a0sexta-feira (23), na sede da Confedera\u00e7\u00e3o Sul-Americana de Futebol (Conmebol), em Luque (Paraguai).<img data-recalc-dims=\"1\" decoding=\"async\" src=\"https:\/\/i0.wp.com\/agenciabrasil.ebc.com.br\/ebc.png?w=1220&#038;ssl=1\" \/><img data-recalc-dims=\"1\" decoding=\"async\" src=\"https:\/\/i0.wp.com\/agenciabrasil.ebc.com.br\/ebc.gif?w=1220&#038;ssl=1\" \/><\/p>\n<p>Atual campe\u00e3o e na busca pelo\u00a0terceiro t\u00edtulo, o Flamengo medir\u00e1 for\u00e7as com o Racing, que levantou a ta\u00e7a em 1967. Duas vezes ganhador, o Internacional\u00a0ter\u00e1 como rival o Boca Juniors, dono de seis trof\u00e9us sul-americanos. J\u00e1 o Athletico Paranaense\u00a0&#8211; que busca a gl\u00f3ria in\u00e9dita &#8211; enfrentar\u00e1 o River Plate, tetra da Am\u00e9rica e vice em 2019.O Santos tamb\u00e9m enfrentar\u00e1 um campe\u00e3o da Libertadores no mata-mata, mas vindo do Equador. Com tr\u00eas t\u00edtulos, o Peixe ser\u00e1 advers\u00e1rio da LDU, que ganhou o torneio em 2008.<\/p>\n<p>Palmeiras e Gr\u00eamio s\u00e3o os \u00fanicos times do pa\u00eds que n\u00e3o\u00a0ter\u00e3o rivais com t\u00edtulo de Libertadores no curr\u00edculo. Atr\u00e1s do bicampeonato, o Verd\u00e3o &#8211; que fez a melhor campanha da primeira fase &#8211;\u00a0ter\u00e1 pela frente o estreante Delf\u00edn, do Equador. J\u00e1 o Tricolor Ga\u00facho, que\u00a0persegue o tetra do continente, pegar\u00e1 o Guaran\u00ed, do Paraguai.<\/p>\n<div class=\"twitter-tweet twitter-tweet-rendered\"><iframe id=\"twitter-widget-0\" class=\"\" title=\"Twitter Tweet\" src=\"https:\/\/platform.twitter.com\/embed\/index.html?creatorScreenName=agenciabrasil&amp;dnt=false&amp;embedId=twitter-widget-0&amp;frame=false&amp;hideCard=false&amp;hideThread=false&amp;id=1319668848069574660&amp;lang=pt&amp;origin=https%3A%2F%2Fagenciabrasil.ebc.com.br%2Fesportes%2Fnoticia%2F2020-10%2Foitavas-da-libertadores-tera-confrontos-entre-brasil-e-argentina&amp;siteScreenName=agenciabrasil&amp;theme=light&amp;widgetsVersion=ed20a2b%3A1601588405575&amp;width=550px\" frameborder=\"0\" scrolling=\"no\" allowfullscreen=\"allowfullscreen\" data-tweet-id=\"1319668848069574660\" data-mce-fragment=\"1\"><\/iframe><\/div>\n<p>Por terem encerrado a fase de grupos na lideran\u00e7a, Flamengo, Santos, Palmeiras e Gr\u00eamio realizar\u00e3o o segundo e decisivo jogo dos respectivos confrontos em casa. Athletico e Inter, que ficaram em segundo lugar, ser\u00e3o mandantes na primeira partida. Os duelos de ida\u00a0ocorrer\u00e3o entre 24 e\u00a025 de novembro, enquanto os de volta est\u00e3o previstos para os dias 1 e\u00a02 de dezembro. A decis\u00e3o da Libertadores ser\u00e1 em 2021, no Maracan\u00e3.<\/p>\n<div class=\"dnd-widget-wrapper context-cheio_8colunas type-audio\">\n<div class=\"dnd-atom-rendered\">\n<div class=\"col-lg-12 shadow-sm sticky-element px-0 m-0 z-9\">\n<div class=\"rounded-lg\">\n<div class=\"player-wrapper bg-secondary\">Os cruzamentos do mata-mata indicam confrontos entre brasileiros nas quartas e at\u00e9 em uma semifinal, caso as equipes avancem. O ganhador de Santos e LDU enfrenta quem passar de Gr\u00eamio e Guaran\u00ed. H\u00e1 a possibilidade de santistas e tricolores reeditarem o duelo que definiu vaga na final da Libertadores em 2007. Na ocasi\u00e3o, os ga\u00fachos levaram a melhor.<\/div>\n<\/div>\n<\/div>\n<\/div>\n<\/div>\n<p>J\u00e1 o vencedor entre Flamengo e Racing\u00a0ter\u00e1 como advers\u00e1rio o classificado entre Inter e Boca. Caso sigam adiante, rubro-negros e colorados voltariam a se encontrar pelas quartas de final, como aconteceu em 2019. No ano passado, os cariocas seguiram adiante para enfrentar o Gr\u00eamio na semifinal, em outro confronto que pode se repetir.<\/p>\n<p>Confira a\u00a0<a href=\"https:\/\/agenciabrasil.ebc.com.br\/esportes\/tabelas\/libertadores.html\"><strong>tabela de classifica\u00e7\u00e3o\u00a0<\/strong><\/a>da Copa Libertadores.<\/p>\n<\/div>\n<\/div>\n<\/div>\n","protected":false},"excerpt":{"rendered":"<p>Tr\u00eas dos seis clubes brasileiros fazem duelos com equipes hermanas Lincoln Chaves &#8211; Rep\u00f3rter da TV Brasil e R\u00e1dio Nacional &#8211; S\u00e3o Paulo Tr\u00eas dos seis<span class=\"excerpt-hellip\"> [\u2026]<\/span><\/p>\n","protected":false},"author":10,"featured_media":11385,"comment_status":"open","ping_status":"open","sticky":false,"template":"","format":"standard","meta":{"_jetpack_memberships_contains_paid_content":false,"footnotes":"","jetpack_publicize_message":"","jetpack_publicize_feature_enabled":true,"jetpack_social_post_already_shared":false,"jetpack_social_options":{"image_generator_settings":{"template":"highway","default_image_id":0,"enabled":false},"version":2}},"categories":[29,44],"tags":[],"class_list":["post-11380","post","type-post","status-publish","format-standard","has-post-thumbnail","hentry","category-esportes","category-noticias"],"yoast_head":"<!-- This site is optimized with the Yoast SEO plugin v25.6 - https:\/\/yoast.com\/wordpress\/plugins\/seo\/ -->\n<title>Oitavas da Libertadores\u00a0ter\u00e1 confrontos entre Brasil e Argentina - VerdadeOn<\/title>\n<meta name=\"robots\" content=\"index, follow, max-snippet:-1, max-image-preview:large, max-video-preview:-1\" \/>\n<link rel=\"canonical\" href=\"https:\/\/verdadeon.com.br\/portal\/2020\/10\/23\/oitavas-da-libertadores-tera-confrontos-entre-brasil-e-argentina\/\" \/>\n<meta property=\"og:locale\" content=\"pt_BR\" \/>\n<meta property=\"og:type\" content=\"article\" \/>\n<meta property=\"og:title\" content=\"Oitavas da Libertadores\u00a0ter\u00e1 confrontos entre Brasil e Argentina - VerdadeOn\" \/>\n<meta property=\"og:description\" content=\"Tr\u00eas dos seis clubes brasileiros fazem duelos com equipes hermanas Lincoln Chaves &#8211; Rep\u00f3rter da TV Brasil e R\u00e1dio Nacional &#8211; S\u00e3o Paulo Tr\u00eas dos seis [\u2026]\" \/>\n<meta property=\"og:url\" content=\"https:\/\/verdadeon.com.br\/portal\/2020\/10\/23\/oitavas-da-libertadores-tera-confrontos-entre-brasil-e-argentina\/\" \/>\n<meta property=\"og:site_name\" content=\"VerdadeOn\" \/>\n<meta property=\"article:published_time\" content=\"2020-10-24T01:06:34+00:00\" \/>\n<meta property=\"og:image\" content=\"https:\/\/verdadeon.com.br\/portal\/wp-content\/uploads\/2020\/10\/twitter_conmebol_libertadores_15092000347.jpg\" \/>\n\t<meta property=\"og:image:width\" content=\"1000\" \/>\n\t<meta property=\"og:image:height\" content=\"670\" \/>\n\t<meta property=\"og:image:type\" content=\"image\/jpeg\" \/>\n<meta name=\"author\" content=\"Redacao VerdadeOn\" \/>\n<meta name=\"twitter:card\" content=\"summary_large_image\" \/>\n<meta name=\"twitter:label1\" content=\"Escrito por\" \/>\n\t<meta name=\"twitter:data1\" content=\"Redacao VerdadeOn\" \/>\n\t<meta name=\"twitter:label2\" content=\"Est. tempo de leitura\" \/>\n\t<meta name=\"twitter:data2\" content=\"2 minutos\" \/>\n<script type=\"application\/ld+json\" class=\"yoast-schema-graph\">{\"@context\":\"https:\/\/schema.org\",\"@graph\":[{\"@type\":\"WebPage\",\"@id\":\"https:\/\/verdadeon.com.br\/portal\/2020\/10\/23\/oitavas-da-libertadores-tera-confrontos-entre-brasil-e-argentina\/\",\"url\":\"https:\/\/verdadeon.com.br\/portal\/2020\/10\/23\/oitavas-da-libertadores-tera-confrontos-entre-brasil-e-argentina\/\",\"name\":\"Oitavas da Libertadores\u00a0ter\u00e1 confrontos entre Brasil e Argentina - VerdadeOn\",\"isPartOf\":{\"@id\":\"https:\/\/verdadeon.com.br\/portal\/#website\"},\"primaryImageOfPage\":{\"@id\":\"https:\/\/verdadeon.com.br\/portal\/2020\/10\/23\/oitavas-da-libertadores-tera-confrontos-entre-brasil-e-argentina\/#primaryimage\"},\"image\":{\"@id\":\"https:\/\/verdadeon.com.br\/portal\/2020\/10\/23\/oitavas-da-libertadores-tera-confrontos-entre-brasil-e-argentina\/#primaryimage\"},\"thumbnailUrl\":\"https:\/\/i0.wp.com\/verdadeon.com.br\/portal\/wp-content\/uploads\/2020\/10\/twitter_conmebol_libertadores_15092000347.jpg?fit=1000%2C670&ssl=1\",\"datePublished\":\"2020-10-24T01:06:34+00:00\",\"author\":{\"@id\":\"https:\/\/verdadeon.com.br\/portal\/#\/schema\/person\/a5060ad1e9ea3df545188fc93ce43d2f\"},\"breadcrumb\":{\"@id\":\"https:\/\/verdadeon.com.br\/portal\/2020\/10\/23\/oitavas-da-libertadores-tera-confrontos-entre-brasil-e-argentina\/#breadcrumb\"},\"inLanguage\":\"pt-BR\",\"potentialAction\":[{\"@type\":\"ReadAction\",\"target\":[\"https:\/\/verdadeon.com.br\/portal\/2020\/10\/23\/oitavas-da-libertadores-tera-confrontos-entre-brasil-e-argentina\/\"]}]},{\"@type\":\"ImageObject\",\"inLanguage\":\"pt-BR\",\"@id\":\"https:\/\/verdadeon.com.br\/portal\/2020\/10\/23\/oitavas-da-libertadores-tera-confrontos-entre-brasil-e-argentina\/#primaryimage\",\"url\":\"https:\/\/i0.wp.com\/verdadeon.com.br\/portal\/wp-content\/uploads\/2020\/10\/twitter_conmebol_libertadores_15092000347.jpg?fit=1000%2C670&ssl=1\",\"contentUrl\":\"https:\/\/i0.wp.com\/verdadeon.com.br\/portal\/wp-content\/uploads\/2020\/10\/twitter_conmebol_libertadores_15092000347.jpg?fit=1000%2C670&ssl=1\",\"width\":1000,\"height\":670,\"caption\":\"Ta\u00e7a Libertadores CONMEBOL\"},{\"@type\":\"BreadcrumbList\",\"@id\":\"https:\/\/verdadeon.com.br\/portal\/2020\/10\/23\/oitavas-da-libertadores-tera-confrontos-entre-brasil-e-argentina\/#breadcrumb\",\"itemListElement\":[{\"@type\":\"ListItem\",\"position\":1,\"name\":\"In\u00edcio\",\"item\":\"https:\/\/verdadeon.com.br\/portal\/\"},{\"@type\":\"ListItem\",\"position\":2,\"name\":\"Oitavas da Libertadores\u00a0ter\u00e1 confrontos entre Brasil e Argentina\"}]},{\"@type\":\"WebSite\",\"@id\":\"https:\/\/verdadeon.com.br\/portal\/#website\",\"url\":\"https:\/\/verdadeon.com.br\/portal\/\",\"name\":\"VerdadeOn\",\"description\":\"Not\u00edcias di\u00e1rias sobre Franca, Regi\u00e3o, Esporte, Cultura, Cotidiano, Colunas. Cobertura nos principais eventos da cidade \u00e9 aqui - Verdadeon Franca\",\"potentialAction\":[{\"@type\":\"SearchAction\",\"target\":{\"@type\":\"EntryPoint\",\"urlTemplate\":\"https:\/\/verdadeon.com.br\/portal\/?s={search_term_string}\"},\"query-input\":{\"@type\":\"PropertyValueSpecification\",\"valueRequired\":true,\"valueName\":\"search_term_string\"}}],\"inLanguage\":\"pt-BR\"},{\"@type\":\"Person\",\"@id\":\"https:\/\/verdadeon.com.br\/portal\/#\/schema\/person\/a5060ad1e9ea3df545188fc93ce43d2f\",\"name\":\"Redacao VerdadeOn\",\"image\":{\"@type\":\"ImageObject\",\"inLanguage\":\"pt-BR\",\"@id\":\"https:\/\/verdadeon.com.br\/portal\/#\/schema\/person\/image\/\",\"url\":\"https:\/\/secure.gravatar.com\/avatar\/459a9613caaaf07f582c3d0841eea68bdd66f533e465e6ba8b9cb45619572cf4?s=96&d=mm&r=g\",\"contentUrl\":\"https:\/\/secure.gravatar.com\/avatar\/459a9613caaaf07f582c3d0841eea68bdd66f533e465e6ba8b9cb45619572cf4?s=96&d=mm&r=g\",\"caption\":\"Redacao VerdadeOn\"},\"url\":\"https:\/\/verdadeon.com.br\/portal\/author\/redacao\/\"}]}<\/script>\n<!-- \/ Yoast SEO plugin. -->","yoast_head_json":{"title":"Oitavas da Libertadores\u00a0ter\u00e1 confrontos entre Brasil e Argentina - VerdadeOn","robots":{"index":"index","follow":"follow","max-snippet":"max-snippet:-1","max-image-preview":"max-image-preview:large","max-video-preview":"max-video-preview:-1"},"canonical":"https:\/\/verdadeon.com.br\/portal\/2020\/10\/23\/oitavas-da-libertadores-tera-confrontos-entre-brasil-e-argentina\/","og_locale":"pt_BR","og_type":"article","og_title":"Oitavas da Libertadores\u00a0ter\u00e1 confrontos entre Brasil e Argentina - VerdadeOn","og_description":"Tr\u00eas dos seis clubes brasileiros fazem duelos com equipes hermanas Lincoln Chaves &#8211; Rep\u00f3rter da TV Brasil e R\u00e1dio Nacional &#8211; S\u00e3o Paulo Tr\u00eas dos seis [\u2026]","og_url":"https:\/\/verdadeon.com.br\/portal\/2020\/10\/23\/oitavas-da-libertadores-tera-confrontos-entre-brasil-e-argentina\/","og_site_name":"VerdadeOn","article_published_time":"2020-10-24T01:06:34+00:00","og_image":[{"width":1000,"height":670,"url":"https:\/\/verdadeon.com.br\/portal\/wp-content\/uploads\/2020\/10\/twitter_conmebol_libertadores_15092000347.jpg","type":"image\/jpeg"}],"author":"Redacao VerdadeOn","twitter_card":"summary_large_image","twitter_misc":{"Escrito por":"Redacao VerdadeOn","Est. tempo de leitura":"2 minutos"},"schema":{"@context":"https:\/\/schema.org","@graph":[{"@type":"WebPage","@id":"https:\/\/verdadeon.com.br\/portal\/2020\/10\/23\/oitavas-da-libertadores-tera-confrontos-entre-brasil-e-argentina\/","url":"https:\/\/verdadeon.com.br\/portal\/2020\/10\/23\/oitavas-da-libertadores-tera-confrontos-entre-brasil-e-argentina\/","name":"Oitavas da Libertadores\u00a0ter\u00e1 confrontos entre Brasil e Argentina - VerdadeOn","isPartOf":{"@id":"https:\/\/verdadeon.com.br\/portal\/#website"},"primaryImageOfPage":{"@id":"https:\/\/verdadeon.com.br\/portal\/2020\/10\/23\/oitavas-da-libertadores-tera-confrontos-entre-brasil-e-argentina\/#primaryimage"},"image":{"@id":"https:\/\/verdadeon.com.br\/portal\/2020\/10\/23\/oitavas-da-libertadores-tera-confrontos-entre-brasil-e-argentina\/#primaryimage"},"thumbnailUrl":"https:\/\/i0.wp.com\/verdadeon.com.br\/portal\/wp-content\/uploads\/2020\/10\/twitter_conmebol_libertadores_15092000347.jpg?fit=1000%2C670&ssl=1","datePublished":"2020-10-24T01:06:34+00:00","author":{"@id":"https:\/\/verdadeon.com.br\/portal\/#\/schema\/person\/a5060ad1e9ea3df545188fc93ce43d2f"},"breadcrumb":{"@id":"https:\/\/verdadeon.com.br\/portal\/2020\/10\/23\/oitavas-da-libertadores-tera-confrontos-entre-brasil-e-argentina\/#breadcrumb"},"inLanguage":"pt-BR","potentialAction":[{"@type":"ReadAction","target":["https:\/\/verdadeon.com.br\/portal\/2020\/10\/23\/oitavas-da-libertadores-tera-confrontos-entre-brasil-e-argentina\/"]}]},{"@type":"ImageObject","inLanguage":"pt-BR","@id":"https:\/\/verdadeon.com.br\/portal\/2020\/10\/23\/oitavas-da-libertadores-tera-confrontos-entre-brasil-e-argentina\/#primaryimage","url":"https:\/\/i0.wp.com\/verdadeon.com.br\/portal\/wp-content\/uploads\/2020\/10\/twitter_conmebol_libertadores_15092000347.jpg?fit=1000%2C670&ssl=1","contentUrl":"https:\/\/i0.wp.com\/verdadeon.com.br\/portal\/wp-content\/uploads\/2020\/10\/twitter_conmebol_libertadores_15092000347.jpg?fit=1000%2C670&ssl=1","width":1000,"height":670,"caption":"Ta\u00e7a Libertadores CONMEBOL"},{"@type":"BreadcrumbList","@id":"https:\/\/verdadeon.com.br\/portal\/2020\/10\/23\/oitavas-da-libertadores-tera-confrontos-entre-brasil-e-argentina\/#breadcrumb","itemListElement":[{"@type":"ListItem","position":1,"name":"In\u00edcio","item":"https:\/\/verdadeon.com.br\/portal\/"},{"@type":"ListItem","position":2,"name":"Oitavas da Libertadores\u00a0ter\u00e1 confrontos entre Brasil e Argentina"}]},{"@type":"WebSite","@id":"https:\/\/verdadeon.com.br\/portal\/#website","url":"https:\/\/verdadeon.com.br\/portal\/","name":"VerdadeOn","description":"Not\u00edcias di\u00e1rias sobre Franca, Regi\u00e3o, Esporte, Cultura, Cotidiano, Colunas. Cobertura nos principais eventos da cidade \u00e9 aqui - Verdadeon Franca","potentialAction":[{"@type":"SearchAction","target":{"@type":"EntryPoint","urlTemplate":"https:\/\/verdadeon.com.br\/portal\/?s={search_term_string}"},"query-input":{"@type":"PropertyValueSpecification","valueRequired":true,"valueName":"search_term_string"}}],"inLanguage":"pt-BR"},{"@type":"Person","@id":"https:\/\/verdadeon.com.br\/portal\/#\/schema\/person\/a5060ad1e9ea3df545188fc93ce43d2f","name":"Redacao VerdadeOn","image":{"@type":"ImageObject","inLanguage":"pt-BR","@id":"https:\/\/verdadeon.com.br\/portal\/#\/schema\/person\/image\/","url":"https:\/\/secure.gravatar.com\/avatar\/459a9613caaaf07f582c3d0841eea68bdd66f533e465e6ba8b9cb45619572cf4?s=96&d=mm&r=g","contentUrl":"https:\/\/secure.gravatar.com\/avatar\/459a9613caaaf07f582c3d0841eea68bdd66f533e465e6ba8b9cb45619572cf4?s=96&d=mm&r=g","caption":"Redacao VerdadeOn"},"url":"https:\/\/verdadeon.com.br\/portal\/author\/redacao\/"}]}},"jetpack_publicize_connections":[],"jetpack_featured_media_url":"https:\/\/i0.wp.com\/verdadeon.com.br\/portal\/wp-content\/uploads\/2020\/10\/twitter_conmebol_libertadores_15092000347.jpg?fit=1000%2C670&ssl=1","jetpack_sharing_enabled":true,"_links":{"self":[{"href":"https:\/\/verdadeon.com.br\/portal\/wp-json\/wp\/v2\/posts\/11380","targetHints":{"allow":["GET"]}}],"collection":[{"href":"https:\/\/verdadeon.com.br\/portal\/wp-json\/wp\/v2\/posts"}],"about":[{"href":"https:\/\/verdadeon.com.br\/portal\/wp-json\/wp\/v2\/types\/post"}],"author":[{"embeddable":true,"href":"https:\/\/verdadeon.com.br\/portal\/wp-json\/wp\/v2\/users\/10"}],"replies":[{"embeddable":true,"href":"https:\/\/verdadeon.com.br\/portal\/wp-json\/wp\/v2\/comments?post=11380"}],"version-history":[{"count":0,"href":"https:\/\/verdadeon.com.br\/portal\/wp-json\/wp\/v2\/posts\/11380\/revisions"}],"wp:featuredmedia":[{"embeddable":true,"href":"https:\/\/verdadeon.com.br\/portal\/wp-json\/wp\/v2\/media\/11385"}],"wp:attachment":[{"href":"https:\/\/verdadeon.com.br\/portal\/wp-json\/wp\/v2\/media?parent=11380"}],"wp:term":[{"taxonomy":"category","embeddable":true,"href":"https:\/\/verdadeon.com.br\/portal\/wp-json\/wp\/v2\/categories?post=11380"},{"taxonomy":"post_tag","embeddable":true,"href":"https:\/\/verdadeon.com.br\/portal\/wp-json\/wp\/v2\/tags?post=11380"}],"curies":[{"name":"wp","href":"https:\/\/api.w.org\/{rel}","templated":true}]}}