{"id":11375,"date":"2020-10-24T07:00:48","date_gmt":"2020-10-24T10:00:48","guid":{"rendered":"http:\/\/verdadeon.com.br\/portal\/?p=11375"},"modified":"2020-10-23T20:51:47","modified_gmt":"2020-10-23T23:51:47","slug":"e-entao-o-que-mudou","status":"publish","type":"post","link":"https:\/\/verdadeon.com.br\/portal\/2020\/10\/24\/e-entao-o-que-mudou\/","title":{"rendered":"E ent\u00e3o, o que mudou?"},"content":{"rendered":"<p>A palavra mudan\u00e7a, na maioria das vezes, gera uma certa ansiedade. Independente de qual seja a origem ou necessidade, sair do status incomoda. Mudar faz parte da vida, nos deitamos em um dia e, no outro, quando acordamos, j\u00e1 estamos diferentes. De maneira menos filos\u00f3fica, mudamos de roupa, casa, carro, carreira e at\u00e9 de opini\u00e3o.<\/p>\n<p>Nos \u00faltimos meses, houve muitas mudan\u00e7as de rotina, h\u00e1bitos e forma de se relacionar com o consumo. Sa\u00edmos dos escrit\u00f3rios para o home office, das aulas presenciais para o EAD (Ensino a Dist\u00e2ncia), das frequentes reuni\u00f5es para as videoconfer\u00eancias, do consumo f\u00edsico para o virtual. At\u00e9 a nossa vida social est\u00e1 diferente: com as lives assistimos a shows e palestras, fazemos cursos, nos encontramos com amigos e familiares e compramos de tudo, no mesmo espa\u00e7o, as nossas casas.<\/p>\n<p>As mudan\u00e7as podem ser motivadas por necessidades particulares ou impostas por cen\u00e1rios diversos. Neste segundo caso, nos pegando de surpresa e com maior impacto e traumas.<\/p>\n<p>Ao t\u00e9rmino da Guerra Fria, na d\u00e9cada de 90, foi criado um termo para descrever o momento do p\u00f3s-guerra: VUCA (originado pelo acr\u00f4nimo das palavras em ingl\u00eas Volatility, Uncertainty, Complexity e Ambiguity), que em portugu\u00eas significa Volatilidade, Incerteza, Complexidade e Ambiguidade, respectivamente.<\/p>\n<p>No meio corporativo, sobretudo com a era digital, esse termo volta a ficar em alta, ganhando destaque no momento p\u00f3s-pandemia. Como lidar com tantas mudan\u00e7as \u00e9 o nosso maior desafio. \u00c9 preciso enfrentar o inesperado, compreender as mudan\u00e7as comportamentais, n\u00e3o apenas as nossas, mas das pessoas \u00e0 nossa volta, sem perder o equil\u00edbrio, e estar pronto para as tomadas de decis\u00e3o.<\/p>\n<p>Levando para o meio empresarial, onde aprendemos com o passado, vivemos intensamente o presente e olhamos o tempo inteiro para o futuro, o mundo VUCA se torna ainda mais desafiador. Por isso a necessidade de conhecer bem cada um desses termos e pensar em estrat\u00e9gias que nos ajudem a mitigar seus impactos.<\/p>\n<p>&nbsp;<\/p>\n<p><strong>Volatilidade <\/strong>\u2013 As mudan\u00e7as acontecem com mais frequ\u00eancia e em maior quantidade, desafiando a capacidade das empresas de acompanhar o mercado com a devida agilidade.<\/p>\n<p>&nbsp;<\/p>\n<p><strong>Incerteza<\/strong> \u2013 Cada vez menos os comportamentos se repetem, mascarando constantemente as estat\u00edsticas, indicadores de an\u00e1lises e comparativos, ou seja, dificultando para os gestores sua utiliza\u00e7\u00e3o na previs\u00e3o de cen\u00e1rios e proje\u00e7\u00f5es futuras. Lidar com o imprevis\u00edvel n\u00e3o \u00e9 tarefa f\u00e1cil.<\/p>\n<p>&nbsp;<\/p>\n<p><strong>Complexidade<\/strong> \u2013 Nada mais \u00e9 t\u00e3o simples. Tudo e todos est\u00e3o conectados, como dizem por a\u00ed, tudo junto e misturado. Consumidores omnichannel (integrados em v\u00e1rios canais de venda) exigindo o emprego de muita energia para gerar a\u00e7\u00f5es e resultados em ambientes t\u00e3o complexos e cheios de vari\u00e1veis.<\/p>\n<p>&nbsp;<\/p>\n<p><strong>Ambiguidade<\/strong> \u2013 Nada \u00e9 concreto e quase tudo \u00e9 incerto. Muito mais feeling e pr\u00e1tica do que teoria. Em resumo, interpreta\u00e7\u00f5es subjetivas prejudicando a assertividade em propostas de solu\u00e7\u00f5es.<\/p>\n<p>&nbsp;<\/p>\n<p>A boa not\u00edcia \u00e9 que, ainda assim, \u00e9 poss\u00edvel fazer gest\u00e3o. E a pergunta-chave no planejamento estrat\u00e9gico n\u00e3o \u00e9 \u201cse\u201d vamos passar por mudan\u00e7as e sim \u201cquando\u201d vamos, independente de quanto tempo sua empresa est\u00e1 no mercado, seu porte ou \u00e1rea de atua\u00e7\u00e3o.<\/p>\n<p>Portanto, esteja preparado para lidar com mudan\u00e7as de forma \u00e1gil e resiliente, mas sem teimosia <em>(leia meu artigo na edi\u00e7\u00e3o de 19 de setembro)<\/em>. Com muito foco e disciplina, sem perder a flexibilidade e, por \u00faltimo, mas n\u00e3o menos importante: fa\u00e7a uma gest\u00e3o eficiente, baseada em um bom planejamento estrat\u00e9gico, com matrizes de governan\u00e7a e apoio de m\u00e9tricas e indicadores.<\/p>\n<p>&nbsp;<\/p>\n<p><strong>Jean Dunkl<\/strong><\/p>\n<p>@jeandunkl<\/p>\n<p>CEO da CPD Consultoria, consultor especialista em Gest\u00e3o Estrat\u00e9gica de Neg\u00f3cios e gestor da Impera (Incubadora de Empresas de Base Tecnol\u00f3gica de Franca)<\/p>\n","protected":false},"excerpt":{"rendered":"<p>A palavra mudan\u00e7a, na maioria das vezes, gera uma certa ansiedade. Independente de qual seja a origem ou necessidade, sair do status incomoda. Mudar faz parte<span class=\"excerpt-hellip\"> [\u2026]<\/span><\/p>\n","protected":false},"author":10,"featured_media":0,"comment_status":"open","ping_status":"open","sticky":false,"template":"","format":"standard","meta":{"_jetpack_memberships_contains_paid_content":false,"footnotes":"","jetpack_publicize_message":"","jetpack_publicize_feature_enabled":true,"jetpack_social_post_already_shared":false,"jetpack_social_options":{"image_generator_settings":{"template":"highway","default_image_id":0,"enabled":false},"version":2}},"categories":[92],"tags":[],"class_list":["post-11375","post","type-post","status-publish","format-standard","hentry","category-colunista"],"yoast_head":"<!-- This site is optimized with the Yoast SEO plugin v25.6 - https:\/\/yoast.com\/wordpress\/plugins\/seo\/ -->\n<title>E ent\u00e3o, o que mudou? - VerdadeOn<\/title>\n<meta name=\"robots\" content=\"index, follow, max-snippet:-1, max-image-preview:large, max-video-preview:-1\" \/>\n<link rel=\"canonical\" href=\"https:\/\/verdadeon.com.br\/portal\/2020\/10\/24\/e-entao-o-que-mudou\/\" \/>\n<meta property=\"og:locale\" content=\"pt_BR\" \/>\n<meta property=\"og:type\" content=\"article\" \/>\n<meta property=\"og:title\" content=\"E ent\u00e3o, o que mudou? - VerdadeOn\" \/>\n<meta property=\"og:description\" content=\"A palavra mudan\u00e7a, na maioria das vezes, gera uma certa ansiedade. Independente de qual seja a origem ou necessidade, sair do status incomoda. Mudar faz parte [\u2026]\" \/>\n<meta property=\"og:url\" content=\"https:\/\/verdadeon.com.br\/portal\/2020\/10\/24\/e-entao-o-que-mudou\/\" \/>\n<meta property=\"og:site_name\" content=\"VerdadeOn\" \/>\n<meta property=\"article:published_time\" content=\"2020-10-24T10:00:48+00:00\" \/>\n<meta name=\"author\" content=\"Redacao VerdadeOn\" \/>\n<meta name=\"twitter:card\" content=\"summary_large_image\" \/>\n<meta name=\"twitter:label1\" content=\"Escrito por\" \/>\n\t<meta name=\"twitter:data1\" content=\"Redacao VerdadeOn\" \/>\n\t<meta name=\"twitter:label2\" content=\"Est. tempo de leitura\" \/>\n\t<meta name=\"twitter:data2\" content=\"3 minutos\" \/>\n<script type=\"application\/ld+json\" class=\"yoast-schema-graph\">{\"@context\":\"https:\/\/schema.org\",\"@graph\":[{\"@type\":\"WebPage\",\"@id\":\"https:\/\/verdadeon.com.br\/portal\/2020\/10\/24\/e-entao-o-que-mudou\/\",\"url\":\"https:\/\/verdadeon.com.br\/portal\/2020\/10\/24\/e-entao-o-que-mudou\/\",\"name\":\"E ent\u00e3o, o que mudou? - VerdadeOn\",\"isPartOf\":{\"@id\":\"https:\/\/verdadeon.com.br\/portal\/#website\"},\"datePublished\":\"2020-10-24T10:00:48+00:00\",\"author\":{\"@id\":\"https:\/\/verdadeon.com.br\/portal\/#\/schema\/person\/a5060ad1e9ea3df545188fc93ce43d2f\"},\"breadcrumb\":{\"@id\":\"https:\/\/verdadeon.com.br\/portal\/2020\/10\/24\/e-entao-o-que-mudou\/#breadcrumb\"},\"inLanguage\":\"pt-BR\",\"potentialAction\":[{\"@type\":\"ReadAction\",\"target\":[\"https:\/\/verdadeon.com.br\/portal\/2020\/10\/24\/e-entao-o-que-mudou\/\"]}]},{\"@type\":\"BreadcrumbList\",\"@id\":\"https:\/\/verdadeon.com.br\/portal\/2020\/10\/24\/e-entao-o-que-mudou\/#breadcrumb\",\"itemListElement\":[{\"@type\":\"ListItem\",\"position\":1,\"name\":\"In\u00edcio\",\"item\":\"https:\/\/verdadeon.com.br\/portal\/\"},{\"@type\":\"ListItem\",\"position\":2,\"name\":\"E ent\u00e3o, o que mudou?\"}]},{\"@type\":\"WebSite\",\"@id\":\"https:\/\/verdadeon.com.br\/portal\/#website\",\"url\":\"https:\/\/verdadeon.com.br\/portal\/\",\"name\":\"VerdadeOn\",\"description\":\"Not\u00edcias di\u00e1rias sobre Franca, Regi\u00e3o, Esporte, Cultura, Cotidiano, Colunas. Cobertura nos principais eventos da cidade \u00e9 aqui - Verdadeon Franca\",\"potentialAction\":[{\"@type\":\"SearchAction\",\"target\":{\"@type\":\"EntryPoint\",\"urlTemplate\":\"https:\/\/verdadeon.com.br\/portal\/?s={search_term_string}\"},\"query-input\":{\"@type\":\"PropertyValueSpecification\",\"valueRequired\":true,\"valueName\":\"search_term_string\"}}],\"inLanguage\":\"pt-BR\"},{\"@type\":\"Person\",\"@id\":\"https:\/\/verdadeon.com.br\/portal\/#\/schema\/person\/a5060ad1e9ea3df545188fc93ce43d2f\",\"name\":\"Redacao VerdadeOn\",\"image\":{\"@type\":\"ImageObject\",\"inLanguage\":\"pt-BR\",\"@id\":\"https:\/\/verdadeon.com.br\/portal\/#\/schema\/person\/image\/\",\"url\":\"https:\/\/secure.gravatar.com\/avatar\/459a9613caaaf07f582c3d0841eea68bdd66f533e465e6ba8b9cb45619572cf4?s=96&d=mm&r=g\",\"contentUrl\":\"https:\/\/secure.gravatar.com\/avatar\/459a9613caaaf07f582c3d0841eea68bdd66f533e465e6ba8b9cb45619572cf4?s=96&d=mm&r=g\",\"caption\":\"Redacao VerdadeOn\"},\"url\":\"https:\/\/verdadeon.com.br\/portal\/author\/redacao\/\"}]}<\/script>\n<!-- \/ Yoast SEO plugin. -->","yoast_head_json":{"title":"E ent\u00e3o, o que mudou? - VerdadeOn","robots":{"index":"index","follow":"follow","max-snippet":"max-snippet:-1","max-image-preview":"max-image-preview:large","max-video-preview":"max-video-preview:-1"},"canonical":"https:\/\/verdadeon.com.br\/portal\/2020\/10\/24\/e-entao-o-que-mudou\/","og_locale":"pt_BR","og_type":"article","og_title":"E ent\u00e3o, o que mudou? - VerdadeOn","og_description":"A palavra mudan\u00e7a, na maioria das vezes, gera uma certa ansiedade. Independente de qual seja a origem ou necessidade, sair do status incomoda. Mudar faz parte [\u2026]","og_url":"https:\/\/verdadeon.com.br\/portal\/2020\/10\/24\/e-entao-o-que-mudou\/","og_site_name":"VerdadeOn","article_published_time":"2020-10-24T10:00:48+00:00","author":"Redacao VerdadeOn","twitter_card":"summary_large_image","twitter_misc":{"Escrito por":"Redacao VerdadeOn","Est. tempo de leitura":"3 minutos"},"schema":{"@context":"https:\/\/schema.org","@graph":[{"@type":"WebPage","@id":"https:\/\/verdadeon.com.br\/portal\/2020\/10\/24\/e-entao-o-que-mudou\/","url":"https:\/\/verdadeon.com.br\/portal\/2020\/10\/24\/e-entao-o-que-mudou\/","name":"E ent\u00e3o, o que mudou? - VerdadeOn","isPartOf":{"@id":"https:\/\/verdadeon.com.br\/portal\/#website"},"datePublished":"2020-10-24T10:00:48+00:00","author":{"@id":"https:\/\/verdadeon.com.br\/portal\/#\/schema\/person\/a5060ad1e9ea3df545188fc93ce43d2f"},"breadcrumb":{"@id":"https:\/\/verdadeon.com.br\/portal\/2020\/10\/24\/e-entao-o-que-mudou\/#breadcrumb"},"inLanguage":"pt-BR","potentialAction":[{"@type":"ReadAction","target":["https:\/\/verdadeon.com.br\/portal\/2020\/10\/24\/e-entao-o-que-mudou\/"]}]},{"@type":"BreadcrumbList","@id":"https:\/\/verdadeon.com.br\/portal\/2020\/10\/24\/e-entao-o-que-mudou\/#breadcrumb","itemListElement":[{"@type":"ListItem","position":1,"name":"In\u00edcio","item":"https:\/\/verdadeon.com.br\/portal\/"},{"@type":"ListItem","position":2,"name":"E ent\u00e3o, o que mudou?"}]},{"@type":"WebSite","@id":"https:\/\/verdadeon.com.br\/portal\/#website","url":"https:\/\/verdadeon.com.br\/portal\/","name":"VerdadeOn","description":"Not\u00edcias di\u00e1rias sobre Franca, Regi\u00e3o, Esporte, Cultura, Cotidiano, Colunas. Cobertura nos principais eventos da cidade \u00e9 aqui - Verdadeon Franca","potentialAction":[{"@type":"SearchAction","target":{"@type":"EntryPoint","urlTemplate":"https:\/\/verdadeon.com.br\/portal\/?s={search_term_string}"},"query-input":{"@type":"PropertyValueSpecification","valueRequired":true,"valueName":"search_term_string"}}],"inLanguage":"pt-BR"},{"@type":"Person","@id":"https:\/\/verdadeon.com.br\/portal\/#\/schema\/person\/a5060ad1e9ea3df545188fc93ce43d2f","name":"Redacao VerdadeOn","image":{"@type":"ImageObject","inLanguage":"pt-BR","@id":"https:\/\/verdadeon.com.br\/portal\/#\/schema\/person\/image\/","url":"https:\/\/secure.gravatar.com\/avatar\/459a9613caaaf07f582c3d0841eea68bdd66f533e465e6ba8b9cb45619572cf4?s=96&d=mm&r=g","contentUrl":"https:\/\/secure.gravatar.com\/avatar\/459a9613caaaf07f582c3d0841eea68bdd66f533e465e6ba8b9cb45619572cf4?s=96&d=mm&r=g","caption":"Redacao VerdadeOn"},"url":"https:\/\/verdadeon.com.br\/portal\/author\/redacao\/"}]}},"jetpack_publicize_connections":[],"jetpack_featured_media_url":"","jetpack_sharing_enabled":true,"_links":{"self":[{"href":"https:\/\/verdadeon.com.br\/portal\/wp-json\/wp\/v2\/posts\/11375","targetHints":{"allow":["GET"]}}],"collection":[{"href":"https:\/\/verdadeon.com.br\/portal\/wp-json\/wp\/v2\/posts"}],"about":[{"href":"https:\/\/verdadeon.com.br\/portal\/wp-json\/wp\/v2\/types\/post"}],"author":[{"embeddable":true,"href":"https:\/\/verdadeon.com.br\/portal\/wp-json\/wp\/v2\/users\/10"}],"replies":[{"embeddable":true,"href":"https:\/\/verdadeon.com.br\/portal\/wp-json\/wp\/v2\/comments?post=11375"}],"version-history":[{"count":0,"href":"https:\/\/verdadeon.com.br\/portal\/wp-json\/wp\/v2\/posts\/11375\/revisions"}],"wp:attachment":[{"href":"https:\/\/verdadeon.com.br\/portal\/wp-json\/wp\/v2\/media?parent=11375"}],"wp:term":[{"taxonomy":"category","embeddable":true,"href":"https:\/\/verdadeon.com.br\/portal\/wp-json\/wp\/v2\/categories?post=11375"},{"taxonomy":"post_tag","embeddable":true,"href":"https:\/\/verdadeon.com.br\/portal\/wp-json\/wp\/v2\/tags?post=11375"}],"curies":[{"name":"wp","href":"https:\/\/api.w.org\/{rel}","templated":true}]}}