{"id":11199,"date":"2020-10-15T20:47:18","date_gmt":"2020-10-15T23:47:18","guid":{"rendered":"http:\/\/verdadeon.com.br\/portal\/?p=11199"},"modified":"2020-10-15T23:19:52","modified_gmt":"2020-10-16T02:19:52","slug":"hapvida-participa-de-painel-e-recebe-reconhecimento-no-7o-premio-conarec","status":"publish","type":"post","link":"https:\/\/verdadeon.com.br\/portal\/2020\/10\/15\/hapvida-participa-de-painel-e-recebe-reconhecimento-no-7o-premio-conarec\/","title":{"rendered":"Hapvida participa de painel e recebe reconhecimento no 7\u00ba Pr\u00eamio CONAREC"},"content":{"rendered":"<h2 style=\"font-weight: 400;\"><em>Evento virtual contou com a participa\u00e7\u00e3o da empresa na mesa em discuss\u00e3o sobre transforma\u00e7\u00f5es para vencer a crise; Sistema Hapvida recebe t\u00edtulo de Lideran\u00e7a, na categoria Sa\u00fade<\/em><\/h2>\n<p>&nbsp;<\/p>\n<div id=\"attachment_11208\" style=\"width: 1010px\" class=\"wp-caption alignnone\"><img data-recalc-dims=\"1\" loading=\"lazy\" decoding=\"async\" aria-describedby=\"caption-attachment-11208\" class=\"wp-image-11208 size-full\" src=\"https:\/\/i0.wp.com\/verdadeon.com.br\/portal\/wp-content\/uploads\/2020\/10\/Candido-Ju%CC%81nior-vice-presidente-comercial-e-de-relacionamento-do-Sistema-Hapvida.jpeg?resize=1000%2C670\" alt=\"\" width=\"1000\" height=\"670\" srcset=\"https:\/\/i0.wp.com\/verdadeon.com.br\/portal\/wp-content\/uploads\/2020\/10\/Candido-Ju%CC%81nior-vice-presidente-comercial-e-de-relacionamento-do-Sistema-Hapvida.jpeg?w=1000&amp;ssl=1 1000w, https:\/\/i0.wp.com\/verdadeon.com.br\/portal\/wp-content\/uploads\/2020\/10\/Candido-Ju%CC%81nior-vice-presidente-comercial-e-de-relacionamento-do-Sistema-Hapvida.jpeg?resize=300%2C201&amp;ssl=1 300w, https:\/\/i0.wp.com\/verdadeon.com.br\/portal\/wp-content\/uploads\/2020\/10\/Candido-Ju%CC%81nior-vice-presidente-comercial-e-de-relacionamento-do-Sistema-Hapvida.jpeg?resize=768%2C515&amp;ssl=1 768w, https:\/\/i0.wp.com\/verdadeon.com.br\/portal\/wp-content\/uploads\/2020\/10\/Candido-Ju%CC%81nior-vice-presidente-comercial-e-de-relacionamento-do-Sistema-Hapvida.jpeg?resize=218%2C146&amp;ssl=1 218w, https:\/\/i0.wp.com\/verdadeon.com.br\/portal\/wp-content\/uploads\/2020\/10\/Candido-Ju%CC%81nior-vice-presidente-comercial-e-de-relacionamento-do-Sistema-Hapvida.jpeg?resize=50%2C34&amp;ssl=1 50w, https:\/\/i0.wp.com\/verdadeon.com.br\/portal\/wp-content\/uploads\/2020\/10\/Candido-Ju%CC%81nior-vice-presidente-comercial-e-de-relacionamento-do-Sistema-Hapvida.jpeg?resize=112%2C75&amp;ssl=1 112w\" sizes=\"auto, (max-width: 1000px) 100vw, 1000px\" \/><p id=\"caption-attachment-11208\" class=\"wp-caption-text\">Candido J\u00fanior, vice-presidente comercial e de relacionamento do Sistema Hapvida<\/p><\/div>\n<p>&nbsp;<\/p>\n<p style=\"font-weight: 400;\">Como a inova\u00e7\u00e3o pode transformar as empresas e ajud\u00e1-las a vencer a crise? O Sistema Hapvida, do qual o Grupo S\u00e3o Francisco faz parte, participou desse painel no \u00faltimo Pr\u00eamio Conarec, ocorrido em 8 de outubro. Por meio de videoconfer\u00eancia, o vice-presidente comercial e de relacionamento da empresa, Candido Pinheiro J\u00fanior, comentou os diferenciais do Hapvida e as medidas tomadas para driblar a crise em um segmento altamente demandado pela pandemia do novo coronav\u00edrus. \u201cApostamos fortemente na verticaliza\u00e7\u00e3o da nossa rede e em inova\u00e7\u00f5es como a telemedicina para atender os pacientes de forma segura e eficaz\u201d, explica Pinheiro Jr.<\/p>\n<p style=\"font-weight: 400;\">Al\u00e9m do vice-presidente do Hapvida, o painel contou ainda com a participa\u00e7\u00e3o de Carlos Marinelli, presidente do Grupo Fleury, de Paulo Caffarelli, presidente da Cielo, e de Fabricio Coutinho, presidente da Teleperformance Brasil. Durante a discuss\u00e3o, Candido J\u00fanior destacou os investimentos da operadora na \u00e1rea de inova\u00e7\u00e3o e de Intelig\u00eancia Artificial junto \u00e0 Maida.heath, uma das empresas do sistema que atua a partir da proposi\u00e7\u00e3o de tecnologias inovadoras. \u201cA nossa ideia foi dar um suporte a mais para os clientes e evitar a ida desnecess\u00e1ria para uma unidade hospitalar mediante a sintomas que podem ser tratados em casa. Desde abril foram realizadas mais de 140 mil teleconsultas. Diariamente, s\u00e3o feitas cerca de mil orienta\u00e7\u00f5es m\u00e9dicas por teleconsulta referentes \u00e0 Covid-19, sem nenhum custo adicional aos clientes\u201d, explicou o executivo.<\/p>\n<p style=\"font-weight: 400;\"><strong>Reconhecimento<\/strong><\/p>\n<p style=\"font-weight: 400;\">Em sua s\u00e9tima edi\u00e7\u00e3o, o Pr\u00eamio Conarec, maior reconhecimento de intelig\u00eancia relacional e engajamento entre os players do mercado de relacionamento com clientes, reconheceu Rejane Abreu, Diretora Superintendente Executiva de Atendimento e Experi\u00eancia do Cliente do Sistema Hapvida, como Lideran\u00e7a na categoria Sa\u00fade.<\/p>\n<p style=\"font-weight: 400;\">Para a executiva, a premia\u00e7\u00e3o \u00e9 fruto do empenho de todas as \u00e1reas do Sistema Hapvida e \u00e0 inova\u00e7\u00e3o utilizada para manter a excel\u00eancia no atendimento ao cliente em todas as regi\u00f5es do pa\u00eds. \u201cAgrade\u00e7o \u00e0 organiza\u00e7\u00e3o pelo reconhecimento. Principalmente nesse per\u00edodo de pandemia, tivemos que estar atentos \u00e0s mudan\u00e7as e reinventar nossa capacidade de servir para que os clientes continuassem com o atendimento de qualidade, acolhedor e eficiente\u201d, diz Rejane.<\/p>\n<p>&nbsp;<\/p>\n<p>&nbsp;<\/p>\n","protected":false},"excerpt":{"rendered":"<p>Evento virtual contou com a participa\u00e7\u00e3o da empresa na mesa em discuss\u00e3o sobre transforma\u00e7\u00f5es para vencer a crise; Sistema Hapvida recebe t\u00edtulo de Lideran\u00e7a, na categoria<span class=\"excerpt-hellip\"> [\u2026]<\/span><\/p>\n","protected":false},"author":10,"featured_media":11209,"comment_status":"open","ping_status":"open","sticky":false,"template":"","format":"standard","meta":{"_jetpack_memberships_contains_paid_content":false,"footnotes":"","jetpack_publicize_message":"","jetpack_publicize_feature_enabled":true,"jetpack_social_post_already_shared":false,"jetpack_social_options":{"image_generator_settings":{"template":"highway","default_image_id":0,"enabled":false},"version":2}},"categories":[28,81],"tags":[],"class_list":["post-11199","post","type-post","status-publish","format-standard","has-post-thumbnail","hentry","category-cotidiano","category-manchete"],"yoast_head":"<!-- This site is optimized with the Yoast SEO plugin v25.6 - https:\/\/yoast.com\/wordpress\/plugins\/seo\/ -->\n<title>Hapvida participa de painel e recebe reconhecimento no 7\u00ba Pr\u00eamio CONAREC - VerdadeOn<\/title>\n<meta name=\"robots\" content=\"index, follow, max-snippet:-1, max-image-preview:large, max-video-preview:-1\" \/>\n<link rel=\"canonical\" href=\"https:\/\/verdadeon.com.br\/portal\/2020\/10\/15\/hapvida-participa-de-painel-e-recebe-reconhecimento-no-7o-premio-conarec\/\" \/>\n<meta property=\"og:locale\" content=\"pt_BR\" \/>\n<meta property=\"og:type\" content=\"article\" \/>\n<meta property=\"og:title\" content=\"Hapvida participa de painel e recebe reconhecimento no 7\u00ba Pr\u00eamio CONAREC - VerdadeOn\" \/>\n<meta property=\"og:description\" content=\"Evento virtual contou com a participa\u00e7\u00e3o da empresa na mesa em discuss\u00e3o sobre transforma\u00e7\u00f5es para vencer a crise; Sistema Hapvida recebe t\u00edtulo de Lideran\u00e7a, na categoria [\u2026]\" \/>\n<meta property=\"og:url\" content=\"https:\/\/verdadeon.com.br\/portal\/2020\/10\/15\/hapvida-participa-de-painel-e-recebe-reconhecimento-no-7o-premio-conarec\/\" \/>\n<meta property=\"og:site_name\" content=\"VerdadeOn\" \/>\n<meta property=\"article:published_time\" content=\"2020-10-15T23:47:18+00:00\" \/>\n<meta property=\"article:modified_time\" content=\"2020-10-16T02:19:52+00:00\" \/>\n<meta property=\"og:image\" content=\"https:\/\/verdadeon.com.br\/portal\/wp-content\/uploads\/2020\/10\/Rejane-Abreu-Diretora-Superintendente-Executiva-de-Atendimento-e-Experie\u0302ncia-do-Cliente-do-Sistema-Hapvida.jpeg\" \/>\n\t<meta property=\"og:image:width\" content=\"1000\" \/>\n\t<meta property=\"og:image:height\" content=\"670\" \/>\n\t<meta property=\"og:image:type\" content=\"image\/jpeg\" \/>\n<meta name=\"author\" content=\"Redacao VerdadeOn\" \/>\n<meta name=\"twitter:card\" content=\"summary_large_image\" \/>\n<meta name=\"twitter:label1\" content=\"Escrito por\" \/>\n\t<meta name=\"twitter:data1\" content=\"Redacao VerdadeOn\" \/>\n\t<meta name=\"twitter:label2\" content=\"Est. tempo de leitura\" \/>\n\t<meta name=\"twitter:data2\" content=\"2 minutos\" \/>\n<script type=\"application\/ld+json\" class=\"yoast-schema-graph\">{\"@context\":\"https:\/\/schema.org\",\"@graph\":[{\"@type\":\"WebPage\",\"@id\":\"https:\/\/verdadeon.com.br\/portal\/2020\/10\/15\/hapvida-participa-de-painel-e-recebe-reconhecimento-no-7o-premio-conarec\/\",\"url\":\"https:\/\/verdadeon.com.br\/portal\/2020\/10\/15\/hapvida-participa-de-painel-e-recebe-reconhecimento-no-7o-premio-conarec\/\",\"name\":\"Hapvida participa de painel e recebe reconhecimento no 7\u00ba Pr\u00eamio CONAREC - VerdadeOn\",\"isPartOf\":{\"@id\":\"https:\/\/verdadeon.com.br\/portal\/#website\"},\"primaryImageOfPage\":{\"@id\":\"https:\/\/verdadeon.com.br\/portal\/2020\/10\/15\/hapvida-participa-de-painel-e-recebe-reconhecimento-no-7o-premio-conarec\/#primaryimage\"},\"image\":{\"@id\":\"https:\/\/verdadeon.com.br\/portal\/2020\/10\/15\/hapvida-participa-de-painel-e-recebe-reconhecimento-no-7o-premio-conarec\/#primaryimage\"},\"thumbnailUrl\":\"https:\/\/i0.wp.com\/verdadeon.com.br\/portal\/wp-content\/uploads\/2020\/10\/Rejane-Abreu-Diretora-Superintendente-Executiva-de-Atendimento-e-Experie%CC%82ncia-do-Cliente-do-Sistema-Hapvida.jpeg?fit=1000%2C670&ssl=1\",\"datePublished\":\"2020-10-15T23:47:18+00:00\",\"dateModified\":\"2020-10-16T02:19:52+00:00\",\"author\":{\"@id\":\"https:\/\/verdadeon.com.br\/portal\/#\/schema\/person\/a5060ad1e9ea3df545188fc93ce43d2f\"},\"breadcrumb\":{\"@id\":\"https:\/\/verdadeon.com.br\/portal\/2020\/10\/15\/hapvida-participa-de-painel-e-recebe-reconhecimento-no-7o-premio-conarec\/#breadcrumb\"},\"inLanguage\":\"pt-BR\",\"potentialAction\":[{\"@type\":\"ReadAction\",\"target\":[\"https:\/\/verdadeon.com.br\/portal\/2020\/10\/15\/hapvida-participa-de-painel-e-recebe-reconhecimento-no-7o-premio-conarec\/\"]}]},{\"@type\":\"ImageObject\",\"inLanguage\":\"pt-BR\",\"@id\":\"https:\/\/verdadeon.com.br\/portal\/2020\/10\/15\/hapvida-participa-de-painel-e-recebe-reconhecimento-no-7o-premio-conarec\/#primaryimage\",\"url\":\"https:\/\/i0.wp.com\/verdadeon.com.br\/portal\/wp-content\/uploads\/2020\/10\/Rejane-Abreu-Diretora-Superintendente-Executiva-de-Atendimento-e-Experie%CC%82ncia-do-Cliente-do-Sistema-Hapvida.jpeg?fit=1000%2C670&ssl=1\",\"contentUrl\":\"https:\/\/i0.wp.com\/verdadeon.com.br\/portal\/wp-content\/uploads\/2020\/10\/Rejane-Abreu-Diretora-Superintendente-Executiva-de-Atendimento-e-Experie%CC%82ncia-do-Cliente-do-Sistema-Hapvida.jpeg?fit=1000%2C670&ssl=1\",\"width\":1000,\"height\":670,\"caption\":\"Rejane Abreu, Diretora Superintendente Executiva de Atendimento e Experie\u0302ncia do Cliente do Sistema Hapvida\"},{\"@type\":\"BreadcrumbList\",\"@id\":\"https:\/\/verdadeon.com.br\/portal\/2020\/10\/15\/hapvida-participa-de-painel-e-recebe-reconhecimento-no-7o-premio-conarec\/#breadcrumb\",\"itemListElement\":[{\"@type\":\"ListItem\",\"position\":1,\"name\":\"In\u00edcio\",\"item\":\"https:\/\/verdadeon.com.br\/portal\/\"},{\"@type\":\"ListItem\",\"position\":2,\"name\":\"Hapvida participa de painel e recebe reconhecimento no 7\u00ba Pr\u00eamio CONAREC\"}]},{\"@type\":\"WebSite\",\"@id\":\"https:\/\/verdadeon.com.br\/portal\/#website\",\"url\":\"https:\/\/verdadeon.com.br\/portal\/\",\"name\":\"VerdadeOn\",\"description\":\"Not\u00edcias di\u00e1rias sobre Franca, Regi\u00e3o, Esporte, Cultura, Cotidiano, Colunas. Cobertura nos principais eventos da cidade \u00e9 aqui - Verdadeon Franca\",\"potentialAction\":[{\"@type\":\"SearchAction\",\"target\":{\"@type\":\"EntryPoint\",\"urlTemplate\":\"https:\/\/verdadeon.com.br\/portal\/?s={search_term_string}\"},\"query-input\":{\"@type\":\"PropertyValueSpecification\",\"valueRequired\":true,\"valueName\":\"search_term_string\"}}],\"inLanguage\":\"pt-BR\"},{\"@type\":\"Person\",\"@id\":\"https:\/\/verdadeon.com.br\/portal\/#\/schema\/person\/a5060ad1e9ea3df545188fc93ce43d2f\",\"name\":\"Redacao VerdadeOn\",\"image\":{\"@type\":\"ImageObject\",\"inLanguage\":\"pt-BR\",\"@id\":\"https:\/\/verdadeon.com.br\/portal\/#\/schema\/person\/image\/\",\"url\":\"https:\/\/secure.gravatar.com\/avatar\/459a9613caaaf07f582c3d0841eea68bdd66f533e465e6ba8b9cb45619572cf4?s=96&d=mm&r=g\",\"contentUrl\":\"https:\/\/secure.gravatar.com\/avatar\/459a9613caaaf07f582c3d0841eea68bdd66f533e465e6ba8b9cb45619572cf4?s=96&d=mm&r=g\",\"caption\":\"Redacao VerdadeOn\"},\"url\":\"https:\/\/verdadeon.com.br\/portal\/author\/redacao\/\"}]}<\/script>\n<!-- \/ Yoast SEO plugin. -->","yoast_head_json":{"title":"Hapvida participa de painel e recebe reconhecimento no 7\u00ba Pr\u00eamio CONAREC - VerdadeOn","robots":{"index":"index","follow":"follow","max-snippet":"max-snippet:-1","max-image-preview":"max-image-preview:large","max-video-preview":"max-video-preview:-1"},"canonical":"https:\/\/verdadeon.com.br\/portal\/2020\/10\/15\/hapvida-participa-de-painel-e-recebe-reconhecimento-no-7o-premio-conarec\/","og_locale":"pt_BR","og_type":"article","og_title":"Hapvida participa de painel e recebe reconhecimento no 7\u00ba Pr\u00eamio CONAREC - VerdadeOn","og_description":"Evento virtual contou com a participa\u00e7\u00e3o da empresa na mesa em discuss\u00e3o sobre transforma\u00e7\u00f5es para vencer a crise; Sistema Hapvida recebe t\u00edtulo de Lideran\u00e7a, na categoria [\u2026]","og_url":"https:\/\/verdadeon.com.br\/portal\/2020\/10\/15\/hapvida-participa-de-painel-e-recebe-reconhecimento-no-7o-premio-conarec\/","og_site_name":"VerdadeOn","article_published_time":"2020-10-15T23:47:18+00:00","article_modified_time":"2020-10-16T02:19:52+00:00","og_image":[{"width":1000,"height":670,"url":"https:\/\/verdadeon.com.br\/portal\/wp-content\/uploads\/2020\/10\/Rejane-Abreu-Diretora-Superintendente-Executiva-de-Atendimento-e-Experie\u0302ncia-do-Cliente-do-Sistema-Hapvida.jpeg","type":"image\/jpeg"}],"author":"Redacao VerdadeOn","twitter_card":"summary_large_image","twitter_misc":{"Escrito por":"Redacao VerdadeOn","Est. tempo de leitura":"2 minutos"},"schema":{"@context":"https:\/\/schema.org","@graph":[{"@type":"WebPage","@id":"https:\/\/verdadeon.com.br\/portal\/2020\/10\/15\/hapvida-participa-de-painel-e-recebe-reconhecimento-no-7o-premio-conarec\/","url":"https:\/\/verdadeon.com.br\/portal\/2020\/10\/15\/hapvida-participa-de-painel-e-recebe-reconhecimento-no-7o-premio-conarec\/","name":"Hapvida participa de painel e recebe reconhecimento no 7\u00ba Pr\u00eamio CONAREC - VerdadeOn","isPartOf":{"@id":"https:\/\/verdadeon.com.br\/portal\/#website"},"primaryImageOfPage":{"@id":"https:\/\/verdadeon.com.br\/portal\/2020\/10\/15\/hapvida-participa-de-painel-e-recebe-reconhecimento-no-7o-premio-conarec\/#primaryimage"},"image":{"@id":"https:\/\/verdadeon.com.br\/portal\/2020\/10\/15\/hapvida-participa-de-painel-e-recebe-reconhecimento-no-7o-premio-conarec\/#primaryimage"},"thumbnailUrl":"https:\/\/i0.wp.com\/verdadeon.com.br\/portal\/wp-content\/uploads\/2020\/10\/Rejane-Abreu-Diretora-Superintendente-Executiva-de-Atendimento-e-Experie%CC%82ncia-do-Cliente-do-Sistema-Hapvida.jpeg?fit=1000%2C670&ssl=1","datePublished":"2020-10-15T23:47:18+00:00","dateModified":"2020-10-16T02:19:52+00:00","author":{"@id":"https:\/\/verdadeon.com.br\/portal\/#\/schema\/person\/a5060ad1e9ea3df545188fc93ce43d2f"},"breadcrumb":{"@id":"https:\/\/verdadeon.com.br\/portal\/2020\/10\/15\/hapvida-participa-de-painel-e-recebe-reconhecimento-no-7o-premio-conarec\/#breadcrumb"},"inLanguage":"pt-BR","potentialAction":[{"@type":"ReadAction","target":["https:\/\/verdadeon.com.br\/portal\/2020\/10\/15\/hapvida-participa-de-painel-e-recebe-reconhecimento-no-7o-premio-conarec\/"]}]},{"@type":"ImageObject","inLanguage":"pt-BR","@id":"https:\/\/verdadeon.com.br\/portal\/2020\/10\/15\/hapvida-participa-de-painel-e-recebe-reconhecimento-no-7o-premio-conarec\/#primaryimage","url":"https:\/\/i0.wp.com\/verdadeon.com.br\/portal\/wp-content\/uploads\/2020\/10\/Rejane-Abreu-Diretora-Superintendente-Executiva-de-Atendimento-e-Experie%CC%82ncia-do-Cliente-do-Sistema-Hapvida.jpeg?fit=1000%2C670&ssl=1","contentUrl":"https:\/\/i0.wp.com\/verdadeon.com.br\/portal\/wp-content\/uploads\/2020\/10\/Rejane-Abreu-Diretora-Superintendente-Executiva-de-Atendimento-e-Experie%CC%82ncia-do-Cliente-do-Sistema-Hapvida.jpeg?fit=1000%2C670&ssl=1","width":1000,"height":670,"caption":"Rejane Abreu, Diretora Superintendente Executiva de Atendimento e Experie\u0302ncia do Cliente do Sistema Hapvida"},{"@type":"BreadcrumbList","@id":"https:\/\/verdadeon.com.br\/portal\/2020\/10\/15\/hapvida-participa-de-painel-e-recebe-reconhecimento-no-7o-premio-conarec\/#breadcrumb","itemListElement":[{"@type":"ListItem","position":1,"name":"In\u00edcio","item":"https:\/\/verdadeon.com.br\/portal\/"},{"@type":"ListItem","position":2,"name":"Hapvida participa de painel e recebe reconhecimento no 7\u00ba Pr\u00eamio CONAREC"}]},{"@type":"WebSite","@id":"https:\/\/verdadeon.com.br\/portal\/#website","url":"https:\/\/verdadeon.com.br\/portal\/","name":"VerdadeOn","description":"Not\u00edcias di\u00e1rias sobre Franca, Regi\u00e3o, Esporte, Cultura, Cotidiano, Colunas. Cobertura nos principais eventos da cidade \u00e9 aqui - Verdadeon Franca","potentialAction":[{"@type":"SearchAction","target":{"@type":"EntryPoint","urlTemplate":"https:\/\/verdadeon.com.br\/portal\/?s={search_term_string}"},"query-input":{"@type":"PropertyValueSpecification","valueRequired":true,"valueName":"search_term_string"}}],"inLanguage":"pt-BR"},{"@type":"Person","@id":"https:\/\/verdadeon.com.br\/portal\/#\/schema\/person\/a5060ad1e9ea3df545188fc93ce43d2f","name":"Redacao VerdadeOn","image":{"@type":"ImageObject","inLanguage":"pt-BR","@id":"https:\/\/verdadeon.com.br\/portal\/#\/schema\/person\/image\/","url":"https:\/\/secure.gravatar.com\/avatar\/459a9613caaaf07f582c3d0841eea68bdd66f533e465e6ba8b9cb45619572cf4?s=96&d=mm&r=g","contentUrl":"https:\/\/secure.gravatar.com\/avatar\/459a9613caaaf07f582c3d0841eea68bdd66f533e465e6ba8b9cb45619572cf4?s=96&d=mm&r=g","caption":"Redacao VerdadeOn"},"url":"https:\/\/verdadeon.com.br\/portal\/author\/redacao\/"}]}},"jetpack_publicize_connections":[],"jetpack_featured_media_url":"https:\/\/i0.wp.com\/verdadeon.com.br\/portal\/wp-content\/uploads\/2020\/10\/Rejane-Abreu-Diretora-Superintendente-Executiva-de-Atendimento-e-Experie%CC%82ncia-do-Cliente-do-Sistema-Hapvida.jpeg?fit=1000%2C670&ssl=1","jetpack_sharing_enabled":true,"_links":{"self":[{"href":"https:\/\/verdadeon.com.br\/portal\/wp-json\/wp\/v2\/posts\/11199","targetHints":{"allow":["GET"]}}],"collection":[{"href":"https:\/\/verdadeon.com.br\/portal\/wp-json\/wp\/v2\/posts"}],"about":[{"href":"https:\/\/verdadeon.com.br\/portal\/wp-json\/wp\/v2\/types\/post"}],"author":[{"embeddable":true,"href":"https:\/\/verdadeon.com.br\/portal\/wp-json\/wp\/v2\/users\/10"}],"replies":[{"embeddable":true,"href":"https:\/\/verdadeon.com.br\/portal\/wp-json\/wp\/v2\/comments?post=11199"}],"version-history":[{"count":0,"href":"https:\/\/verdadeon.com.br\/portal\/wp-json\/wp\/v2\/posts\/11199\/revisions"}],"wp:featuredmedia":[{"embeddable":true,"href":"https:\/\/verdadeon.com.br\/portal\/wp-json\/wp\/v2\/media\/11209"}],"wp:attachment":[{"href":"https:\/\/verdadeon.com.br\/portal\/wp-json\/wp\/v2\/media?parent=11199"}],"wp:term":[{"taxonomy":"category","embeddable":true,"href":"https:\/\/verdadeon.com.br\/portal\/wp-json\/wp\/v2\/categories?post=11199"},{"taxonomy":"post_tag","embeddable":true,"href":"https:\/\/verdadeon.com.br\/portal\/wp-json\/wp\/v2\/tags?post=11199"}],"curies":[{"name":"wp","href":"https:\/\/api.w.org\/{rel}","templated":true}]}}