{"id":11175,"date":"2020-10-15T00:06:30","date_gmt":"2020-10-15T03:06:30","guid":{"rendered":"http:\/\/verdadeon.com.br\/portal\/?p=11175"},"modified":"2020-10-15T00:06:30","modified_gmt":"2020-10-15T03:06:30","slug":"franca-tem-95-novos-casos-e-1-morte-nesta-quarta-feira","status":"publish","type":"post","link":"https:\/\/verdadeon.com.br\/portal\/2020\/10\/15\/franca-tem-95-novos-casos-e-1-morte-nesta-quarta-feira\/","title":{"rendered":"Franca tem 95 novos casos e 1 morte nesta quarta-feira"},"content":{"rendered":"<p>A Vigil\u00e2ncia Epidemiol\u00f3gica da Prefeitura de Franca informa o registro de mais 1 \u00f3bito por Covid 19 nesta quarta-feira, 14 de outubro, aumentando o n\u00famero para 164 \u00f3bitos. Trata-se de uma senhora de 90 anos, sem comorbidades.<\/p>\n<p>Relata tamb\u00e9m o aumento de mais 95 novos casos positivos, elevando o quadro de 6.988 para 7.083 casos confirmados.<\/p>\n<p>Os registros suspeitos aumentaram de 803 para 821. Os casos negativos aumentaram de 9.456 para 9.502.\u00a0 Os pacientes recuperados subiram de 2.659 para 2.728.<\/p>\n<p>O n\u00famero de leitos de Enfermaria (Cl\u00ednicos) est\u00e1 em 18 ocupados de 63 dispon\u00edveis. Dos 37 leitos de UTI SUS Adulto dispon\u00edveis, 22 est\u00e3o ocupados. Dos 05 leitos de UTI SUS Infantil dispon\u00edveis, nenhum est\u00e1 ocupado. Os leitos de UTI Particular est\u00e3o com 11 ocupados de 18 dispon\u00edveis.<\/p>\n","protected":false},"excerpt":{"rendered":"<p>A Vigil\u00e2ncia Epidemiol\u00f3gica da Prefeitura de Franca informa o registro de mais 1 \u00f3bito por Covid 19 nesta quarta-feira, 14 de outubro, aumentando o n\u00famero para<span class=\"excerpt-hellip\"> [\u2026]<\/span><\/p>\n","protected":false},"author":10,"featured_media":11179,"comment_status":"open","ping_status":"open","sticky":false,"template":"","format":"standard","meta":{"_jetpack_memberships_contains_paid_content":false,"footnotes":"","jetpack_publicize_message":"","jetpack_publicize_feature_enabled":true,"jetpack_social_post_already_shared":false,"jetpack_social_options":{"image_generator_settings":{"template":"highway","default_image_id":0,"enabled":false},"version":2}},"categories":[28,81],"tags":[],"class_list":["post-11175","post","type-post","status-publish","format-standard","has-post-thumbnail","hentry","category-cotidiano","category-manchete"],"yoast_head":"<!-- This site is optimized with the Yoast SEO plugin v25.6 - https:\/\/yoast.com\/wordpress\/plugins\/seo\/ -->\n<title>Franca tem 95 novos casos e 1 morte nesta quarta-feira - VerdadeOn<\/title>\n<meta name=\"robots\" content=\"index, follow, max-snippet:-1, max-image-preview:large, max-video-preview:-1\" \/>\n<link rel=\"canonical\" href=\"https:\/\/verdadeon.com.br\/portal\/2020\/10\/15\/franca-tem-95-novos-casos-e-1-morte-nesta-quarta-feira\/\" \/>\n<meta property=\"og:locale\" content=\"pt_BR\" \/>\n<meta property=\"og:type\" content=\"article\" \/>\n<meta property=\"og:title\" content=\"Franca tem 95 novos casos e 1 morte nesta quarta-feira - VerdadeOn\" \/>\n<meta property=\"og:description\" content=\"A Vigil\u00e2ncia Epidemiol\u00f3gica da Prefeitura de Franca informa o registro de mais 1 \u00f3bito por Covid 19 nesta quarta-feira, 14 de outubro, aumentando o n\u00famero para [\u2026]\" \/>\n<meta property=\"og:url\" content=\"https:\/\/verdadeon.com.br\/portal\/2020\/10\/15\/franca-tem-95-novos-casos-e-1-morte-nesta-quarta-feira\/\" \/>\n<meta property=\"og:site_name\" content=\"VerdadeOn\" \/>\n<meta property=\"article:published_time\" content=\"2020-10-15T03:06:30+00:00\" \/>\n<meta property=\"og:image\" content=\"https:\/\/verdadeon.com.br\/portal\/wp-content\/uploads\/2020\/10\/WhatsApp-Image-2020-10-14-at-19.44.41.jpeg\" \/>\n\t<meta property=\"og:image:width\" content=\"1000\" \/>\n\t<meta property=\"og:image:height\" content=\"670\" \/>\n\t<meta property=\"og:image:type\" content=\"image\/jpeg\" \/>\n<meta name=\"author\" content=\"Redacao VerdadeOn\" \/>\n<meta name=\"twitter:card\" content=\"summary_large_image\" \/>\n<meta name=\"twitter:label1\" content=\"Escrito por\" \/>\n\t<meta name=\"twitter:data1\" content=\"Redacao VerdadeOn\" \/>\n\t<meta name=\"twitter:label2\" content=\"Est. tempo de leitura\" \/>\n\t<meta name=\"twitter:data2\" content=\"1 minuto\" \/>\n<script type=\"application\/ld+json\" class=\"yoast-schema-graph\">{\"@context\":\"https:\/\/schema.org\",\"@graph\":[{\"@type\":\"WebPage\",\"@id\":\"https:\/\/verdadeon.com.br\/portal\/2020\/10\/15\/franca-tem-95-novos-casos-e-1-morte-nesta-quarta-feira\/\",\"url\":\"https:\/\/verdadeon.com.br\/portal\/2020\/10\/15\/franca-tem-95-novos-casos-e-1-morte-nesta-quarta-feira\/\",\"name\":\"Franca tem 95 novos casos e 1 morte nesta quarta-feira - VerdadeOn\",\"isPartOf\":{\"@id\":\"https:\/\/verdadeon.com.br\/portal\/#website\"},\"primaryImageOfPage\":{\"@id\":\"https:\/\/verdadeon.com.br\/portal\/2020\/10\/15\/franca-tem-95-novos-casos-e-1-morte-nesta-quarta-feira\/#primaryimage\"},\"image\":{\"@id\":\"https:\/\/verdadeon.com.br\/portal\/2020\/10\/15\/franca-tem-95-novos-casos-e-1-morte-nesta-quarta-feira\/#primaryimage\"},\"thumbnailUrl\":\"https:\/\/i0.wp.com\/verdadeon.com.br\/portal\/wp-content\/uploads\/2020\/10\/WhatsApp-Image-2020-10-14-at-19.44.41.jpeg?fit=1000%2C670&ssl=1\",\"datePublished\":\"2020-10-15T03:06:30+00:00\",\"author\":{\"@id\":\"https:\/\/verdadeon.com.br\/portal\/#\/schema\/person\/a5060ad1e9ea3df545188fc93ce43d2f\"},\"breadcrumb\":{\"@id\":\"https:\/\/verdadeon.com.br\/portal\/2020\/10\/15\/franca-tem-95-novos-casos-e-1-morte-nesta-quarta-feira\/#breadcrumb\"},\"inLanguage\":\"pt-BR\",\"potentialAction\":[{\"@type\":\"ReadAction\",\"target\":[\"https:\/\/verdadeon.com.br\/portal\/2020\/10\/15\/franca-tem-95-novos-casos-e-1-morte-nesta-quarta-feira\/\"]}]},{\"@type\":\"ImageObject\",\"inLanguage\":\"pt-BR\",\"@id\":\"https:\/\/verdadeon.com.br\/portal\/2020\/10\/15\/franca-tem-95-novos-casos-e-1-morte-nesta-quarta-feira\/#primaryimage\",\"url\":\"https:\/\/i0.wp.com\/verdadeon.com.br\/portal\/wp-content\/uploads\/2020\/10\/WhatsApp-Image-2020-10-14-at-19.44.41.jpeg?fit=1000%2C670&ssl=1\",\"contentUrl\":\"https:\/\/i0.wp.com\/verdadeon.com.br\/portal\/wp-content\/uploads\/2020\/10\/WhatsApp-Image-2020-10-14-at-19.44.41.jpeg?fit=1000%2C670&ssl=1\",\"width\":1000,\"height\":670},{\"@type\":\"BreadcrumbList\",\"@id\":\"https:\/\/verdadeon.com.br\/portal\/2020\/10\/15\/franca-tem-95-novos-casos-e-1-morte-nesta-quarta-feira\/#breadcrumb\",\"itemListElement\":[{\"@type\":\"ListItem\",\"position\":1,\"name\":\"In\u00edcio\",\"item\":\"https:\/\/verdadeon.com.br\/portal\/\"},{\"@type\":\"ListItem\",\"position\":2,\"name\":\"Franca tem 95 novos casos e 1 morte nesta quarta-feira\"}]},{\"@type\":\"WebSite\",\"@id\":\"https:\/\/verdadeon.com.br\/portal\/#website\",\"url\":\"https:\/\/verdadeon.com.br\/portal\/\",\"name\":\"VerdadeOn\",\"description\":\"Not\u00edcias di\u00e1rias sobre Franca, Regi\u00e3o, Esporte, Cultura, Cotidiano, Colunas. Cobertura nos principais eventos da cidade \u00e9 aqui - Verdadeon Franca\",\"potentialAction\":[{\"@type\":\"SearchAction\",\"target\":{\"@type\":\"EntryPoint\",\"urlTemplate\":\"https:\/\/verdadeon.com.br\/portal\/?s={search_term_string}\"},\"query-input\":{\"@type\":\"PropertyValueSpecification\",\"valueRequired\":true,\"valueName\":\"search_term_string\"}}],\"inLanguage\":\"pt-BR\"},{\"@type\":\"Person\",\"@id\":\"https:\/\/verdadeon.com.br\/portal\/#\/schema\/person\/a5060ad1e9ea3df545188fc93ce43d2f\",\"name\":\"Redacao VerdadeOn\",\"image\":{\"@type\":\"ImageObject\",\"inLanguage\":\"pt-BR\",\"@id\":\"https:\/\/verdadeon.com.br\/portal\/#\/schema\/person\/image\/\",\"url\":\"https:\/\/secure.gravatar.com\/avatar\/459a9613caaaf07f582c3d0841eea68bdd66f533e465e6ba8b9cb45619572cf4?s=96&d=mm&r=g\",\"contentUrl\":\"https:\/\/secure.gravatar.com\/avatar\/459a9613caaaf07f582c3d0841eea68bdd66f533e465e6ba8b9cb45619572cf4?s=96&d=mm&r=g\",\"caption\":\"Redacao VerdadeOn\"},\"url\":\"https:\/\/verdadeon.com.br\/portal\/author\/redacao\/\"}]}<\/script>\n<!-- \/ Yoast SEO plugin. -->","yoast_head_json":{"title":"Franca tem 95 novos casos e 1 morte nesta quarta-feira - VerdadeOn","robots":{"index":"index","follow":"follow","max-snippet":"max-snippet:-1","max-image-preview":"max-image-preview:large","max-video-preview":"max-video-preview:-1"},"canonical":"https:\/\/verdadeon.com.br\/portal\/2020\/10\/15\/franca-tem-95-novos-casos-e-1-morte-nesta-quarta-feira\/","og_locale":"pt_BR","og_type":"article","og_title":"Franca tem 95 novos casos e 1 morte nesta quarta-feira - VerdadeOn","og_description":"A Vigil\u00e2ncia Epidemiol\u00f3gica da Prefeitura de Franca informa o registro de mais 1 \u00f3bito por Covid 19 nesta quarta-feira, 14 de outubro, aumentando o n\u00famero para [\u2026]","og_url":"https:\/\/verdadeon.com.br\/portal\/2020\/10\/15\/franca-tem-95-novos-casos-e-1-morte-nesta-quarta-feira\/","og_site_name":"VerdadeOn","article_published_time":"2020-10-15T03:06:30+00:00","og_image":[{"width":1000,"height":670,"url":"https:\/\/verdadeon.com.br\/portal\/wp-content\/uploads\/2020\/10\/WhatsApp-Image-2020-10-14-at-19.44.41.jpeg","type":"image\/jpeg"}],"author":"Redacao VerdadeOn","twitter_card":"summary_large_image","twitter_misc":{"Escrito por":"Redacao VerdadeOn","Est. tempo de leitura":"1 minuto"},"schema":{"@context":"https:\/\/schema.org","@graph":[{"@type":"WebPage","@id":"https:\/\/verdadeon.com.br\/portal\/2020\/10\/15\/franca-tem-95-novos-casos-e-1-morte-nesta-quarta-feira\/","url":"https:\/\/verdadeon.com.br\/portal\/2020\/10\/15\/franca-tem-95-novos-casos-e-1-morte-nesta-quarta-feira\/","name":"Franca tem 95 novos casos e 1 morte nesta quarta-feira - VerdadeOn","isPartOf":{"@id":"https:\/\/verdadeon.com.br\/portal\/#website"},"primaryImageOfPage":{"@id":"https:\/\/verdadeon.com.br\/portal\/2020\/10\/15\/franca-tem-95-novos-casos-e-1-morte-nesta-quarta-feira\/#primaryimage"},"image":{"@id":"https:\/\/verdadeon.com.br\/portal\/2020\/10\/15\/franca-tem-95-novos-casos-e-1-morte-nesta-quarta-feira\/#primaryimage"},"thumbnailUrl":"https:\/\/i0.wp.com\/verdadeon.com.br\/portal\/wp-content\/uploads\/2020\/10\/WhatsApp-Image-2020-10-14-at-19.44.41.jpeg?fit=1000%2C670&ssl=1","datePublished":"2020-10-15T03:06:30+00:00","author":{"@id":"https:\/\/verdadeon.com.br\/portal\/#\/schema\/person\/a5060ad1e9ea3df545188fc93ce43d2f"},"breadcrumb":{"@id":"https:\/\/verdadeon.com.br\/portal\/2020\/10\/15\/franca-tem-95-novos-casos-e-1-morte-nesta-quarta-feira\/#breadcrumb"},"inLanguage":"pt-BR","potentialAction":[{"@type":"ReadAction","target":["https:\/\/verdadeon.com.br\/portal\/2020\/10\/15\/franca-tem-95-novos-casos-e-1-morte-nesta-quarta-feira\/"]}]},{"@type":"ImageObject","inLanguage":"pt-BR","@id":"https:\/\/verdadeon.com.br\/portal\/2020\/10\/15\/franca-tem-95-novos-casos-e-1-morte-nesta-quarta-feira\/#primaryimage","url":"https:\/\/i0.wp.com\/verdadeon.com.br\/portal\/wp-content\/uploads\/2020\/10\/WhatsApp-Image-2020-10-14-at-19.44.41.jpeg?fit=1000%2C670&ssl=1","contentUrl":"https:\/\/i0.wp.com\/verdadeon.com.br\/portal\/wp-content\/uploads\/2020\/10\/WhatsApp-Image-2020-10-14-at-19.44.41.jpeg?fit=1000%2C670&ssl=1","width":1000,"height":670},{"@type":"BreadcrumbList","@id":"https:\/\/verdadeon.com.br\/portal\/2020\/10\/15\/franca-tem-95-novos-casos-e-1-morte-nesta-quarta-feira\/#breadcrumb","itemListElement":[{"@type":"ListItem","position":1,"name":"In\u00edcio","item":"https:\/\/verdadeon.com.br\/portal\/"},{"@type":"ListItem","position":2,"name":"Franca tem 95 novos casos e 1 morte nesta quarta-feira"}]},{"@type":"WebSite","@id":"https:\/\/verdadeon.com.br\/portal\/#website","url":"https:\/\/verdadeon.com.br\/portal\/","name":"VerdadeOn","description":"Not\u00edcias di\u00e1rias sobre Franca, Regi\u00e3o, Esporte, Cultura, Cotidiano, Colunas. Cobertura nos principais eventos da cidade \u00e9 aqui - Verdadeon Franca","potentialAction":[{"@type":"SearchAction","target":{"@type":"EntryPoint","urlTemplate":"https:\/\/verdadeon.com.br\/portal\/?s={search_term_string}"},"query-input":{"@type":"PropertyValueSpecification","valueRequired":true,"valueName":"search_term_string"}}],"inLanguage":"pt-BR"},{"@type":"Person","@id":"https:\/\/verdadeon.com.br\/portal\/#\/schema\/person\/a5060ad1e9ea3df545188fc93ce43d2f","name":"Redacao VerdadeOn","image":{"@type":"ImageObject","inLanguage":"pt-BR","@id":"https:\/\/verdadeon.com.br\/portal\/#\/schema\/person\/image\/","url":"https:\/\/secure.gravatar.com\/avatar\/459a9613caaaf07f582c3d0841eea68bdd66f533e465e6ba8b9cb45619572cf4?s=96&d=mm&r=g","contentUrl":"https:\/\/secure.gravatar.com\/avatar\/459a9613caaaf07f582c3d0841eea68bdd66f533e465e6ba8b9cb45619572cf4?s=96&d=mm&r=g","caption":"Redacao VerdadeOn"},"url":"https:\/\/verdadeon.com.br\/portal\/author\/redacao\/"}]}},"jetpack_publicize_connections":[],"jetpack_featured_media_url":"https:\/\/i0.wp.com\/verdadeon.com.br\/portal\/wp-content\/uploads\/2020\/10\/WhatsApp-Image-2020-10-14-at-19.44.41.jpeg?fit=1000%2C670&ssl=1","jetpack_sharing_enabled":true,"_links":{"self":[{"href":"https:\/\/verdadeon.com.br\/portal\/wp-json\/wp\/v2\/posts\/11175","targetHints":{"allow":["GET"]}}],"collection":[{"href":"https:\/\/verdadeon.com.br\/portal\/wp-json\/wp\/v2\/posts"}],"about":[{"href":"https:\/\/verdadeon.com.br\/portal\/wp-json\/wp\/v2\/types\/post"}],"author":[{"embeddable":true,"href":"https:\/\/verdadeon.com.br\/portal\/wp-json\/wp\/v2\/users\/10"}],"replies":[{"embeddable":true,"href":"https:\/\/verdadeon.com.br\/portal\/wp-json\/wp\/v2\/comments?post=11175"}],"version-history":[{"count":0,"href":"https:\/\/verdadeon.com.br\/portal\/wp-json\/wp\/v2\/posts\/11175\/revisions"}],"wp:featuredmedia":[{"embeddable":true,"href":"https:\/\/verdadeon.com.br\/portal\/wp-json\/wp\/v2\/media\/11179"}],"wp:attachment":[{"href":"https:\/\/verdadeon.com.br\/portal\/wp-json\/wp\/v2\/media?parent=11175"}],"wp:term":[{"taxonomy":"category","embeddable":true,"href":"https:\/\/verdadeon.com.br\/portal\/wp-json\/wp\/v2\/categories?post=11175"},{"taxonomy":"post_tag","embeddable":true,"href":"https:\/\/verdadeon.com.br\/portal\/wp-json\/wp\/v2\/tags?post=11175"}],"curies":[{"name":"wp","href":"https:\/\/api.w.org\/{rel}","templated":true}]}}