{"id":11117,"date":"2020-10-10T07:00:58","date_gmt":"2020-10-10T10:00:58","guid":{"rendered":"http:\/\/verdadeon.com.br\/portal\/?p=11117"},"modified":"2020-10-09T21:03:38","modified_gmt":"2020-10-10T00:03:38","slug":"ufa-vamos-planejar-2021","status":"publish","type":"post","link":"https:\/\/verdadeon.com.br\/portal\/2020\/10\/10\/ufa-vamos-planejar-2021\/","title":{"rendered":"Ufa! Vamos planejar 2021?"},"content":{"rendered":"<p><span style=\"font-weight: 400;\">Ainda faltam menos de tr\u00eas meses para 2020 acabar, afinal, o jogo s\u00f3 acaba no \u00faltimo minuto do ano. E que ano, hein! Muitas metas e objetivos frustrados, desafios inimagin\u00e1veis e a necessidade urgente de recuperar resultados, que n\u00e3o vieram como o esperado.\u00a0<\/span><\/p>\n<p><span style=\"font-weight: 400;\">Por outro lado, j\u00e1 \u00e9 hora de pensar no pr\u00f3ximo ciclo: 2021 est\u00e1 a\u00ed, logo adiante. Geralmente, nas empresas, costumamos pensar, ao menos, para dois ou tr\u00eas anos \u00e0 frente, claro que dividindo a execu\u00e7\u00e3o do plano de a\u00e7\u00f5es em menores per\u00edodos, para facilitar o cumprimento das metas.<\/span><\/p>\n<p><span style=\"font-weight: 400;\">Vale ressaltar que o planejamento estrat\u00e9gico, embora muitos acham que \u00e9 importante apenas no meio corporativo, tamb\u00e9m \u00e9 fundamental na nossa vida pessoal. Como fazer ent\u00e3o?<\/span><\/p>\n<p><span style=\"font-weight: 400;\">Antes de qualquer coisa, cabe uma boa avalia\u00e7\u00e3o de como foram nossos resultados neste per\u00edodo, mesmo com todas as adversidades: como chegamos, passamos e como estamos saindo de um ano t\u00e3o duro e de tantas incertezas.\u00a0<\/span><\/p>\n<p><span style=\"font-weight: 400;\">O que voc\u00ea aprendeu, quais compet\u00eancias desenvolveu e, com esse desenvolvimento, o que sentiu de melhorias em suas rotinas di\u00e1rias. Fa\u00e7a uma autoavalia\u00e7\u00e3o e pense tamb\u00e9m em quais momentos reagiu de alguma forma que n\u00e3o tenha gostado, onde sua performance n\u00e3o foi t\u00e3o boa quanto gostaria ou ainda quando n\u00e3o tomou uma atitude que deveria ter tomado.\u00a0<\/span><\/p>\n<p><span style=\"font-weight: 400;\">Feito isso, se voc\u00ea tem uma empresa ou lidera uma equipe, fa\u00e7a a mesma avalia\u00e7\u00e3o de cada integrante deste time, por meio de pesquisas e din\u00e2micas. A mesma metodologia pode ser feita tamb\u00e9m em fam\u00edlia.<\/span><\/p>\n<p><span style=\"font-weight: 400;\">O processo do planejamento estrat\u00e9gico tem como objetivo entender onde estamos e aonde queremos chegar, permitindo que sejam pensados os melhores trajetos para que isso aconte\u00e7a. Sempre \u00e9 bom ter algumas op\u00e7\u00f5es de caminhos, os mais curtos com mais riscos, os mais moderados e os mais longos com menos riscos.\u00a0<\/span><\/p>\n<p><span style=\"font-weight: 400;\">Importante tamb\u00e9m que sejam contemplados todos os departamentos da empresa. No Financeiro, por exemplo, a proje\u00e7\u00e3o de gastos (or\u00e7amento) deve ser feita de acordo com as expectativas de desenvolvimento.\u00a0<\/span><\/p>\n<p><span style=\"font-weight: 400;\">Trocando em mi\u00fados, se voc\u00ea decidir renovar a frota precisa constar no or\u00e7amento o valor previsto de entrada com a venda dos ve\u00edculos antigos e quanto ser\u00e1 desembolsado para a aquisi\u00e7\u00e3o dos novos. O mesmo se aplica para obras de amplia\u00e7\u00e3o e compra de equipamentos, ou ainda, a troca do carro pessoal e a viagem de f\u00e9rias em fam\u00edlia.<\/span><\/p>\n<p><span style=\"font-weight: 400;\">Para as equipes comerciais, as metas devem estar bem definidas, claras e dentro da realidade, lembrando que essa proje\u00e7\u00e3o tem como objetivo gerar receita para a realiza\u00e7\u00e3o dos objetivos planejados.\u00a0<\/span><\/p>\n<p><span style=\"font-weight: 400;\">Muitas empresas definem uma meta macro e dividem em doze per\u00edodos. Eu gosto muito desta estrat\u00e9gia, de proporcionalizar, entendendo qual a representatividade de cada m\u00eas em rela\u00e7\u00e3o ao per\u00edodo completo, avaliando as devidas sazonalidades, como datas comemorativas, quantidade de feriados e esta\u00e7\u00e3o do ano, em rela\u00e7\u00e3o aos produtos ou servi\u00e7os oferecidos.\u00a0<\/span><\/p>\n<p><span style=\"font-weight: 400;\">No decorrer do per\u00edodo estabelecido, necessariamente devemos monitorar os indicadores e fazer parciais. Sempre que algo n\u00e3o sair como deveria, \u00e9 importante repensar o caminho daquela a\u00e7\u00e3o espec\u00edfica e readequar os pr\u00f3ximos passos, para que tudo saia conforme planejado.\u00a0<\/span><\/p>\n<p>&nbsp;<\/p>\n<p><b>Jean Dunkl<\/b><\/p>\n<p><span style=\"font-weight: 400;\">@jeandunkl<\/span><\/p>\n<p><span style=\"font-weight: 400;\">CEO da CPD Consultoria, consultor especialista em Gest\u00e3o Estrat\u00e9gica de Neg\u00f3cios e gestor da Impera (Incubadora de Empresas de Base Tecnol\u00f3gica de Franca)<\/span><\/p>\n","protected":false},"excerpt":{"rendered":"<p>Ainda faltam menos de tr\u00eas meses para 2020 acabar, afinal, o jogo s\u00f3 acaba no \u00faltimo minuto do ano. E que ano, hein! Muitas metas e<span class=\"excerpt-hellip\"> [\u2026]<\/span><\/p>\n","protected":false},"author":10,"featured_media":0,"comment_status":"open","ping_status":"open","sticky":false,"template":"","format":"standard","meta":{"_jetpack_memberships_contains_paid_content":false,"footnotes":"","jetpack_publicize_message":"","jetpack_publicize_feature_enabled":true,"jetpack_social_post_already_shared":false,"jetpack_social_options":{"image_generator_settings":{"template":"highway","default_image_id":0,"enabled":false},"version":2}},"categories":[92],"tags":[],"class_list":["post-11117","post","type-post","status-publish","format-standard","hentry","category-colunista"],"yoast_head":"<!-- This site is optimized with the Yoast SEO plugin v25.6 - https:\/\/yoast.com\/wordpress\/plugins\/seo\/ -->\n<title>Ufa! Vamos planejar 2021? - VerdadeOn<\/title>\n<meta name=\"robots\" content=\"index, follow, max-snippet:-1, max-image-preview:large, max-video-preview:-1\" \/>\n<link rel=\"canonical\" href=\"https:\/\/verdadeon.com.br\/portal\/2020\/10\/10\/ufa-vamos-planejar-2021\/\" \/>\n<meta property=\"og:locale\" content=\"pt_BR\" \/>\n<meta property=\"og:type\" content=\"article\" \/>\n<meta property=\"og:title\" content=\"Ufa! Vamos planejar 2021? - VerdadeOn\" \/>\n<meta property=\"og:description\" content=\"Ainda faltam menos de tr\u00eas meses para 2020 acabar, afinal, o jogo s\u00f3 acaba no \u00faltimo minuto do ano. E que ano, hein! Muitas metas e [\u2026]\" \/>\n<meta property=\"og:url\" content=\"https:\/\/verdadeon.com.br\/portal\/2020\/10\/10\/ufa-vamos-planejar-2021\/\" \/>\n<meta property=\"og:site_name\" content=\"VerdadeOn\" \/>\n<meta property=\"article:published_time\" content=\"2020-10-10T10:00:58+00:00\" \/>\n<meta name=\"author\" content=\"Redacao VerdadeOn\" \/>\n<meta name=\"twitter:card\" content=\"summary_large_image\" \/>\n<meta name=\"twitter:label1\" content=\"Escrito por\" \/>\n\t<meta name=\"twitter:data1\" content=\"Redacao VerdadeOn\" \/>\n\t<meta name=\"twitter:label2\" content=\"Est. tempo de leitura\" \/>\n\t<meta name=\"twitter:data2\" content=\"3 minutos\" \/>\n<script type=\"application\/ld+json\" class=\"yoast-schema-graph\">{\"@context\":\"https:\/\/schema.org\",\"@graph\":[{\"@type\":\"WebPage\",\"@id\":\"https:\/\/verdadeon.com.br\/portal\/2020\/10\/10\/ufa-vamos-planejar-2021\/\",\"url\":\"https:\/\/verdadeon.com.br\/portal\/2020\/10\/10\/ufa-vamos-planejar-2021\/\",\"name\":\"Ufa! Vamos planejar 2021? - VerdadeOn\",\"isPartOf\":{\"@id\":\"https:\/\/verdadeon.com.br\/portal\/#website\"},\"datePublished\":\"2020-10-10T10:00:58+00:00\",\"author\":{\"@id\":\"https:\/\/verdadeon.com.br\/portal\/#\/schema\/person\/a5060ad1e9ea3df545188fc93ce43d2f\"},\"breadcrumb\":{\"@id\":\"https:\/\/verdadeon.com.br\/portal\/2020\/10\/10\/ufa-vamos-planejar-2021\/#breadcrumb\"},\"inLanguage\":\"pt-BR\",\"potentialAction\":[{\"@type\":\"ReadAction\",\"target\":[\"https:\/\/verdadeon.com.br\/portal\/2020\/10\/10\/ufa-vamos-planejar-2021\/\"]}]},{\"@type\":\"BreadcrumbList\",\"@id\":\"https:\/\/verdadeon.com.br\/portal\/2020\/10\/10\/ufa-vamos-planejar-2021\/#breadcrumb\",\"itemListElement\":[{\"@type\":\"ListItem\",\"position\":1,\"name\":\"In\u00edcio\",\"item\":\"https:\/\/verdadeon.com.br\/portal\/\"},{\"@type\":\"ListItem\",\"position\":2,\"name\":\"Ufa! Vamos planejar 2021?\"}]},{\"@type\":\"WebSite\",\"@id\":\"https:\/\/verdadeon.com.br\/portal\/#website\",\"url\":\"https:\/\/verdadeon.com.br\/portal\/\",\"name\":\"VerdadeOn\",\"description\":\"Not\u00edcias di\u00e1rias sobre Franca, Regi\u00e3o, Esporte, Cultura, Cotidiano, Colunas. Cobertura nos principais eventos da cidade \u00e9 aqui - Verdadeon Franca\",\"potentialAction\":[{\"@type\":\"SearchAction\",\"target\":{\"@type\":\"EntryPoint\",\"urlTemplate\":\"https:\/\/verdadeon.com.br\/portal\/?s={search_term_string}\"},\"query-input\":{\"@type\":\"PropertyValueSpecification\",\"valueRequired\":true,\"valueName\":\"search_term_string\"}}],\"inLanguage\":\"pt-BR\"},{\"@type\":\"Person\",\"@id\":\"https:\/\/verdadeon.com.br\/portal\/#\/schema\/person\/a5060ad1e9ea3df545188fc93ce43d2f\",\"name\":\"Redacao VerdadeOn\",\"image\":{\"@type\":\"ImageObject\",\"inLanguage\":\"pt-BR\",\"@id\":\"https:\/\/verdadeon.com.br\/portal\/#\/schema\/person\/image\/\",\"url\":\"https:\/\/secure.gravatar.com\/avatar\/459a9613caaaf07f582c3d0841eea68bdd66f533e465e6ba8b9cb45619572cf4?s=96&d=mm&r=g\",\"contentUrl\":\"https:\/\/secure.gravatar.com\/avatar\/459a9613caaaf07f582c3d0841eea68bdd66f533e465e6ba8b9cb45619572cf4?s=96&d=mm&r=g\",\"caption\":\"Redacao VerdadeOn\"},\"url\":\"https:\/\/verdadeon.com.br\/portal\/author\/redacao\/\"}]}<\/script>\n<!-- \/ Yoast SEO plugin. -->","yoast_head_json":{"title":"Ufa! Vamos planejar 2021? - VerdadeOn","robots":{"index":"index","follow":"follow","max-snippet":"max-snippet:-1","max-image-preview":"max-image-preview:large","max-video-preview":"max-video-preview:-1"},"canonical":"https:\/\/verdadeon.com.br\/portal\/2020\/10\/10\/ufa-vamos-planejar-2021\/","og_locale":"pt_BR","og_type":"article","og_title":"Ufa! Vamos planejar 2021? - VerdadeOn","og_description":"Ainda faltam menos de tr\u00eas meses para 2020 acabar, afinal, o jogo s\u00f3 acaba no \u00faltimo minuto do ano. E que ano, hein! Muitas metas e [\u2026]","og_url":"https:\/\/verdadeon.com.br\/portal\/2020\/10\/10\/ufa-vamos-planejar-2021\/","og_site_name":"VerdadeOn","article_published_time":"2020-10-10T10:00:58+00:00","author":"Redacao VerdadeOn","twitter_card":"summary_large_image","twitter_misc":{"Escrito por":"Redacao VerdadeOn","Est. tempo de leitura":"3 minutos"},"schema":{"@context":"https:\/\/schema.org","@graph":[{"@type":"WebPage","@id":"https:\/\/verdadeon.com.br\/portal\/2020\/10\/10\/ufa-vamos-planejar-2021\/","url":"https:\/\/verdadeon.com.br\/portal\/2020\/10\/10\/ufa-vamos-planejar-2021\/","name":"Ufa! Vamos planejar 2021? - VerdadeOn","isPartOf":{"@id":"https:\/\/verdadeon.com.br\/portal\/#website"},"datePublished":"2020-10-10T10:00:58+00:00","author":{"@id":"https:\/\/verdadeon.com.br\/portal\/#\/schema\/person\/a5060ad1e9ea3df545188fc93ce43d2f"},"breadcrumb":{"@id":"https:\/\/verdadeon.com.br\/portal\/2020\/10\/10\/ufa-vamos-planejar-2021\/#breadcrumb"},"inLanguage":"pt-BR","potentialAction":[{"@type":"ReadAction","target":["https:\/\/verdadeon.com.br\/portal\/2020\/10\/10\/ufa-vamos-planejar-2021\/"]}]},{"@type":"BreadcrumbList","@id":"https:\/\/verdadeon.com.br\/portal\/2020\/10\/10\/ufa-vamos-planejar-2021\/#breadcrumb","itemListElement":[{"@type":"ListItem","position":1,"name":"In\u00edcio","item":"https:\/\/verdadeon.com.br\/portal\/"},{"@type":"ListItem","position":2,"name":"Ufa! Vamos planejar 2021?"}]},{"@type":"WebSite","@id":"https:\/\/verdadeon.com.br\/portal\/#website","url":"https:\/\/verdadeon.com.br\/portal\/","name":"VerdadeOn","description":"Not\u00edcias di\u00e1rias sobre Franca, Regi\u00e3o, Esporte, Cultura, Cotidiano, Colunas. Cobertura nos principais eventos da cidade \u00e9 aqui - Verdadeon Franca","potentialAction":[{"@type":"SearchAction","target":{"@type":"EntryPoint","urlTemplate":"https:\/\/verdadeon.com.br\/portal\/?s={search_term_string}"},"query-input":{"@type":"PropertyValueSpecification","valueRequired":true,"valueName":"search_term_string"}}],"inLanguage":"pt-BR"},{"@type":"Person","@id":"https:\/\/verdadeon.com.br\/portal\/#\/schema\/person\/a5060ad1e9ea3df545188fc93ce43d2f","name":"Redacao VerdadeOn","image":{"@type":"ImageObject","inLanguage":"pt-BR","@id":"https:\/\/verdadeon.com.br\/portal\/#\/schema\/person\/image\/","url":"https:\/\/secure.gravatar.com\/avatar\/459a9613caaaf07f582c3d0841eea68bdd66f533e465e6ba8b9cb45619572cf4?s=96&d=mm&r=g","contentUrl":"https:\/\/secure.gravatar.com\/avatar\/459a9613caaaf07f582c3d0841eea68bdd66f533e465e6ba8b9cb45619572cf4?s=96&d=mm&r=g","caption":"Redacao VerdadeOn"},"url":"https:\/\/verdadeon.com.br\/portal\/author\/redacao\/"}]}},"jetpack_publicize_connections":[],"jetpack_featured_media_url":"","jetpack_sharing_enabled":true,"_links":{"self":[{"href":"https:\/\/verdadeon.com.br\/portal\/wp-json\/wp\/v2\/posts\/11117","targetHints":{"allow":["GET"]}}],"collection":[{"href":"https:\/\/verdadeon.com.br\/portal\/wp-json\/wp\/v2\/posts"}],"about":[{"href":"https:\/\/verdadeon.com.br\/portal\/wp-json\/wp\/v2\/types\/post"}],"author":[{"embeddable":true,"href":"https:\/\/verdadeon.com.br\/portal\/wp-json\/wp\/v2\/users\/10"}],"replies":[{"embeddable":true,"href":"https:\/\/verdadeon.com.br\/portal\/wp-json\/wp\/v2\/comments?post=11117"}],"version-history":[{"count":0,"href":"https:\/\/verdadeon.com.br\/portal\/wp-json\/wp\/v2\/posts\/11117\/revisions"}],"wp:attachment":[{"href":"https:\/\/verdadeon.com.br\/portal\/wp-json\/wp\/v2\/media?parent=11117"}],"wp:term":[{"taxonomy":"category","embeddable":true,"href":"https:\/\/verdadeon.com.br\/portal\/wp-json\/wp\/v2\/categories?post=11117"},{"taxonomy":"post_tag","embeddable":true,"href":"https:\/\/verdadeon.com.br\/portal\/wp-json\/wp\/v2\/tags?post=11117"}],"curies":[{"name":"wp","href":"https:\/\/api.w.org\/{rel}","templated":true}]}}