{"id":11009,"date":"2020-10-06T22:13:18","date_gmt":"2020-10-07T01:13:18","guid":{"rendered":"http:\/\/verdadeon.com.br\/portal\/?p=11009"},"modified":"2020-10-06T22:13:18","modified_gmt":"2020-10-07T01:13:18","slug":"reducao-e-isencao-de-iptu-podem-podem-ser-pedidos-em-novos-locais","status":"publish","type":"post","link":"https:\/\/verdadeon.com.br\/portal\/2020\/10\/06\/reducao-e-isencao-de-iptu-podem-podem-ser-pedidos-em-novos-locais\/","title":{"rendered":"Redu\u00e7\u00e3o e isen\u00e7\u00e3o de IPTU podem podem ser pedidos em novos locais"},"content":{"rendered":"<p>Al\u00e9m dos canais digitais que est\u00e1 disponibilizando aos contribuintes de toda a cidade, cujo intuito \u00e9 evitar o deslocamento at\u00e9 a Central de Atendimento e tamb\u00e9m aglomera\u00e7\u00f5es, a Prefeitura est\u00e1 confirmando que iniciou essa semana, esses atendimentos em seis locais diferentes da cidade atrav\u00e9s dos postos \u2018Prefeitura Perto de Voc\u00ea\u2019. Est\u00e3o nas regi\u00f5es Norte, Sul, Leste, Oeste e na \u00e1rea central da cidade, onde das 8 h \u00e0s 16 h, munidos da documenta\u00e7\u00e3o do im\u00f3vel, as pessoas que se enquadrarem nos requisitos da legisla\u00e7\u00e3o poder\u00e3o realizar ali as suas solicita\u00e7\u00f5es.<br \/>\nA secretaria de Finan\u00e7as refor\u00e7a que para os pedidos de redu\u00e7\u00e3o do imposto o prazo vai at\u00e9 o dia 10 de dezembro e de isen\u00e7\u00e3o, at\u00e9 o dia 30 do mesmo m\u00eas. A redu\u00e7\u00e3o \u00e9 prevista para qualquer contribuinte, independente da renda e do n\u00famero de im\u00f3veis que tenha. A isen\u00e7\u00e3o se limita aoo im\u00f3vel em que a pessoa resida. Com rela\u00e7\u00e3o a isen\u00e7\u00e3o, \u00e9 permitida para pessoas aposentadas com renda familiar at\u00e9 o limite de R$ 2.164,00, o que correspondente a 35 Unidades Fiscais do Munic\u00edpio.<\/p>\n<p>Locais de atendimento<\/p>\n<p>REGI\u00c3O NORTE<br \/>\nEMEB Prof\u00aa. Sueli Contini Marques<br \/>\nRua: Mamede Silva, 2771 \u2013 JardimTropical \u2013<br \/>\nTelefone: 3704-2105.<\/p>\n<p>EMEB Prof. Florestan Fernandes<br \/>\nRua: Raquel Jacintho Mesquita, n\u00ba 900 \u2013 Jardim Vera Cruz &#8211;<br \/>\nTelefone: 3704-0288 \u2013 3703-2247.<\/p>\n<p>REGI\u00c3O OESTE<br \/>\nEMEB Prof\u00aa Dorotea Paulino Ferro<br \/>\nRua Joaquim Machado, n\u00ba 580 \u2013 Jardim Paulo Archetti \u2013<br \/>\nTelefone: 3722.8817 \/ 3720.7750<\/p>\n<p>REGI\u00c3O LESTE<br \/>\nEMEB Prof. C\u00e9sar Augusto de<br \/>\nOliveira<br \/>\nAv. Major Elias Motta, 1830 \u2013 Jardim Brasil\u00e2ndia \u2013<br \/>\nTelefone: 3725-2840\/3725-9510<\/p>\n<p>REGI\u00c3O CENTRAL<br \/>\nAERF &#8211; Associa\u00e7\u00e3o dos Arquitetos e Engenheiros da Regi\u00e3o de Franca<br \/>\nRua Volunt\u00e1rio Jaime Aguilar Barbosa, 1270, VILA SANTA RITA \u2013<br \/>\nTelefone: 3722-1827<\/p>\n<p>REGI\u00c3O SUL<br \/>\nEMEB Prof. Paulo Freire<br \/>\nRua Luciano Villa\u00e7a, 1102 \u2013 Jardim Avia\u00e7\u00e3o \u2013<br \/>\nTelefone: 3701.8713.<\/p>\n","protected":false},"excerpt":{"rendered":"<p>Al\u00e9m dos canais digitais que est\u00e1 disponibilizando aos contribuintes de toda a cidade, cujo intuito \u00e9 evitar o deslocamento at\u00e9 a Central de Atendimento e tamb\u00e9m<span class=\"excerpt-hellip\"> [\u2026]<\/span><\/p>\n","protected":false},"author":10,"featured_media":10784,"comment_status":"open","ping_status":"open","sticky":false,"template":"","format":"standard","meta":{"_jetpack_memberships_contains_paid_content":false,"footnotes":"","jetpack_publicize_message":"","jetpack_publicize_feature_enabled":true,"jetpack_social_post_already_shared":false,"jetpack_social_options":{"image_generator_settings":{"template":"highway","default_image_id":0,"enabled":false},"version":2}},"categories":[28,81],"tags":[],"class_list":["post-11009","post","type-post","status-publish","format-standard","has-post-thumbnail","hentry","category-cotidiano","category-manchete"],"yoast_head":"<!-- This site is optimized with the Yoast SEO plugin v25.6 - https:\/\/yoast.com\/wordpress\/plugins\/seo\/ -->\n<title>Redu\u00e7\u00e3o e isen\u00e7\u00e3o de IPTU podem podem ser pedidos em novos locais - VerdadeOn<\/title>\n<meta name=\"robots\" content=\"index, follow, max-snippet:-1, max-image-preview:large, max-video-preview:-1\" \/>\n<link rel=\"canonical\" href=\"https:\/\/verdadeon.com.br\/portal\/2020\/10\/06\/reducao-e-isencao-de-iptu-podem-podem-ser-pedidos-em-novos-locais\/\" \/>\n<meta property=\"og:locale\" content=\"pt_BR\" \/>\n<meta property=\"og:type\" content=\"article\" \/>\n<meta property=\"og:title\" content=\"Redu\u00e7\u00e3o e isen\u00e7\u00e3o de IPTU podem podem ser pedidos em novos locais - VerdadeOn\" \/>\n<meta property=\"og:description\" content=\"Al\u00e9m dos canais digitais que est\u00e1 disponibilizando aos contribuintes de toda a cidade, cujo intuito \u00e9 evitar o deslocamento at\u00e9 a Central de Atendimento e tamb\u00e9m [\u2026]\" \/>\n<meta property=\"og:url\" content=\"https:\/\/verdadeon.com.br\/portal\/2020\/10\/06\/reducao-e-isencao-de-iptu-podem-podem-ser-pedidos-em-novos-locais\/\" \/>\n<meta property=\"og:site_name\" content=\"VerdadeOn\" \/>\n<meta property=\"article:published_time\" content=\"2020-10-07T01:13:18+00:00\" \/>\n<meta property=\"og:image\" content=\"https:\/\/verdadeon.com.br\/portal\/wp-content\/uploads\/2020\/09\/WhatsApp-Image-2020-09-29-at-23.24.40.jpg\" \/>\n\t<meta property=\"og:image:width\" content=\"1000\" \/>\n\t<meta property=\"og:image:height\" content=\"670\" \/>\n\t<meta property=\"og:image:type\" content=\"image\/jpeg\" \/>\n<meta name=\"author\" content=\"Redacao VerdadeOn\" \/>\n<meta name=\"twitter:card\" content=\"summary_large_image\" \/>\n<meta name=\"twitter:label1\" content=\"Escrito por\" \/>\n\t<meta name=\"twitter:data1\" content=\"Redacao VerdadeOn\" \/>\n\t<meta name=\"twitter:label2\" content=\"Est. tempo de leitura\" \/>\n\t<meta name=\"twitter:data2\" content=\"2 minutos\" \/>\n<script type=\"application\/ld+json\" class=\"yoast-schema-graph\">{\"@context\":\"https:\/\/schema.org\",\"@graph\":[{\"@type\":\"WebPage\",\"@id\":\"https:\/\/verdadeon.com.br\/portal\/2020\/10\/06\/reducao-e-isencao-de-iptu-podem-podem-ser-pedidos-em-novos-locais\/\",\"url\":\"https:\/\/verdadeon.com.br\/portal\/2020\/10\/06\/reducao-e-isencao-de-iptu-podem-podem-ser-pedidos-em-novos-locais\/\",\"name\":\"Redu\u00e7\u00e3o e isen\u00e7\u00e3o de IPTU podem podem ser pedidos em novos locais - VerdadeOn\",\"isPartOf\":{\"@id\":\"https:\/\/verdadeon.com.br\/portal\/#website\"},\"primaryImageOfPage\":{\"@id\":\"https:\/\/verdadeon.com.br\/portal\/2020\/10\/06\/reducao-e-isencao-de-iptu-podem-podem-ser-pedidos-em-novos-locais\/#primaryimage\"},\"image\":{\"@id\":\"https:\/\/verdadeon.com.br\/portal\/2020\/10\/06\/reducao-e-isencao-de-iptu-podem-podem-ser-pedidos-em-novos-locais\/#primaryimage\"},\"thumbnailUrl\":\"https:\/\/i0.wp.com\/verdadeon.com.br\/portal\/wp-content\/uploads\/2020\/09\/WhatsApp-Image-2020-09-29-at-23.24.40.jpg?fit=1000%2C670&ssl=1\",\"datePublished\":\"2020-10-07T01:13:18+00:00\",\"author\":{\"@id\":\"https:\/\/verdadeon.com.br\/portal\/#\/schema\/person\/a5060ad1e9ea3df545188fc93ce43d2f\"},\"breadcrumb\":{\"@id\":\"https:\/\/verdadeon.com.br\/portal\/2020\/10\/06\/reducao-e-isencao-de-iptu-podem-podem-ser-pedidos-em-novos-locais\/#breadcrumb\"},\"inLanguage\":\"pt-BR\",\"potentialAction\":[{\"@type\":\"ReadAction\",\"target\":[\"https:\/\/verdadeon.com.br\/portal\/2020\/10\/06\/reducao-e-isencao-de-iptu-podem-podem-ser-pedidos-em-novos-locais\/\"]}]},{\"@type\":\"ImageObject\",\"inLanguage\":\"pt-BR\",\"@id\":\"https:\/\/verdadeon.com.br\/portal\/2020\/10\/06\/reducao-e-isencao-de-iptu-podem-podem-ser-pedidos-em-novos-locais\/#primaryimage\",\"url\":\"https:\/\/i0.wp.com\/verdadeon.com.br\/portal\/wp-content\/uploads\/2020\/09\/WhatsApp-Image-2020-09-29-at-23.24.40.jpg?fit=1000%2C670&ssl=1\",\"contentUrl\":\"https:\/\/i0.wp.com\/verdadeon.com.br\/portal\/wp-content\/uploads\/2020\/09\/WhatsApp-Image-2020-09-29-at-23.24.40.jpg?fit=1000%2C670&ssl=1\",\"width\":1000,\"height\":670},{\"@type\":\"BreadcrumbList\",\"@id\":\"https:\/\/verdadeon.com.br\/portal\/2020\/10\/06\/reducao-e-isencao-de-iptu-podem-podem-ser-pedidos-em-novos-locais\/#breadcrumb\",\"itemListElement\":[{\"@type\":\"ListItem\",\"position\":1,\"name\":\"In\u00edcio\",\"item\":\"https:\/\/verdadeon.com.br\/portal\/\"},{\"@type\":\"ListItem\",\"position\":2,\"name\":\"Redu\u00e7\u00e3o e isen\u00e7\u00e3o de IPTU podem podem ser pedidos em novos locais\"}]},{\"@type\":\"WebSite\",\"@id\":\"https:\/\/verdadeon.com.br\/portal\/#website\",\"url\":\"https:\/\/verdadeon.com.br\/portal\/\",\"name\":\"VerdadeOn\",\"description\":\"Not\u00edcias di\u00e1rias sobre Franca, Regi\u00e3o, Esporte, Cultura, Cotidiano, Colunas. Cobertura nos principais eventos da cidade \u00e9 aqui - Verdadeon Franca\",\"potentialAction\":[{\"@type\":\"SearchAction\",\"target\":{\"@type\":\"EntryPoint\",\"urlTemplate\":\"https:\/\/verdadeon.com.br\/portal\/?s={search_term_string}\"},\"query-input\":{\"@type\":\"PropertyValueSpecification\",\"valueRequired\":true,\"valueName\":\"search_term_string\"}}],\"inLanguage\":\"pt-BR\"},{\"@type\":\"Person\",\"@id\":\"https:\/\/verdadeon.com.br\/portal\/#\/schema\/person\/a5060ad1e9ea3df545188fc93ce43d2f\",\"name\":\"Redacao VerdadeOn\",\"image\":{\"@type\":\"ImageObject\",\"inLanguage\":\"pt-BR\",\"@id\":\"https:\/\/verdadeon.com.br\/portal\/#\/schema\/person\/image\/\",\"url\":\"https:\/\/secure.gravatar.com\/avatar\/459a9613caaaf07f582c3d0841eea68bdd66f533e465e6ba8b9cb45619572cf4?s=96&d=mm&r=g\",\"contentUrl\":\"https:\/\/secure.gravatar.com\/avatar\/459a9613caaaf07f582c3d0841eea68bdd66f533e465e6ba8b9cb45619572cf4?s=96&d=mm&r=g\",\"caption\":\"Redacao VerdadeOn\"},\"url\":\"https:\/\/verdadeon.com.br\/portal\/author\/redacao\/\"}]}<\/script>\n<!-- \/ Yoast SEO plugin. -->","yoast_head_json":{"title":"Redu\u00e7\u00e3o e isen\u00e7\u00e3o de IPTU podem podem ser pedidos em novos locais - VerdadeOn","robots":{"index":"index","follow":"follow","max-snippet":"max-snippet:-1","max-image-preview":"max-image-preview:large","max-video-preview":"max-video-preview:-1"},"canonical":"https:\/\/verdadeon.com.br\/portal\/2020\/10\/06\/reducao-e-isencao-de-iptu-podem-podem-ser-pedidos-em-novos-locais\/","og_locale":"pt_BR","og_type":"article","og_title":"Redu\u00e7\u00e3o e isen\u00e7\u00e3o de IPTU podem podem ser pedidos em novos locais - VerdadeOn","og_description":"Al\u00e9m dos canais digitais que est\u00e1 disponibilizando aos contribuintes de toda a cidade, cujo intuito \u00e9 evitar o deslocamento at\u00e9 a Central de Atendimento e tamb\u00e9m [\u2026]","og_url":"https:\/\/verdadeon.com.br\/portal\/2020\/10\/06\/reducao-e-isencao-de-iptu-podem-podem-ser-pedidos-em-novos-locais\/","og_site_name":"VerdadeOn","article_published_time":"2020-10-07T01:13:18+00:00","og_image":[{"width":1000,"height":670,"url":"https:\/\/verdadeon.com.br\/portal\/wp-content\/uploads\/2020\/09\/WhatsApp-Image-2020-09-29-at-23.24.40.jpg","type":"image\/jpeg"}],"author":"Redacao VerdadeOn","twitter_card":"summary_large_image","twitter_misc":{"Escrito por":"Redacao VerdadeOn","Est. tempo de leitura":"2 minutos"},"schema":{"@context":"https:\/\/schema.org","@graph":[{"@type":"WebPage","@id":"https:\/\/verdadeon.com.br\/portal\/2020\/10\/06\/reducao-e-isencao-de-iptu-podem-podem-ser-pedidos-em-novos-locais\/","url":"https:\/\/verdadeon.com.br\/portal\/2020\/10\/06\/reducao-e-isencao-de-iptu-podem-podem-ser-pedidos-em-novos-locais\/","name":"Redu\u00e7\u00e3o e isen\u00e7\u00e3o de IPTU podem podem ser pedidos em novos locais - VerdadeOn","isPartOf":{"@id":"https:\/\/verdadeon.com.br\/portal\/#website"},"primaryImageOfPage":{"@id":"https:\/\/verdadeon.com.br\/portal\/2020\/10\/06\/reducao-e-isencao-de-iptu-podem-podem-ser-pedidos-em-novos-locais\/#primaryimage"},"image":{"@id":"https:\/\/verdadeon.com.br\/portal\/2020\/10\/06\/reducao-e-isencao-de-iptu-podem-podem-ser-pedidos-em-novos-locais\/#primaryimage"},"thumbnailUrl":"https:\/\/i0.wp.com\/verdadeon.com.br\/portal\/wp-content\/uploads\/2020\/09\/WhatsApp-Image-2020-09-29-at-23.24.40.jpg?fit=1000%2C670&ssl=1","datePublished":"2020-10-07T01:13:18+00:00","author":{"@id":"https:\/\/verdadeon.com.br\/portal\/#\/schema\/person\/a5060ad1e9ea3df545188fc93ce43d2f"},"breadcrumb":{"@id":"https:\/\/verdadeon.com.br\/portal\/2020\/10\/06\/reducao-e-isencao-de-iptu-podem-podem-ser-pedidos-em-novos-locais\/#breadcrumb"},"inLanguage":"pt-BR","potentialAction":[{"@type":"ReadAction","target":["https:\/\/verdadeon.com.br\/portal\/2020\/10\/06\/reducao-e-isencao-de-iptu-podem-podem-ser-pedidos-em-novos-locais\/"]}]},{"@type":"ImageObject","inLanguage":"pt-BR","@id":"https:\/\/verdadeon.com.br\/portal\/2020\/10\/06\/reducao-e-isencao-de-iptu-podem-podem-ser-pedidos-em-novos-locais\/#primaryimage","url":"https:\/\/i0.wp.com\/verdadeon.com.br\/portal\/wp-content\/uploads\/2020\/09\/WhatsApp-Image-2020-09-29-at-23.24.40.jpg?fit=1000%2C670&ssl=1","contentUrl":"https:\/\/i0.wp.com\/verdadeon.com.br\/portal\/wp-content\/uploads\/2020\/09\/WhatsApp-Image-2020-09-29-at-23.24.40.jpg?fit=1000%2C670&ssl=1","width":1000,"height":670},{"@type":"BreadcrumbList","@id":"https:\/\/verdadeon.com.br\/portal\/2020\/10\/06\/reducao-e-isencao-de-iptu-podem-podem-ser-pedidos-em-novos-locais\/#breadcrumb","itemListElement":[{"@type":"ListItem","position":1,"name":"In\u00edcio","item":"https:\/\/verdadeon.com.br\/portal\/"},{"@type":"ListItem","position":2,"name":"Redu\u00e7\u00e3o e isen\u00e7\u00e3o de IPTU podem podem ser pedidos em novos locais"}]},{"@type":"WebSite","@id":"https:\/\/verdadeon.com.br\/portal\/#website","url":"https:\/\/verdadeon.com.br\/portal\/","name":"VerdadeOn","description":"Not\u00edcias di\u00e1rias sobre Franca, Regi\u00e3o, Esporte, Cultura, Cotidiano, Colunas. Cobertura nos principais eventos da cidade \u00e9 aqui - Verdadeon Franca","potentialAction":[{"@type":"SearchAction","target":{"@type":"EntryPoint","urlTemplate":"https:\/\/verdadeon.com.br\/portal\/?s={search_term_string}"},"query-input":{"@type":"PropertyValueSpecification","valueRequired":true,"valueName":"search_term_string"}}],"inLanguage":"pt-BR"},{"@type":"Person","@id":"https:\/\/verdadeon.com.br\/portal\/#\/schema\/person\/a5060ad1e9ea3df545188fc93ce43d2f","name":"Redacao VerdadeOn","image":{"@type":"ImageObject","inLanguage":"pt-BR","@id":"https:\/\/verdadeon.com.br\/portal\/#\/schema\/person\/image\/","url":"https:\/\/secure.gravatar.com\/avatar\/459a9613caaaf07f582c3d0841eea68bdd66f533e465e6ba8b9cb45619572cf4?s=96&d=mm&r=g","contentUrl":"https:\/\/secure.gravatar.com\/avatar\/459a9613caaaf07f582c3d0841eea68bdd66f533e465e6ba8b9cb45619572cf4?s=96&d=mm&r=g","caption":"Redacao VerdadeOn"},"url":"https:\/\/verdadeon.com.br\/portal\/author\/redacao\/"}]}},"jetpack_publicize_connections":[],"jetpack_featured_media_url":"https:\/\/i0.wp.com\/verdadeon.com.br\/portal\/wp-content\/uploads\/2020\/09\/WhatsApp-Image-2020-09-29-at-23.24.40.jpg?fit=1000%2C670&ssl=1","jetpack_sharing_enabled":true,"_links":{"self":[{"href":"https:\/\/verdadeon.com.br\/portal\/wp-json\/wp\/v2\/posts\/11009","targetHints":{"allow":["GET"]}}],"collection":[{"href":"https:\/\/verdadeon.com.br\/portal\/wp-json\/wp\/v2\/posts"}],"about":[{"href":"https:\/\/verdadeon.com.br\/portal\/wp-json\/wp\/v2\/types\/post"}],"author":[{"embeddable":true,"href":"https:\/\/verdadeon.com.br\/portal\/wp-json\/wp\/v2\/users\/10"}],"replies":[{"embeddable":true,"href":"https:\/\/verdadeon.com.br\/portal\/wp-json\/wp\/v2\/comments?post=11009"}],"version-history":[{"count":0,"href":"https:\/\/verdadeon.com.br\/portal\/wp-json\/wp\/v2\/posts\/11009\/revisions"}],"wp:featuredmedia":[{"embeddable":true,"href":"https:\/\/verdadeon.com.br\/portal\/wp-json\/wp\/v2\/media\/10784"}],"wp:attachment":[{"href":"https:\/\/verdadeon.com.br\/portal\/wp-json\/wp\/v2\/media?parent=11009"}],"wp:term":[{"taxonomy":"category","embeddable":true,"href":"https:\/\/verdadeon.com.br\/portal\/wp-json\/wp\/v2\/categories?post=11009"},{"taxonomy":"post_tag","embeddable":true,"href":"https:\/\/verdadeon.com.br\/portal\/wp-json\/wp\/v2\/tags?post=11009"}],"curies":[{"name":"wp","href":"https:\/\/api.w.org\/{rel}","templated":true}]}}