{"id":10855,"date":"2020-10-02T11:29:06","date_gmt":"2020-10-02T14:29:06","guid":{"rendered":"http:\/\/verdadeon.com.br\/portal\/?p=10855"},"modified":"2020-10-02T11:29:06","modified_gmt":"2020-10-02T14:29:06","slug":"ibge-producao-industrial-avanca-32-em-agosto","status":"publish","type":"post","link":"https:\/\/verdadeon.com.br\/portal\/2020\/10\/02\/ibge-producao-industrial-avanca-32-em-agosto\/","title":{"rendered":"IBGE: produ\u00e7\u00e3o industrial avan\u00e7a 3,2% em agosto"},"content":{"rendered":"<div class=\"col-lg-12 mb-3\">\n<div class=\"row\">\n<h3 class=\"col-10 offset-1 animated fadeInDown dealy-900 display-8 display-md-8 alt-font font-italic my-1 text-center\">Setor registra crescimento pelo quarto m\u00eas consecutivo<\/h3>\n<\/div>\n<\/div>\n<div class=\"col-lg-12 mb-3\">Ana Cristina Campos \u2013 Rep\u00f3rter da Ag\u00eancia Brasil &#8211; Rio de Janeiro<\/div>\n<div class=\"col-xl-7 offset-xl-1 col-lg-8 offset-lg-0 col-md-10 offset-md-1 mb-3\">\n<div class=\"post-item alt-font\">\n<div class=\"post-item-wrap\">\n<p>A produ\u00e7\u00e3o da ind\u00fastria nacional cresceu pelo quarto m\u00eas seguido e registrou alta de 3,2% em agosto, na compara\u00e7\u00e3o com julho. Mesmo assim, o indicador ainda n\u00e3o eliminou totalmente a perda de 27% acumulada entre mar\u00e7o e abril, no in\u00edcio da pandemia de covid-19, quando a produ\u00e7\u00e3o industrial caiu ao patamar mais baixo da s\u00e9rie. No acumulado no ano, a produ\u00e7\u00e3o recuou 8,6%.<img data-recalc-dims=\"1\" decoding=\"async\" src=\"https:\/\/i0.wp.com\/agenciabrasil.ebc.com.br\/ebc.png?w=1220&#038;ssl=1\" \/><img data-recalc-dims=\"1\" decoding=\"async\" src=\"https:\/\/i0.wp.com\/agenciabrasil.ebc.com.br\/ebc.gif?w=1220&#038;ssl=1\" \/><\/p>\n<p>Os dados s\u00e3o da Pesquisa Industrial Mensal (PIM), divulgada hoje (2) pelo Instituto Brasileiro de Geografia e Estat\u00edstica (IBGE), que tamb\u00e9m mostra que, em rela\u00e7\u00e3o a agosto de 2019, a ind\u00fastria caiu 2,7%. Esse \u00e9 o d\u00e9cimo resultado negativo seguido nessa compara\u00e7\u00e3o. Nos \u00faltimos 12 meses, a queda \u00e9 de 5,7%.<\/p>\n<p>Para o gerente da pesquisa, Andr\u00e9 Macedo, o resultado de agosto mostra que a ind\u00fastria nacional est\u00e1 em recupera\u00e7\u00e3o ap\u00f3s o agravamento das medidas para conter a pandemia. \u201cH\u00e1 uma manuten\u00e7\u00e3o de certo comportamento positivo do setor industrial nos \u00faltimos meses. \u00c9 um avan\u00e7o bem consistente e disseminado entre as categorias, mas ainda h\u00e1 uma parte a ser recuperada\u201d, disse, em nota.<\/p>\n<p>O pesquisador explicou que o impacto da necessidade do isolamento social foi de grande dimens\u00e3o, afetando a produ\u00e7\u00e3o em v\u00e1rias unidades no pa\u00eds, que fecharam ou foram suspensas neste per\u00edodo. Segundo a pesquisa, o setor industrial est\u00e1 2,6% abaixo do patamar de fevereiro, per\u00edodo pr\u00e9-pandemia.<\/p>\n<h2>Recupera\u00e7\u00e3o<\/h2>\n<p>A pesquisa indicou que todas as grandes categorias apresentaram avan\u00e7o em agosto frente a julho. Bens de consumo dur\u00e1veis tiveram o maior crescimento, com 18,5%. Bens de capital (2,4%), bens intermedi\u00e1rios (2,3%) e bens de consumo semi e n\u00e3o dur\u00e1veis (0,6%) tamb\u00e9m cresceram em agosto, mas abaixo da m\u00e9dia da ind\u00fastria.<\/p>\n<p>Entre os ramos pesquisados, 16 dos 26 apresentaram aumento. A atividade de destaque foi ve\u00edculos automotores, reboques e carrocerias, que cresceu 19,2%. &#8220;A produ\u00e7\u00e3o dos autom\u00f3veis impacta n\u00e3o s\u00f3 dentro da categoria de bens de consumo dur\u00e1veis, mas no setor industrial como um todo, porque influi na confec\u00e7\u00e3o de autope\u00e7as, caminh\u00f5es e carros em geral\u201d, afirmou Macedo.<\/p>\n<p>Tamb\u00e9m tiveram influ\u00eancia no resultado da ind\u00fastria, na passagem de julho para agosto, os setores de coque, produtos derivados do petr\u00f3leo e biocombust\u00edveis, com avan\u00e7o de 3,9% e de ind\u00fastrias extrativas, que cresceu 2,6%.<\/p>\n<p>Segundo a pesquisa, outras atividades que ajudaram no desempenho geral foram produtos de borracha e de material pl\u00e1stico (5,8%), couro, artigos para viagem e cal\u00e7ados (14,9%), produtos de minerais n\u00e3o-met\u00e1licos (4,9%), produtos aliment\u00edcios (1,0%), confec\u00e7\u00e3o de artigos do vestu\u00e1rio e acess\u00f3rios (11,5%), metalurgia (3,2%), produtos t\u00eaxteis (9,1%) e produtos de metal (3,1%), que repetiram o desempenho positivo de julho.<\/p>\n<p>Por outro lado, segundo o IBGE, entre os dez ramos que tiveram redu\u00e7\u00e3o na produ\u00e7\u00e3o, produtos farmoqu\u00edmicos e farmac\u00eauticos (-9,7%), perfumaria, sab\u00f5es, produtos de limpeza e de higiene pessoal (-9,7%) e bebidas (-2,5%) foram os que mais contribu\u00edram para os impactos negativos.<\/p>\n<\/div>\n<p class=\"alt-font font-italic my-2 small text-info\">Edi\u00e7\u00e3o: Maria Claudia<\/p>\n<\/div>\n<\/div>\n","protected":false},"excerpt":{"rendered":"<p>Setor registra crescimento pelo quarto m\u00eas consecutivo Ana Cristina Campos \u2013 Rep\u00f3rter da Ag\u00eancia Brasil &#8211; Rio de Janeiro A produ\u00e7\u00e3o da ind\u00fastria nacional cresceu pelo<span class=\"excerpt-hellip\"> [\u2026]<\/span><\/p>\n","protected":false},"author":10,"featured_media":10853,"comment_status":"open","ping_status":"open","sticky":false,"template":"","format":"standard","meta":{"_jetpack_memberships_contains_paid_content":false,"footnotes":"","jetpack_publicize_message":"","jetpack_publicize_feature_enabled":true,"jetpack_social_post_already_shared":false,"jetpack_social_options":{"image_generator_settings":{"template":"highway","default_image_id":0,"enabled":false},"version":2}},"categories":[53,44],"tags":[],"class_list":["post-10855","post","type-post","status-publish","format-standard","has-post-thumbnail","hentry","category-brasil","category-noticias"],"yoast_head":"<!-- This site is optimized with the Yoast SEO plugin v25.6 - https:\/\/yoast.com\/wordpress\/plugins\/seo\/ -->\n<title>IBGE: produ\u00e7\u00e3o industrial avan\u00e7a 3,2% em agosto - VerdadeOn<\/title>\n<meta name=\"robots\" content=\"index, follow, max-snippet:-1, max-image-preview:large, max-video-preview:-1\" \/>\n<link rel=\"canonical\" href=\"https:\/\/verdadeon.com.br\/portal\/2020\/10\/02\/ibge-producao-industrial-avanca-32-em-agosto\/\" \/>\n<meta property=\"og:locale\" content=\"pt_BR\" \/>\n<meta property=\"og:type\" content=\"article\" \/>\n<meta property=\"og:title\" content=\"IBGE: produ\u00e7\u00e3o industrial avan\u00e7a 3,2% em agosto - VerdadeOn\" \/>\n<meta property=\"og:description\" content=\"Setor registra crescimento pelo quarto m\u00eas consecutivo Ana Cristina Campos \u2013 Rep\u00f3rter da Ag\u00eancia Brasil &#8211; Rio de Janeiro A produ\u00e7\u00e3o da ind\u00fastria nacional cresceu pelo [\u2026]\" \/>\n<meta property=\"og:url\" content=\"https:\/\/verdadeon.com.br\/portal\/2020\/10\/02\/ibge-producao-industrial-avanca-32-em-agosto\/\" \/>\n<meta property=\"og:site_name\" content=\"VerdadeOn\" \/>\n<meta property=\"article:published_time\" content=\"2020-10-02T14:29:06+00:00\" \/>\n<meta property=\"og:image\" content=\"https:\/\/verdadeon.com.br\/portal\/wp-content\/uploads\/2020\/10\/17530596475_1135cb62d3_o.jpg\" \/>\n\t<meta property=\"og:image:width\" content=\"1000\" \/>\n\t<meta property=\"og:image:height\" content=\"670\" \/>\n\t<meta property=\"og:image:type\" content=\"image\/jpeg\" \/>\n<meta name=\"author\" content=\"Redacao VerdadeOn\" \/>\n<meta name=\"twitter:card\" content=\"summary_large_image\" \/>\n<meta name=\"twitter:label1\" content=\"Escrito por\" \/>\n\t<meta name=\"twitter:data1\" content=\"Redacao VerdadeOn\" \/>\n\t<meta name=\"twitter:label2\" content=\"Est. tempo de leitura\" \/>\n\t<meta name=\"twitter:data2\" content=\"3 minutos\" \/>\n<script type=\"application\/ld+json\" class=\"yoast-schema-graph\">{\"@context\":\"https:\/\/schema.org\",\"@graph\":[{\"@type\":\"WebPage\",\"@id\":\"https:\/\/verdadeon.com.br\/portal\/2020\/10\/02\/ibge-producao-industrial-avanca-32-em-agosto\/\",\"url\":\"https:\/\/verdadeon.com.br\/portal\/2020\/10\/02\/ibge-producao-industrial-avanca-32-em-agosto\/\",\"name\":\"IBGE: produ\u00e7\u00e3o industrial avan\u00e7a 3,2% em agosto - VerdadeOn\",\"isPartOf\":{\"@id\":\"https:\/\/verdadeon.com.br\/portal\/#website\"},\"primaryImageOfPage\":{\"@id\":\"https:\/\/verdadeon.com.br\/portal\/2020\/10\/02\/ibge-producao-industrial-avanca-32-em-agosto\/#primaryimage\"},\"image\":{\"@id\":\"https:\/\/verdadeon.com.br\/portal\/2020\/10\/02\/ibge-producao-industrial-avanca-32-em-agosto\/#primaryimage\"},\"thumbnailUrl\":\"https:\/\/i0.wp.com\/verdadeon.com.br\/portal\/wp-content\/uploads\/2020\/10\/17530596475_1135cb62d3_o.jpg?fit=1000%2C670&ssl=1\",\"datePublished\":\"2020-10-02T14:29:06+00:00\",\"author\":{\"@id\":\"https:\/\/verdadeon.com.br\/portal\/#\/schema\/person\/a5060ad1e9ea3df545188fc93ce43d2f\"},\"breadcrumb\":{\"@id\":\"https:\/\/verdadeon.com.br\/portal\/2020\/10\/02\/ibge-producao-industrial-avanca-32-em-agosto\/#breadcrumb\"},\"inLanguage\":\"pt-BR\",\"potentialAction\":[{\"@type\":\"ReadAction\",\"target\":[\"https:\/\/verdadeon.com.br\/portal\/2020\/10\/02\/ibge-producao-industrial-avanca-32-em-agosto\/\"]}]},{\"@type\":\"ImageObject\",\"inLanguage\":\"pt-BR\",\"@id\":\"https:\/\/verdadeon.com.br\/portal\/2020\/10\/02\/ibge-producao-industrial-avanca-32-em-agosto\/#primaryimage\",\"url\":\"https:\/\/i0.wp.com\/verdadeon.com.br\/portal\/wp-content\/uploads\/2020\/10\/17530596475_1135cb62d3_o.jpg?fit=1000%2C670&ssl=1\",\"contentUrl\":\"https:\/\/i0.wp.com\/verdadeon.com.br\/portal\/wp-content\/uploads\/2020\/10\/17530596475_1135cb62d3_o.jpg?fit=1000%2C670&ssl=1\",\"width\":1000,\"height\":670,\"caption\":\"Usina de Cana Estivas. Natal (RN) 20.04.06 - Foto:Jos\u00e9 Paulo Lacerda\"},{\"@type\":\"BreadcrumbList\",\"@id\":\"https:\/\/verdadeon.com.br\/portal\/2020\/10\/02\/ibge-producao-industrial-avanca-32-em-agosto\/#breadcrumb\",\"itemListElement\":[{\"@type\":\"ListItem\",\"position\":1,\"name\":\"In\u00edcio\",\"item\":\"https:\/\/verdadeon.com.br\/portal\/\"},{\"@type\":\"ListItem\",\"position\":2,\"name\":\"IBGE: produ\u00e7\u00e3o industrial avan\u00e7a 3,2% em agosto\"}]},{\"@type\":\"WebSite\",\"@id\":\"https:\/\/verdadeon.com.br\/portal\/#website\",\"url\":\"https:\/\/verdadeon.com.br\/portal\/\",\"name\":\"VerdadeOn\",\"description\":\"Not\u00edcias di\u00e1rias sobre Franca, Regi\u00e3o, Esporte, Cultura, Cotidiano, Colunas. Cobertura nos principais eventos da cidade \u00e9 aqui - Verdadeon Franca\",\"potentialAction\":[{\"@type\":\"SearchAction\",\"target\":{\"@type\":\"EntryPoint\",\"urlTemplate\":\"https:\/\/verdadeon.com.br\/portal\/?s={search_term_string}\"},\"query-input\":{\"@type\":\"PropertyValueSpecification\",\"valueRequired\":true,\"valueName\":\"search_term_string\"}}],\"inLanguage\":\"pt-BR\"},{\"@type\":\"Person\",\"@id\":\"https:\/\/verdadeon.com.br\/portal\/#\/schema\/person\/a5060ad1e9ea3df545188fc93ce43d2f\",\"name\":\"Redacao VerdadeOn\",\"image\":{\"@type\":\"ImageObject\",\"inLanguage\":\"pt-BR\",\"@id\":\"https:\/\/verdadeon.com.br\/portal\/#\/schema\/person\/image\/\",\"url\":\"https:\/\/secure.gravatar.com\/avatar\/459a9613caaaf07f582c3d0841eea68bdd66f533e465e6ba8b9cb45619572cf4?s=96&d=mm&r=g\",\"contentUrl\":\"https:\/\/secure.gravatar.com\/avatar\/459a9613caaaf07f582c3d0841eea68bdd66f533e465e6ba8b9cb45619572cf4?s=96&d=mm&r=g\",\"caption\":\"Redacao VerdadeOn\"},\"url\":\"https:\/\/verdadeon.com.br\/portal\/author\/redacao\/\"}]}<\/script>\n<!-- \/ Yoast SEO plugin. -->","yoast_head_json":{"title":"IBGE: produ\u00e7\u00e3o industrial avan\u00e7a 3,2% em agosto - VerdadeOn","robots":{"index":"index","follow":"follow","max-snippet":"max-snippet:-1","max-image-preview":"max-image-preview:large","max-video-preview":"max-video-preview:-1"},"canonical":"https:\/\/verdadeon.com.br\/portal\/2020\/10\/02\/ibge-producao-industrial-avanca-32-em-agosto\/","og_locale":"pt_BR","og_type":"article","og_title":"IBGE: produ\u00e7\u00e3o industrial avan\u00e7a 3,2% em agosto - VerdadeOn","og_description":"Setor registra crescimento pelo quarto m\u00eas consecutivo Ana Cristina Campos \u2013 Rep\u00f3rter da Ag\u00eancia Brasil &#8211; Rio de Janeiro A produ\u00e7\u00e3o da ind\u00fastria nacional cresceu pelo [\u2026]","og_url":"https:\/\/verdadeon.com.br\/portal\/2020\/10\/02\/ibge-producao-industrial-avanca-32-em-agosto\/","og_site_name":"VerdadeOn","article_published_time":"2020-10-02T14:29:06+00:00","og_image":[{"width":1000,"height":670,"url":"https:\/\/verdadeon.com.br\/portal\/wp-content\/uploads\/2020\/10\/17530596475_1135cb62d3_o.jpg","type":"image\/jpeg"}],"author":"Redacao VerdadeOn","twitter_card":"summary_large_image","twitter_misc":{"Escrito por":"Redacao VerdadeOn","Est. tempo de leitura":"3 minutos"},"schema":{"@context":"https:\/\/schema.org","@graph":[{"@type":"WebPage","@id":"https:\/\/verdadeon.com.br\/portal\/2020\/10\/02\/ibge-producao-industrial-avanca-32-em-agosto\/","url":"https:\/\/verdadeon.com.br\/portal\/2020\/10\/02\/ibge-producao-industrial-avanca-32-em-agosto\/","name":"IBGE: produ\u00e7\u00e3o industrial avan\u00e7a 3,2% em agosto - VerdadeOn","isPartOf":{"@id":"https:\/\/verdadeon.com.br\/portal\/#website"},"primaryImageOfPage":{"@id":"https:\/\/verdadeon.com.br\/portal\/2020\/10\/02\/ibge-producao-industrial-avanca-32-em-agosto\/#primaryimage"},"image":{"@id":"https:\/\/verdadeon.com.br\/portal\/2020\/10\/02\/ibge-producao-industrial-avanca-32-em-agosto\/#primaryimage"},"thumbnailUrl":"https:\/\/i0.wp.com\/verdadeon.com.br\/portal\/wp-content\/uploads\/2020\/10\/17530596475_1135cb62d3_o.jpg?fit=1000%2C670&ssl=1","datePublished":"2020-10-02T14:29:06+00:00","author":{"@id":"https:\/\/verdadeon.com.br\/portal\/#\/schema\/person\/a5060ad1e9ea3df545188fc93ce43d2f"},"breadcrumb":{"@id":"https:\/\/verdadeon.com.br\/portal\/2020\/10\/02\/ibge-producao-industrial-avanca-32-em-agosto\/#breadcrumb"},"inLanguage":"pt-BR","potentialAction":[{"@type":"ReadAction","target":["https:\/\/verdadeon.com.br\/portal\/2020\/10\/02\/ibge-producao-industrial-avanca-32-em-agosto\/"]}]},{"@type":"ImageObject","inLanguage":"pt-BR","@id":"https:\/\/verdadeon.com.br\/portal\/2020\/10\/02\/ibge-producao-industrial-avanca-32-em-agosto\/#primaryimage","url":"https:\/\/i0.wp.com\/verdadeon.com.br\/portal\/wp-content\/uploads\/2020\/10\/17530596475_1135cb62d3_o.jpg?fit=1000%2C670&ssl=1","contentUrl":"https:\/\/i0.wp.com\/verdadeon.com.br\/portal\/wp-content\/uploads\/2020\/10\/17530596475_1135cb62d3_o.jpg?fit=1000%2C670&ssl=1","width":1000,"height":670,"caption":"Usina de Cana Estivas. Natal (RN) 20.04.06 - Foto:Jos\u00e9 Paulo Lacerda"},{"@type":"BreadcrumbList","@id":"https:\/\/verdadeon.com.br\/portal\/2020\/10\/02\/ibge-producao-industrial-avanca-32-em-agosto\/#breadcrumb","itemListElement":[{"@type":"ListItem","position":1,"name":"In\u00edcio","item":"https:\/\/verdadeon.com.br\/portal\/"},{"@type":"ListItem","position":2,"name":"IBGE: produ\u00e7\u00e3o industrial avan\u00e7a 3,2% em agosto"}]},{"@type":"WebSite","@id":"https:\/\/verdadeon.com.br\/portal\/#website","url":"https:\/\/verdadeon.com.br\/portal\/","name":"VerdadeOn","description":"Not\u00edcias di\u00e1rias sobre Franca, Regi\u00e3o, Esporte, Cultura, Cotidiano, Colunas. Cobertura nos principais eventos da cidade \u00e9 aqui - Verdadeon Franca","potentialAction":[{"@type":"SearchAction","target":{"@type":"EntryPoint","urlTemplate":"https:\/\/verdadeon.com.br\/portal\/?s={search_term_string}"},"query-input":{"@type":"PropertyValueSpecification","valueRequired":true,"valueName":"search_term_string"}}],"inLanguage":"pt-BR"},{"@type":"Person","@id":"https:\/\/verdadeon.com.br\/portal\/#\/schema\/person\/a5060ad1e9ea3df545188fc93ce43d2f","name":"Redacao VerdadeOn","image":{"@type":"ImageObject","inLanguage":"pt-BR","@id":"https:\/\/verdadeon.com.br\/portal\/#\/schema\/person\/image\/","url":"https:\/\/secure.gravatar.com\/avatar\/459a9613caaaf07f582c3d0841eea68bdd66f533e465e6ba8b9cb45619572cf4?s=96&d=mm&r=g","contentUrl":"https:\/\/secure.gravatar.com\/avatar\/459a9613caaaf07f582c3d0841eea68bdd66f533e465e6ba8b9cb45619572cf4?s=96&d=mm&r=g","caption":"Redacao VerdadeOn"},"url":"https:\/\/verdadeon.com.br\/portal\/author\/redacao\/"}]}},"jetpack_publicize_connections":[],"jetpack_featured_media_url":"https:\/\/i0.wp.com\/verdadeon.com.br\/portal\/wp-content\/uploads\/2020\/10\/17530596475_1135cb62d3_o.jpg?fit=1000%2C670&ssl=1","jetpack_sharing_enabled":true,"_links":{"self":[{"href":"https:\/\/verdadeon.com.br\/portal\/wp-json\/wp\/v2\/posts\/10855","targetHints":{"allow":["GET"]}}],"collection":[{"href":"https:\/\/verdadeon.com.br\/portal\/wp-json\/wp\/v2\/posts"}],"about":[{"href":"https:\/\/verdadeon.com.br\/portal\/wp-json\/wp\/v2\/types\/post"}],"author":[{"embeddable":true,"href":"https:\/\/verdadeon.com.br\/portal\/wp-json\/wp\/v2\/users\/10"}],"replies":[{"embeddable":true,"href":"https:\/\/verdadeon.com.br\/portal\/wp-json\/wp\/v2\/comments?post=10855"}],"version-history":[{"count":0,"href":"https:\/\/verdadeon.com.br\/portal\/wp-json\/wp\/v2\/posts\/10855\/revisions"}],"wp:featuredmedia":[{"embeddable":true,"href":"https:\/\/verdadeon.com.br\/portal\/wp-json\/wp\/v2\/media\/10853"}],"wp:attachment":[{"href":"https:\/\/verdadeon.com.br\/portal\/wp-json\/wp\/v2\/media?parent=10855"}],"wp:term":[{"taxonomy":"category","embeddable":true,"href":"https:\/\/verdadeon.com.br\/portal\/wp-json\/wp\/v2\/categories?post=10855"},{"taxonomy":"post_tag","embeddable":true,"href":"https:\/\/verdadeon.com.br\/portal\/wp-json\/wp\/v2\/tags?post=10855"}],"curies":[{"name":"wp","href":"https:\/\/api.w.org\/{rel}","templated":true}]}}