{"id":10845,"date":"2020-10-02T11:26:48","date_gmt":"2020-10-02T14:26:48","guid":{"rendered":"http:\/\/verdadeon.com.br\/portal\/?p=10845"},"modified":"2020-10-02T11:26:48","modified_gmt":"2020-10-02T14:26:48","slug":"representantes-de-delfinopolis-e-sao-joao-batista-do-gloria-pedem-solucao-a-delimitacao-do-parque-nacional-da-serra-da-canastra-pnsc","status":"publish","type":"post","link":"https:\/\/verdadeon.com.br\/portal\/2020\/10\/02\/representantes-de-delfinopolis-e-sao-joao-batista-do-gloria-pedem-solucao-a-delimitacao-do-parque-nacional-da-serra-da-canastra-pnsc\/","title":{"rendered":"Representantes de Delfin\u00f3polis e S\u00e3o Jo\u00e3o Batista do Gl\u00f3ria pedem solu\u00e7\u00e3o \u00e0 delimita\u00e7\u00e3o do Parque Nacional da Serra da Canastra (PNSC)"},"content":{"rendered":"<p>Representantes de Delfin\u00f3polis e S\u00e3o Jo\u00e3o Batista do Gl\u00f3ria, acompanhados pelas prefeitas Suely Alves Ferreira Lemos e Aparecida Nilva dos Santos, foram at\u00e9 o ministro do meio ambiente, Ricardo Salles, em Bras\u00edlia, para pleitear solu\u00e7\u00e3o \u00e0 delimita\u00e7\u00e3o do Parque Nacional da Serra da Canastra (PNSC). Essa \u00e9 uma situa\u00e7\u00e3o indefinida com uma briga judicial que dura mais de 40 anos.<br \/>\nA reuni\u00e3o aconteceu na \u00faltima quarta-feira, 30 de setembro, e foi agendada com o apoio da deputada Greyce Elias. Com as prefeitas estavam Paulo Soares, representando os Bananicultores e demais produtores rurais da regi\u00e3o; al\u00e9m de Ana Trindade, representando o grupo Canastra Livre. O grupo tamb\u00e9m encontrou com o presidente Bolsonaro, a quem a prefeita j\u00e1 havia destinado pedidos para o asfaltamento da Rodovia BR-464 e da constru\u00e7\u00e3o da ponte onde hoje \u00e9 feito o transporte por balsas.<\/p>\n<p>Suely Lemos afirmou ao Ministro que o Parque Nacional da Serra da Canastra foi criado por meio do Decreto n\u00ba 70.355\/1972 com uma \u00e1rea inicial estimada em cerca de 200mil hectares, mas efetivamente regularizados somente 71.525 hectares.<br \/>\nNo entanto, a autarquia federal respons\u00e1vel pela administra\u00e7\u00e3o do parque, o Instituto Chico Mendes de Conserva\u00e7\u00e3o da Biodiversidade (ICMBio), desde de meados de 2005, estaria estendendo o raio de atua\u00e7\u00e3o para al\u00e9m de 71.525 hectares.<br \/>\n\u201cNosso munic\u00edpio, hoje, vive uma inseguran\u00e7a jur\u00eddica, o que impede investimento de particulares na \u00e1rea da agropecu\u00e1ria, turismo, e at\u00e9 mesmo na expans\u00e3o da nossa cidade, pois a \u00e1rea de amortecimento do parque praticamente engloba a cidade inteira. Assim, contamos com apoio do ministro do meio ambiente para atender nossa demanda, e para que juntos possamos resolver tal conflito de forma definitiva\u201d, esclareceu Suely.<br \/>\nDesta forma, com apoio de Greyce Elias, foi solicitada a caducidade do decreto que permite a expans\u00e3o para al\u00e9m dos 71.525 hectares do Parque Nacional, bem como o reconhecimento imediato de sua revoga\u00e7\u00e3o. Ainda foi pleiteado que seja afastada a incid\u00eancia do chamado \u201cPlano de Manejo do Parque Nacional\u201d de todas as terras particulares afetadas, bem como de todo o per\u00edmetro urbano do munic\u00edpio de Delfin\u00f3polis.<br \/>\nTamb\u00e9m foi pedida autoriza\u00e7\u00e3o aos propriet\u00e1rios de terra para que executem atividades econ\u00f4micas em suas propriedades rurais, desde que sujeitos as normas administrativas e legais gerais quanto a atividades de impacto ambiental relevante e, por \u00faltimo, requereu-se provid\u00eancias urgentes para combater o inc\u00eandio no Parque Nacional da Serra da Canastra, bem como, posteriormente, o desenvolvimento de um plano de preven\u00e7\u00e3o aos inc\u00eandios.<\/p>\n<p>&nbsp;<\/p>\n<p><img data-recalc-dims=\"1\" loading=\"lazy\" decoding=\"async\" class=\"alignnone wp-image-10850 size-full\" src=\"https:\/\/i0.wp.com\/verdadeon.com.br\/portal\/wp-content\/uploads\/2020\/10\/WhatsApp-Image-2020-10-01-at-19.08.50-1.jpeg?resize=1000%2C670\" alt=\"\" width=\"1000\" height=\"670\" srcset=\"https:\/\/i0.wp.com\/verdadeon.com.br\/portal\/wp-content\/uploads\/2020\/10\/WhatsApp-Image-2020-10-01-at-19.08.50-1.jpeg?w=1000&amp;ssl=1 1000w, https:\/\/i0.wp.com\/verdadeon.com.br\/portal\/wp-content\/uploads\/2020\/10\/WhatsApp-Image-2020-10-01-at-19.08.50-1.jpeg?resize=300%2C201&amp;ssl=1 300w, https:\/\/i0.wp.com\/verdadeon.com.br\/portal\/wp-content\/uploads\/2020\/10\/WhatsApp-Image-2020-10-01-at-19.08.50-1.jpeg?resize=768%2C515&amp;ssl=1 768w, https:\/\/i0.wp.com\/verdadeon.com.br\/portal\/wp-content\/uploads\/2020\/10\/WhatsApp-Image-2020-10-01-at-19.08.50-1.jpeg?resize=218%2C146&amp;ssl=1 218w, https:\/\/i0.wp.com\/verdadeon.com.br\/portal\/wp-content\/uploads\/2020\/10\/WhatsApp-Image-2020-10-01-at-19.08.50-1.jpeg?resize=50%2C34&amp;ssl=1 50w, https:\/\/i0.wp.com\/verdadeon.com.br\/portal\/wp-content\/uploads\/2020\/10\/WhatsApp-Image-2020-10-01-at-19.08.50-1.jpeg?resize=112%2C75&amp;ssl=1 112w\" sizes=\"auto, (max-width: 1000px) 100vw, 1000px\" \/><\/p>\n<p>&nbsp;<\/p>\n<p><strong>Bolsonaro<\/strong><br \/>\nNa mesma oportunidade, a convite da Deputada Greyce Elias, o grupo esteve em um evento no Pal\u00e1cio do Planalto onde estava tamb\u00e9m o presidente Jair Messias Bolsonaro e a esposa dele, Michele Bolsonaro.<br \/>\nA prefeita Suely Lemos lembrou que fez solicita\u00e7\u00e3o ao presidente, por meio de of\u00edcio, para o asfaltamento da Rodovia BR-464, que liga Delfin\u00f3polis a S\u00e3o Jo\u00e3o Batista do Gl\u00f3ria, uma grande necessidade da cidade, para facilitar o escoamento da produ\u00e7\u00e3o e melhoria no acesso ao munic\u00edpio.<br \/>\nA prefeita tamb\u00e9m encaminhou c\u00f3pia do projeto para execu\u00e7\u00e3o da ponte sob o reservat\u00f3rio da Usina Hidrel\u00e9trica Mascarenhas de Moraes, onde hoje o transporte \u00e9 feito por Balsa. A ponte resolve outro grande problema de acesso \u00e0 cidade.<br \/>\nSendo uma das principais rotas para chegar ao territ\u00f3rio delfinopolitano, a ponte deve facilitar, al\u00e9m da locomo\u00e7\u00e3o dos pr\u00f3prios moradores, o aumento do fluxo tur\u00edstico, e o escoamento da produ\u00e7\u00e3o agropecu\u00e1ria da cidade, uma vez que Delfin\u00f3polis \u00e9 o segundo maior produtor de banana prata do Estado de Minas Gerais e o primeiro produtor de soja do sudoeste mineiro, com produ\u00e7\u00e3o anual estimada em R$ 200.450.000,00.<\/p>\n","protected":false},"excerpt":{"rendered":"<p>Representantes de Delfin\u00f3polis e S\u00e3o Jo\u00e3o Batista do Gl\u00f3ria, acompanhados pelas prefeitas Suely Alves Ferreira Lemos e Aparecida Nilva dos Santos, foram at\u00e9 o ministro do<span class=\"excerpt-hellip\"> [\u2026]<\/span><\/p>\n","protected":false},"author":10,"featured_media":10848,"comment_status":"open","ping_status":"open","sticky":false,"template":"","format":"standard","meta":{"_jetpack_memberships_contains_paid_content":false,"footnotes":"","jetpack_publicize_message":"","jetpack_publicize_feature_enabled":true,"jetpack_social_post_already_shared":false,"jetpack_social_options":{"image_generator_settings":{"template":"highway","default_image_id":0,"enabled":false},"version":2}},"categories":[53,44],"tags":[],"class_list":["post-10845","post","type-post","status-publish","format-standard","has-post-thumbnail","hentry","category-brasil","category-noticias"],"yoast_head":"<!-- This site is optimized with the Yoast SEO plugin v25.6 - https:\/\/yoast.com\/wordpress\/plugins\/seo\/ -->\n<title>Representantes de Delfin\u00f3polis e S\u00e3o Jo\u00e3o Batista do Gl\u00f3ria pedem solu\u00e7\u00e3o \u00e0 delimita\u00e7\u00e3o do Parque Nacional da Serra da Canastra (PNSC) - VerdadeOn<\/title>\n<meta name=\"robots\" content=\"index, follow, max-snippet:-1, max-image-preview:large, max-video-preview:-1\" \/>\n<link rel=\"canonical\" href=\"https:\/\/verdadeon.com.br\/portal\/2020\/10\/02\/representantes-de-delfinopolis-e-sao-joao-batista-do-gloria-pedem-solucao-a-delimitacao-do-parque-nacional-da-serra-da-canastra-pnsc\/\" \/>\n<meta property=\"og:locale\" content=\"pt_BR\" \/>\n<meta property=\"og:type\" content=\"article\" \/>\n<meta property=\"og:title\" content=\"Representantes de Delfin\u00f3polis e S\u00e3o Jo\u00e3o Batista do Gl\u00f3ria pedem solu\u00e7\u00e3o \u00e0 delimita\u00e7\u00e3o do Parque Nacional da Serra da Canastra (PNSC) - VerdadeOn\" \/>\n<meta property=\"og:description\" content=\"Representantes de Delfin\u00f3polis e S\u00e3o Jo\u00e3o Batista do Gl\u00f3ria, acompanhados pelas prefeitas Suely Alves Ferreira Lemos e Aparecida Nilva dos Santos, foram at\u00e9 o ministro do [\u2026]\" \/>\n<meta property=\"og:url\" content=\"https:\/\/verdadeon.com.br\/portal\/2020\/10\/02\/representantes-de-delfinopolis-e-sao-joao-batista-do-gloria-pedem-solucao-a-delimitacao-do-parque-nacional-da-serra-da-canastra-pnsc\/\" \/>\n<meta property=\"og:site_name\" content=\"VerdadeOn\" \/>\n<meta property=\"article:published_time\" content=\"2020-10-02T14:26:48+00:00\" \/>\n<meta property=\"og:image\" content=\"https:\/\/verdadeon.com.br\/portal\/wp-content\/uploads\/2020\/10\/WhatsApp-Image-2020-10-01-at-19.08.17-1.jpeg\" \/>\n\t<meta property=\"og:image:width\" content=\"1000\" \/>\n\t<meta property=\"og:image:height\" content=\"670\" \/>\n\t<meta property=\"og:image:type\" content=\"image\/jpeg\" \/>\n<meta name=\"author\" content=\"Redacao VerdadeOn\" \/>\n<meta name=\"twitter:card\" content=\"summary_large_image\" \/>\n<meta name=\"twitter:label1\" content=\"Escrito por\" \/>\n\t<meta name=\"twitter:data1\" content=\"Redacao VerdadeOn\" \/>\n\t<meta name=\"twitter:label2\" content=\"Est. tempo de leitura\" \/>\n\t<meta name=\"twitter:data2\" content=\"3 minutos\" \/>\n<script type=\"application\/ld+json\" class=\"yoast-schema-graph\">{\"@context\":\"https:\/\/schema.org\",\"@graph\":[{\"@type\":\"WebPage\",\"@id\":\"https:\/\/verdadeon.com.br\/portal\/2020\/10\/02\/representantes-de-delfinopolis-e-sao-joao-batista-do-gloria-pedem-solucao-a-delimitacao-do-parque-nacional-da-serra-da-canastra-pnsc\/\",\"url\":\"https:\/\/verdadeon.com.br\/portal\/2020\/10\/02\/representantes-de-delfinopolis-e-sao-joao-batista-do-gloria-pedem-solucao-a-delimitacao-do-parque-nacional-da-serra-da-canastra-pnsc\/\",\"name\":\"Representantes de Delfin\u00f3polis e S\u00e3o Jo\u00e3o Batista do Gl\u00f3ria pedem solu\u00e7\u00e3o \u00e0 delimita\u00e7\u00e3o do Parque Nacional da Serra da Canastra (PNSC) - VerdadeOn\",\"isPartOf\":{\"@id\":\"https:\/\/verdadeon.com.br\/portal\/#website\"},\"primaryImageOfPage\":{\"@id\":\"https:\/\/verdadeon.com.br\/portal\/2020\/10\/02\/representantes-de-delfinopolis-e-sao-joao-batista-do-gloria-pedem-solucao-a-delimitacao-do-parque-nacional-da-serra-da-canastra-pnsc\/#primaryimage\"},\"image\":{\"@id\":\"https:\/\/verdadeon.com.br\/portal\/2020\/10\/02\/representantes-de-delfinopolis-e-sao-joao-batista-do-gloria-pedem-solucao-a-delimitacao-do-parque-nacional-da-serra-da-canastra-pnsc\/#primaryimage\"},\"thumbnailUrl\":\"https:\/\/i0.wp.com\/verdadeon.com.br\/portal\/wp-content\/uploads\/2020\/10\/WhatsApp-Image-2020-10-01-at-19.08.17-1.jpeg?fit=1000%2C670&ssl=1\",\"datePublished\":\"2020-10-02T14:26:48+00:00\",\"author\":{\"@id\":\"https:\/\/verdadeon.com.br\/portal\/#\/schema\/person\/a5060ad1e9ea3df545188fc93ce43d2f\"},\"breadcrumb\":{\"@id\":\"https:\/\/verdadeon.com.br\/portal\/2020\/10\/02\/representantes-de-delfinopolis-e-sao-joao-batista-do-gloria-pedem-solucao-a-delimitacao-do-parque-nacional-da-serra-da-canastra-pnsc\/#breadcrumb\"},\"inLanguage\":\"pt-BR\",\"potentialAction\":[{\"@type\":\"ReadAction\",\"target\":[\"https:\/\/verdadeon.com.br\/portal\/2020\/10\/02\/representantes-de-delfinopolis-e-sao-joao-batista-do-gloria-pedem-solucao-a-delimitacao-do-parque-nacional-da-serra-da-canastra-pnsc\/\"]}]},{\"@type\":\"ImageObject\",\"inLanguage\":\"pt-BR\",\"@id\":\"https:\/\/verdadeon.com.br\/portal\/2020\/10\/02\/representantes-de-delfinopolis-e-sao-joao-batista-do-gloria-pedem-solucao-a-delimitacao-do-parque-nacional-da-serra-da-canastra-pnsc\/#primaryimage\",\"url\":\"https:\/\/i0.wp.com\/verdadeon.com.br\/portal\/wp-content\/uploads\/2020\/10\/WhatsApp-Image-2020-10-01-at-19.08.17-1.jpeg?fit=1000%2C670&ssl=1\",\"contentUrl\":\"https:\/\/i0.wp.com\/verdadeon.com.br\/portal\/wp-content\/uploads\/2020\/10\/WhatsApp-Image-2020-10-01-at-19.08.17-1.jpeg?fit=1000%2C670&ssl=1\",\"width\":1000,\"height\":670},{\"@type\":\"BreadcrumbList\",\"@id\":\"https:\/\/verdadeon.com.br\/portal\/2020\/10\/02\/representantes-de-delfinopolis-e-sao-joao-batista-do-gloria-pedem-solucao-a-delimitacao-do-parque-nacional-da-serra-da-canastra-pnsc\/#breadcrumb\",\"itemListElement\":[{\"@type\":\"ListItem\",\"position\":1,\"name\":\"In\u00edcio\",\"item\":\"https:\/\/verdadeon.com.br\/portal\/\"},{\"@type\":\"ListItem\",\"position\":2,\"name\":\"Representantes de Delfin\u00f3polis e S\u00e3o Jo\u00e3o Batista do Gl\u00f3ria pedem solu\u00e7\u00e3o \u00e0 delimita\u00e7\u00e3o do Parque Nacional da Serra da Canastra (PNSC)\"}]},{\"@type\":\"WebSite\",\"@id\":\"https:\/\/verdadeon.com.br\/portal\/#website\",\"url\":\"https:\/\/verdadeon.com.br\/portal\/\",\"name\":\"VerdadeOn\",\"description\":\"Not\u00edcias di\u00e1rias sobre Franca, Regi\u00e3o, Esporte, Cultura, Cotidiano, Colunas. Cobertura nos principais eventos da cidade \u00e9 aqui - Verdadeon Franca\",\"potentialAction\":[{\"@type\":\"SearchAction\",\"target\":{\"@type\":\"EntryPoint\",\"urlTemplate\":\"https:\/\/verdadeon.com.br\/portal\/?s={search_term_string}\"},\"query-input\":{\"@type\":\"PropertyValueSpecification\",\"valueRequired\":true,\"valueName\":\"search_term_string\"}}],\"inLanguage\":\"pt-BR\"},{\"@type\":\"Person\",\"@id\":\"https:\/\/verdadeon.com.br\/portal\/#\/schema\/person\/a5060ad1e9ea3df545188fc93ce43d2f\",\"name\":\"Redacao VerdadeOn\",\"image\":{\"@type\":\"ImageObject\",\"inLanguage\":\"pt-BR\",\"@id\":\"https:\/\/verdadeon.com.br\/portal\/#\/schema\/person\/image\/\",\"url\":\"https:\/\/secure.gravatar.com\/avatar\/459a9613caaaf07f582c3d0841eea68bdd66f533e465e6ba8b9cb45619572cf4?s=96&d=mm&r=g\",\"contentUrl\":\"https:\/\/secure.gravatar.com\/avatar\/459a9613caaaf07f582c3d0841eea68bdd66f533e465e6ba8b9cb45619572cf4?s=96&d=mm&r=g\",\"caption\":\"Redacao VerdadeOn\"},\"url\":\"https:\/\/verdadeon.com.br\/portal\/author\/redacao\/\"}]}<\/script>\n<!-- \/ Yoast SEO plugin. -->","yoast_head_json":{"title":"Representantes de Delfin\u00f3polis e S\u00e3o Jo\u00e3o Batista do Gl\u00f3ria pedem solu\u00e7\u00e3o \u00e0 delimita\u00e7\u00e3o do Parque Nacional da Serra da Canastra (PNSC) - VerdadeOn","robots":{"index":"index","follow":"follow","max-snippet":"max-snippet:-1","max-image-preview":"max-image-preview:large","max-video-preview":"max-video-preview:-1"},"canonical":"https:\/\/verdadeon.com.br\/portal\/2020\/10\/02\/representantes-de-delfinopolis-e-sao-joao-batista-do-gloria-pedem-solucao-a-delimitacao-do-parque-nacional-da-serra-da-canastra-pnsc\/","og_locale":"pt_BR","og_type":"article","og_title":"Representantes de Delfin\u00f3polis e S\u00e3o Jo\u00e3o Batista do Gl\u00f3ria pedem solu\u00e7\u00e3o \u00e0 delimita\u00e7\u00e3o do Parque Nacional da Serra da Canastra (PNSC) - VerdadeOn","og_description":"Representantes de Delfin\u00f3polis e S\u00e3o Jo\u00e3o Batista do Gl\u00f3ria, acompanhados pelas prefeitas Suely Alves Ferreira Lemos e Aparecida Nilva dos Santos, foram at\u00e9 o ministro do [\u2026]","og_url":"https:\/\/verdadeon.com.br\/portal\/2020\/10\/02\/representantes-de-delfinopolis-e-sao-joao-batista-do-gloria-pedem-solucao-a-delimitacao-do-parque-nacional-da-serra-da-canastra-pnsc\/","og_site_name":"VerdadeOn","article_published_time":"2020-10-02T14:26:48+00:00","og_image":[{"width":1000,"height":670,"url":"https:\/\/verdadeon.com.br\/portal\/wp-content\/uploads\/2020\/10\/WhatsApp-Image-2020-10-01-at-19.08.17-1.jpeg","type":"image\/jpeg"}],"author":"Redacao VerdadeOn","twitter_card":"summary_large_image","twitter_misc":{"Escrito por":"Redacao VerdadeOn","Est. tempo de leitura":"3 minutos"},"schema":{"@context":"https:\/\/schema.org","@graph":[{"@type":"WebPage","@id":"https:\/\/verdadeon.com.br\/portal\/2020\/10\/02\/representantes-de-delfinopolis-e-sao-joao-batista-do-gloria-pedem-solucao-a-delimitacao-do-parque-nacional-da-serra-da-canastra-pnsc\/","url":"https:\/\/verdadeon.com.br\/portal\/2020\/10\/02\/representantes-de-delfinopolis-e-sao-joao-batista-do-gloria-pedem-solucao-a-delimitacao-do-parque-nacional-da-serra-da-canastra-pnsc\/","name":"Representantes de Delfin\u00f3polis e S\u00e3o Jo\u00e3o Batista do Gl\u00f3ria pedem solu\u00e7\u00e3o \u00e0 delimita\u00e7\u00e3o do Parque Nacional da Serra da Canastra (PNSC) - VerdadeOn","isPartOf":{"@id":"https:\/\/verdadeon.com.br\/portal\/#website"},"primaryImageOfPage":{"@id":"https:\/\/verdadeon.com.br\/portal\/2020\/10\/02\/representantes-de-delfinopolis-e-sao-joao-batista-do-gloria-pedem-solucao-a-delimitacao-do-parque-nacional-da-serra-da-canastra-pnsc\/#primaryimage"},"image":{"@id":"https:\/\/verdadeon.com.br\/portal\/2020\/10\/02\/representantes-de-delfinopolis-e-sao-joao-batista-do-gloria-pedem-solucao-a-delimitacao-do-parque-nacional-da-serra-da-canastra-pnsc\/#primaryimage"},"thumbnailUrl":"https:\/\/i0.wp.com\/verdadeon.com.br\/portal\/wp-content\/uploads\/2020\/10\/WhatsApp-Image-2020-10-01-at-19.08.17-1.jpeg?fit=1000%2C670&ssl=1","datePublished":"2020-10-02T14:26:48+00:00","author":{"@id":"https:\/\/verdadeon.com.br\/portal\/#\/schema\/person\/a5060ad1e9ea3df545188fc93ce43d2f"},"breadcrumb":{"@id":"https:\/\/verdadeon.com.br\/portal\/2020\/10\/02\/representantes-de-delfinopolis-e-sao-joao-batista-do-gloria-pedem-solucao-a-delimitacao-do-parque-nacional-da-serra-da-canastra-pnsc\/#breadcrumb"},"inLanguage":"pt-BR","potentialAction":[{"@type":"ReadAction","target":["https:\/\/verdadeon.com.br\/portal\/2020\/10\/02\/representantes-de-delfinopolis-e-sao-joao-batista-do-gloria-pedem-solucao-a-delimitacao-do-parque-nacional-da-serra-da-canastra-pnsc\/"]}]},{"@type":"ImageObject","inLanguage":"pt-BR","@id":"https:\/\/verdadeon.com.br\/portal\/2020\/10\/02\/representantes-de-delfinopolis-e-sao-joao-batista-do-gloria-pedem-solucao-a-delimitacao-do-parque-nacional-da-serra-da-canastra-pnsc\/#primaryimage","url":"https:\/\/i0.wp.com\/verdadeon.com.br\/portal\/wp-content\/uploads\/2020\/10\/WhatsApp-Image-2020-10-01-at-19.08.17-1.jpeg?fit=1000%2C670&ssl=1","contentUrl":"https:\/\/i0.wp.com\/verdadeon.com.br\/portal\/wp-content\/uploads\/2020\/10\/WhatsApp-Image-2020-10-01-at-19.08.17-1.jpeg?fit=1000%2C670&ssl=1","width":1000,"height":670},{"@type":"BreadcrumbList","@id":"https:\/\/verdadeon.com.br\/portal\/2020\/10\/02\/representantes-de-delfinopolis-e-sao-joao-batista-do-gloria-pedem-solucao-a-delimitacao-do-parque-nacional-da-serra-da-canastra-pnsc\/#breadcrumb","itemListElement":[{"@type":"ListItem","position":1,"name":"In\u00edcio","item":"https:\/\/verdadeon.com.br\/portal\/"},{"@type":"ListItem","position":2,"name":"Representantes de Delfin\u00f3polis e S\u00e3o Jo\u00e3o Batista do Gl\u00f3ria pedem solu\u00e7\u00e3o \u00e0 delimita\u00e7\u00e3o do Parque Nacional da Serra da Canastra (PNSC)"}]},{"@type":"WebSite","@id":"https:\/\/verdadeon.com.br\/portal\/#website","url":"https:\/\/verdadeon.com.br\/portal\/","name":"VerdadeOn","description":"Not\u00edcias di\u00e1rias sobre Franca, Regi\u00e3o, Esporte, Cultura, Cotidiano, Colunas. Cobertura nos principais eventos da cidade \u00e9 aqui - Verdadeon Franca","potentialAction":[{"@type":"SearchAction","target":{"@type":"EntryPoint","urlTemplate":"https:\/\/verdadeon.com.br\/portal\/?s={search_term_string}"},"query-input":{"@type":"PropertyValueSpecification","valueRequired":true,"valueName":"search_term_string"}}],"inLanguage":"pt-BR"},{"@type":"Person","@id":"https:\/\/verdadeon.com.br\/portal\/#\/schema\/person\/a5060ad1e9ea3df545188fc93ce43d2f","name":"Redacao VerdadeOn","image":{"@type":"ImageObject","inLanguage":"pt-BR","@id":"https:\/\/verdadeon.com.br\/portal\/#\/schema\/person\/image\/","url":"https:\/\/secure.gravatar.com\/avatar\/459a9613caaaf07f582c3d0841eea68bdd66f533e465e6ba8b9cb45619572cf4?s=96&d=mm&r=g","contentUrl":"https:\/\/secure.gravatar.com\/avatar\/459a9613caaaf07f582c3d0841eea68bdd66f533e465e6ba8b9cb45619572cf4?s=96&d=mm&r=g","caption":"Redacao VerdadeOn"},"url":"https:\/\/verdadeon.com.br\/portal\/author\/redacao\/"}]}},"jetpack_publicize_connections":[],"jetpack_featured_media_url":"https:\/\/i0.wp.com\/verdadeon.com.br\/portal\/wp-content\/uploads\/2020\/10\/WhatsApp-Image-2020-10-01-at-19.08.17-1.jpeg?fit=1000%2C670&ssl=1","jetpack_sharing_enabled":true,"_links":{"self":[{"href":"https:\/\/verdadeon.com.br\/portal\/wp-json\/wp\/v2\/posts\/10845","targetHints":{"allow":["GET"]}}],"collection":[{"href":"https:\/\/verdadeon.com.br\/portal\/wp-json\/wp\/v2\/posts"}],"about":[{"href":"https:\/\/verdadeon.com.br\/portal\/wp-json\/wp\/v2\/types\/post"}],"author":[{"embeddable":true,"href":"https:\/\/verdadeon.com.br\/portal\/wp-json\/wp\/v2\/users\/10"}],"replies":[{"embeddable":true,"href":"https:\/\/verdadeon.com.br\/portal\/wp-json\/wp\/v2\/comments?post=10845"}],"version-history":[{"count":0,"href":"https:\/\/verdadeon.com.br\/portal\/wp-json\/wp\/v2\/posts\/10845\/revisions"}],"wp:featuredmedia":[{"embeddable":true,"href":"https:\/\/verdadeon.com.br\/portal\/wp-json\/wp\/v2\/media\/10848"}],"wp:attachment":[{"href":"https:\/\/verdadeon.com.br\/portal\/wp-json\/wp\/v2\/media?parent=10845"}],"wp:term":[{"taxonomy":"category","embeddable":true,"href":"https:\/\/verdadeon.com.br\/portal\/wp-json\/wp\/v2\/categories?post=10845"},{"taxonomy":"post_tag","embeddable":true,"href":"https:\/\/verdadeon.com.br\/portal\/wp-json\/wp\/v2\/tags?post=10845"}],"curies":[{"name":"wp","href":"https:\/\/api.w.org\/{rel}","templated":true}]}}