{"id":10833,"date":"2020-10-01T19:58:16","date_gmt":"2020-10-01T22:58:16","guid":{"rendered":"http:\/\/verdadeon.com.br\/portal\/?p=10833"},"modified":"2020-10-01T22:13:23","modified_gmt":"2020-10-02T01:13:23","slug":"vacinacao-da-influenza-e-sarampo-continuam-nas-ubs","status":"publish","type":"post","link":"https:\/\/verdadeon.com.br\/portal\/2020\/10\/01\/vacinacao-da-influenza-e-sarampo-continuam-nas-ubs\/","title":{"rendered":"Vacina\u00e7\u00e3o da Influenza e Sarampo continuam nas UBS"},"content":{"rendered":"<p>Segunda-feira come\u00e7a contra Paralisia Infantil<\/p>\n<p>As pessoas \u2013 adultas e crian\u00e7as que ainda n\u00e3o se vacinaram contra a gripe Influenza e o Sarampo, podem buscar atendimento na rede p\u00fablica, atrav\u00e9s das UBS e n\u00facleos do programa Sa\u00fade da Familia, diariamente das 9 h \u00e0s 16 h. Embora a campanha de imuniza\u00e7\u00e3o contra a gripe Influenza tenha terminado dia 30 \u00faltimo, a Vigil\u00e2ncia Epidemiol\u00f3gica informa que existe disponibilidade de doses e enquanto isso permanecer, pessoas de todas as faixas et\u00e1rias podem se dirigir ao local mais pr\u00f3ximo de casa.<br \/>\nQuanto a campanha contra ao Sarampo, essa campanha segue at\u00e9 o final deste m\u00eas e as pessoas, munidas da carteirinha de vacina\u00e7\u00e3o tamb\u00e9m devem se dirigir ao local mais pr\u00f3ximo de sua casa, no mesmo hor\u00e1rio.<br \/>\nParalisia infantil<br \/>\nA Secretaria Municipal de Sa\u00fade refor\u00e7a por outro lado, que na pr\u00f3xima segunda-feira, dia 5, come\u00e7a outra Campanha Nacional, essa contra a Poliomielite e a Campanha de Multivacina\u00e7\u00e3o para Atualiza\u00e7\u00e3o da Caderneta de Vacina\u00e7\u00e3o das crian\u00e7as e adolescentes menores de 15 anos de idade. Essa imuniza\u00e7\u00e3o ser\u00e1 realizada no per\u00edodo de 5 a 30 de outubro de 2020, sendo que para 17 de outubro est\u00e1 previsto o chamado o dia \u201cD\u201d de divulga\u00e7\u00e3o e mobiliza\u00e7\u00e3o nacional.<\/p>\n","protected":false},"excerpt":{"rendered":"<p>Segunda-feira come\u00e7a contra Paralisia Infantil As pessoas \u2013 adultas e crian\u00e7as que ainda n\u00e3o se vacinaram contra a gripe Influenza e o Sarampo, podem buscar atendimento<span class=\"excerpt-hellip\"> [\u2026]<\/span><\/p>\n","protected":false},"author":10,"featured_media":7651,"comment_status":"open","ping_status":"open","sticky":false,"template":"","format":"standard","meta":{"_jetpack_memberships_contains_paid_content":false,"footnotes":"","jetpack_publicize_message":"","jetpack_publicize_feature_enabled":true,"jetpack_social_post_already_shared":false,"jetpack_social_options":{"image_generator_settings":{"template":"highway","default_image_id":0,"enabled":false},"version":2}},"categories":[28,81],"tags":[],"class_list":["post-10833","post","type-post","status-publish","format-standard","has-post-thumbnail","hentry","category-cotidiano","category-manchete"],"yoast_head":"<!-- This site is optimized with the Yoast SEO plugin v25.6 - https:\/\/yoast.com\/wordpress\/plugins\/seo\/ -->\n<title>Vacina\u00e7\u00e3o da Influenza e Sarampo continuam nas UBS - VerdadeOn<\/title>\n<meta name=\"robots\" content=\"index, follow, max-snippet:-1, max-image-preview:large, max-video-preview:-1\" \/>\n<link rel=\"canonical\" href=\"https:\/\/verdadeon.com.br\/portal\/2020\/10\/01\/vacinacao-da-influenza-e-sarampo-continuam-nas-ubs\/\" \/>\n<meta property=\"og:locale\" content=\"pt_BR\" \/>\n<meta property=\"og:type\" content=\"article\" \/>\n<meta property=\"og:title\" content=\"Vacina\u00e7\u00e3o da Influenza e Sarampo continuam nas UBS - VerdadeOn\" \/>\n<meta property=\"og:description\" content=\"Segunda-feira come\u00e7a contra Paralisia Infantil As pessoas \u2013 adultas e crian\u00e7as que ainda n\u00e3o se vacinaram contra a gripe Influenza e o Sarampo, podem buscar atendimento [\u2026]\" \/>\n<meta property=\"og:url\" content=\"https:\/\/verdadeon.com.br\/portal\/2020\/10\/01\/vacinacao-da-influenza-e-sarampo-continuam-nas-ubs\/\" \/>\n<meta property=\"og:site_name\" content=\"VerdadeOn\" \/>\n<meta property=\"article:published_time\" content=\"2020-10-01T22:58:16+00:00\" \/>\n<meta property=\"article:modified_time\" content=\"2020-10-02T01:13:23+00:00\" \/>\n<meta property=\"og:image\" content=\"https:\/\/verdadeon.com.br\/portal\/wp-content\/uploads\/2020\/06\/WhatsApp-Image-2020-06-04-at-11.22.47.jpeg\" \/>\n\t<meta property=\"og:image:width\" content=\"1000\" \/>\n\t<meta property=\"og:image:height\" content=\"670\" \/>\n\t<meta property=\"og:image:type\" content=\"image\/jpeg\" \/>\n<meta name=\"author\" content=\"Redacao VerdadeOn\" \/>\n<meta name=\"twitter:card\" content=\"summary_large_image\" \/>\n<meta name=\"twitter:label1\" content=\"Escrito por\" \/>\n\t<meta name=\"twitter:data1\" content=\"Redacao VerdadeOn\" \/>\n\t<meta name=\"twitter:label2\" content=\"Est. tempo de leitura\" \/>\n\t<meta name=\"twitter:data2\" content=\"1 minuto\" \/>\n<script type=\"application\/ld+json\" class=\"yoast-schema-graph\">{\"@context\":\"https:\/\/schema.org\",\"@graph\":[{\"@type\":\"WebPage\",\"@id\":\"https:\/\/verdadeon.com.br\/portal\/2020\/10\/01\/vacinacao-da-influenza-e-sarampo-continuam-nas-ubs\/\",\"url\":\"https:\/\/verdadeon.com.br\/portal\/2020\/10\/01\/vacinacao-da-influenza-e-sarampo-continuam-nas-ubs\/\",\"name\":\"Vacina\u00e7\u00e3o da Influenza e Sarampo continuam nas UBS - VerdadeOn\",\"isPartOf\":{\"@id\":\"https:\/\/verdadeon.com.br\/portal\/#website\"},\"primaryImageOfPage\":{\"@id\":\"https:\/\/verdadeon.com.br\/portal\/2020\/10\/01\/vacinacao-da-influenza-e-sarampo-continuam-nas-ubs\/#primaryimage\"},\"image\":{\"@id\":\"https:\/\/verdadeon.com.br\/portal\/2020\/10\/01\/vacinacao-da-influenza-e-sarampo-continuam-nas-ubs\/#primaryimage\"},\"thumbnailUrl\":\"https:\/\/i0.wp.com\/verdadeon.com.br\/portal\/wp-content\/uploads\/2020\/06\/WhatsApp-Image-2020-06-04-at-11.22.47.jpeg?fit=1000%2C670&ssl=1\",\"datePublished\":\"2020-10-01T22:58:16+00:00\",\"dateModified\":\"2020-10-02T01:13:23+00:00\",\"author\":{\"@id\":\"https:\/\/verdadeon.com.br\/portal\/#\/schema\/person\/a5060ad1e9ea3df545188fc93ce43d2f\"},\"breadcrumb\":{\"@id\":\"https:\/\/verdadeon.com.br\/portal\/2020\/10\/01\/vacinacao-da-influenza-e-sarampo-continuam-nas-ubs\/#breadcrumb\"},\"inLanguage\":\"pt-BR\",\"potentialAction\":[{\"@type\":\"ReadAction\",\"target\":[\"https:\/\/verdadeon.com.br\/portal\/2020\/10\/01\/vacinacao-da-influenza-e-sarampo-continuam-nas-ubs\/\"]}]},{\"@type\":\"ImageObject\",\"inLanguage\":\"pt-BR\",\"@id\":\"https:\/\/verdadeon.com.br\/portal\/2020\/10\/01\/vacinacao-da-influenza-e-sarampo-continuam-nas-ubs\/#primaryimage\",\"url\":\"https:\/\/i0.wp.com\/verdadeon.com.br\/portal\/wp-content\/uploads\/2020\/06\/WhatsApp-Image-2020-06-04-at-11.22.47.jpeg?fit=1000%2C670&ssl=1\",\"contentUrl\":\"https:\/\/i0.wp.com\/verdadeon.com.br\/portal\/wp-content\/uploads\/2020\/06\/WhatsApp-Image-2020-06-04-at-11.22.47.jpeg?fit=1000%2C670&ssl=1\",\"width\":1000,\"height\":670,\"caption\":\"Altera\u00e7\u00e3o dos locais de vacina\u00e7\u00e3o acontecem a partir da pr\u00f3xima segunda-feira | Foto: Divulga\u00e7\u00e3o\"},{\"@type\":\"BreadcrumbList\",\"@id\":\"https:\/\/verdadeon.com.br\/portal\/2020\/10\/01\/vacinacao-da-influenza-e-sarampo-continuam-nas-ubs\/#breadcrumb\",\"itemListElement\":[{\"@type\":\"ListItem\",\"position\":1,\"name\":\"In\u00edcio\",\"item\":\"https:\/\/verdadeon.com.br\/portal\/\"},{\"@type\":\"ListItem\",\"position\":2,\"name\":\"Vacina\u00e7\u00e3o da Influenza e Sarampo continuam nas UBS\"}]},{\"@type\":\"WebSite\",\"@id\":\"https:\/\/verdadeon.com.br\/portal\/#website\",\"url\":\"https:\/\/verdadeon.com.br\/portal\/\",\"name\":\"VerdadeOn\",\"description\":\"Not\u00edcias di\u00e1rias sobre Franca, Regi\u00e3o, Esporte, Cultura, Cotidiano, Colunas. Cobertura nos principais eventos da cidade \u00e9 aqui - Verdadeon Franca\",\"potentialAction\":[{\"@type\":\"SearchAction\",\"target\":{\"@type\":\"EntryPoint\",\"urlTemplate\":\"https:\/\/verdadeon.com.br\/portal\/?s={search_term_string}\"},\"query-input\":{\"@type\":\"PropertyValueSpecification\",\"valueRequired\":true,\"valueName\":\"search_term_string\"}}],\"inLanguage\":\"pt-BR\"},{\"@type\":\"Person\",\"@id\":\"https:\/\/verdadeon.com.br\/portal\/#\/schema\/person\/a5060ad1e9ea3df545188fc93ce43d2f\",\"name\":\"Redacao VerdadeOn\",\"image\":{\"@type\":\"ImageObject\",\"inLanguage\":\"pt-BR\",\"@id\":\"https:\/\/verdadeon.com.br\/portal\/#\/schema\/person\/image\/\",\"url\":\"https:\/\/secure.gravatar.com\/avatar\/459a9613caaaf07f582c3d0841eea68bdd66f533e465e6ba8b9cb45619572cf4?s=96&d=mm&r=g\",\"contentUrl\":\"https:\/\/secure.gravatar.com\/avatar\/459a9613caaaf07f582c3d0841eea68bdd66f533e465e6ba8b9cb45619572cf4?s=96&d=mm&r=g\",\"caption\":\"Redacao VerdadeOn\"},\"url\":\"https:\/\/verdadeon.com.br\/portal\/author\/redacao\/\"}]}<\/script>\n<!-- \/ Yoast SEO plugin. -->","yoast_head_json":{"title":"Vacina\u00e7\u00e3o da Influenza e Sarampo continuam nas UBS - VerdadeOn","robots":{"index":"index","follow":"follow","max-snippet":"max-snippet:-1","max-image-preview":"max-image-preview:large","max-video-preview":"max-video-preview:-1"},"canonical":"https:\/\/verdadeon.com.br\/portal\/2020\/10\/01\/vacinacao-da-influenza-e-sarampo-continuam-nas-ubs\/","og_locale":"pt_BR","og_type":"article","og_title":"Vacina\u00e7\u00e3o da Influenza e Sarampo continuam nas UBS - VerdadeOn","og_description":"Segunda-feira come\u00e7a contra Paralisia Infantil As pessoas \u2013 adultas e crian\u00e7as que ainda n\u00e3o se vacinaram contra a gripe Influenza e o Sarampo, podem buscar atendimento [\u2026]","og_url":"https:\/\/verdadeon.com.br\/portal\/2020\/10\/01\/vacinacao-da-influenza-e-sarampo-continuam-nas-ubs\/","og_site_name":"VerdadeOn","article_published_time":"2020-10-01T22:58:16+00:00","article_modified_time":"2020-10-02T01:13:23+00:00","og_image":[{"width":1000,"height":670,"url":"https:\/\/verdadeon.com.br\/portal\/wp-content\/uploads\/2020\/06\/WhatsApp-Image-2020-06-04-at-11.22.47.jpeg","type":"image\/jpeg"}],"author":"Redacao VerdadeOn","twitter_card":"summary_large_image","twitter_misc":{"Escrito por":"Redacao VerdadeOn","Est. tempo de leitura":"1 minuto"},"schema":{"@context":"https:\/\/schema.org","@graph":[{"@type":"WebPage","@id":"https:\/\/verdadeon.com.br\/portal\/2020\/10\/01\/vacinacao-da-influenza-e-sarampo-continuam-nas-ubs\/","url":"https:\/\/verdadeon.com.br\/portal\/2020\/10\/01\/vacinacao-da-influenza-e-sarampo-continuam-nas-ubs\/","name":"Vacina\u00e7\u00e3o da Influenza e Sarampo continuam nas UBS - VerdadeOn","isPartOf":{"@id":"https:\/\/verdadeon.com.br\/portal\/#website"},"primaryImageOfPage":{"@id":"https:\/\/verdadeon.com.br\/portal\/2020\/10\/01\/vacinacao-da-influenza-e-sarampo-continuam-nas-ubs\/#primaryimage"},"image":{"@id":"https:\/\/verdadeon.com.br\/portal\/2020\/10\/01\/vacinacao-da-influenza-e-sarampo-continuam-nas-ubs\/#primaryimage"},"thumbnailUrl":"https:\/\/i0.wp.com\/verdadeon.com.br\/portal\/wp-content\/uploads\/2020\/06\/WhatsApp-Image-2020-06-04-at-11.22.47.jpeg?fit=1000%2C670&ssl=1","datePublished":"2020-10-01T22:58:16+00:00","dateModified":"2020-10-02T01:13:23+00:00","author":{"@id":"https:\/\/verdadeon.com.br\/portal\/#\/schema\/person\/a5060ad1e9ea3df545188fc93ce43d2f"},"breadcrumb":{"@id":"https:\/\/verdadeon.com.br\/portal\/2020\/10\/01\/vacinacao-da-influenza-e-sarampo-continuam-nas-ubs\/#breadcrumb"},"inLanguage":"pt-BR","potentialAction":[{"@type":"ReadAction","target":["https:\/\/verdadeon.com.br\/portal\/2020\/10\/01\/vacinacao-da-influenza-e-sarampo-continuam-nas-ubs\/"]}]},{"@type":"ImageObject","inLanguage":"pt-BR","@id":"https:\/\/verdadeon.com.br\/portal\/2020\/10\/01\/vacinacao-da-influenza-e-sarampo-continuam-nas-ubs\/#primaryimage","url":"https:\/\/i0.wp.com\/verdadeon.com.br\/portal\/wp-content\/uploads\/2020\/06\/WhatsApp-Image-2020-06-04-at-11.22.47.jpeg?fit=1000%2C670&ssl=1","contentUrl":"https:\/\/i0.wp.com\/verdadeon.com.br\/portal\/wp-content\/uploads\/2020\/06\/WhatsApp-Image-2020-06-04-at-11.22.47.jpeg?fit=1000%2C670&ssl=1","width":1000,"height":670,"caption":"Altera\u00e7\u00e3o dos locais de vacina\u00e7\u00e3o acontecem a partir da pr\u00f3xima segunda-feira | Foto: Divulga\u00e7\u00e3o"},{"@type":"BreadcrumbList","@id":"https:\/\/verdadeon.com.br\/portal\/2020\/10\/01\/vacinacao-da-influenza-e-sarampo-continuam-nas-ubs\/#breadcrumb","itemListElement":[{"@type":"ListItem","position":1,"name":"In\u00edcio","item":"https:\/\/verdadeon.com.br\/portal\/"},{"@type":"ListItem","position":2,"name":"Vacina\u00e7\u00e3o da Influenza e Sarampo continuam nas UBS"}]},{"@type":"WebSite","@id":"https:\/\/verdadeon.com.br\/portal\/#website","url":"https:\/\/verdadeon.com.br\/portal\/","name":"VerdadeOn","description":"Not\u00edcias di\u00e1rias sobre Franca, Regi\u00e3o, Esporte, Cultura, Cotidiano, Colunas. Cobertura nos principais eventos da cidade \u00e9 aqui - Verdadeon Franca","potentialAction":[{"@type":"SearchAction","target":{"@type":"EntryPoint","urlTemplate":"https:\/\/verdadeon.com.br\/portal\/?s={search_term_string}"},"query-input":{"@type":"PropertyValueSpecification","valueRequired":true,"valueName":"search_term_string"}}],"inLanguage":"pt-BR"},{"@type":"Person","@id":"https:\/\/verdadeon.com.br\/portal\/#\/schema\/person\/a5060ad1e9ea3df545188fc93ce43d2f","name":"Redacao VerdadeOn","image":{"@type":"ImageObject","inLanguage":"pt-BR","@id":"https:\/\/verdadeon.com.br\/portal\/#\/schema\/person\/image\/","url":"https:\/\/secure.gravatar.com\/avatar\/459a9613caaaf07f582c3d0841eea68bdd66f533e465e6ba8b9cb45619572cf4?s=96&d=mm&r=g","contentUrl":"https:\/\/secure.gravatar.com\/avatar\/459a9613caaaf07f582c3d0841eea68bdd66f533e465e6ba8b9cb45619572cf4?s=96&d=mm&r=g","caption":"Redacao VerdadeOn"},"url":"https:\/\/verdadeon.com.br\/portal\/author\/redacao\/"}]}},"jetpack_publicize_connections":[],"jetpack_featured_media_url":"https:\/\/i0.wp.com\/verdadeon.com.br\/portal\/wp-content\/uploads\/2020\/06\/WhatsApp-Image-2020-06-04-at-11.22.47.jpeg?fit=1000%2C670&ssl=1","jetpack_sharing_enabled":true,"_links":{"self":[{"href":"https:\/\/verdadeon.com.br\/portal\/wp-json\/wp\/v2\/posts\/10833","targetHints":{"allow":["GET"]}}],"collection":[{"href":"https:\/\/verdadeon.com.br\/portal\/wp-json\/wp\/v2\/posts"}],"about":[{"href":"https:\/\/verdadeon.com.br\/portal\/wp-json\/wp\/v2\/types\/post"}],"author":[{"embeddable":true,"href":"https:\/\/verdadeon.com.br\/portal\/wp-json\/wp\/v2\/users\/10"}],"replies":[{"embeddable":true,"href":"https:\/\/verdadeon.com.br\/portal\/wp-json\/wp\/v2\/comments?post=10833"}],"version-history":[{"count":0,"href":"https:\/\/verdadeon.com.br\/portal\/wp-json\/wp\/v2\/posts\/10833\/revisions"}],"wp:featuredmedia":[{"embeddable":true,"href":"https:\/\/verdadeon.com.br\/portal\/wp-json\/wp\/v2\/media\/7651"}],"wp:attachment":[{"href":"https:\/\/verdadeon.com.br\/portal\/wp-json\/wp\/v2\/media?parent=10833"}],"wp:term":[{"taxonomy":"category","embeddable":true,"href":"https:\/\/verdadeon.com.br\/portal\/wp-json\/wp\/v2\/categories?post=10833"},{"taxonomy":"post_tag","embeddable":true,"href":"https:\/\/verdadeon.com.br\/portal\/wp-json\/wp\/v2\/tags?post=10833"}],"curies":[{"name":"wp","href":"https:\/\/api.w.org\/{rel}","templated":true}]}}