{"id":10832,"date":"2020-10-01T22:11:56","date_gmt":"2020-10-02T01:11:56","guid":{"rendered":"http:\/\/verdadeon.com.br\/portal\/?p=10832"},"modified":"2020-10-01T22:11:56","modified_gmt":"2020-10-02T01:11:56","slug":"transporte-coletivo-conta-com-mais-12-linhas-adicionais-a-noite","status":"publish","type":"post","link":"https:\/\/verdadeon.com.br\/portal\/2020\/10\/01\/transporte-coletivo-conta-com-mais-12-linhas-adicionais-a-noite\/","title":{"rendered":"Transporte coletivo conta com mais 12 linhas adicionais \u00e0 noite"},"content":{"rendered":"<p>Est\u00e1 em opera\u00e7\u00e3o a partir dessa quinta-feira, 1\u00ba de outubr, as 12 novas linhas de \u00f4nibus adicionais no per\u00edodo noturno, com sa\u00eddas do Terminal \u2018Ayrton Senna\u2019 \u00e0s 20h45 e 22h15, atendendo as regionais que levam os passageiros aos bairros nos seis extremos da cidade. A medida \u00e9 resultado de solicita\u00e7\u00f5es que vinham sendo feitas por usu\u00e1rios, aliado ao acompanhamento, mesmo que t\u00edmido, do crescimento da demanda nessas \u00faltimas semanas, a partir da melhora da classifica\u00e7\u00e3o da cidade que subiu para a fase \u2018amarela\u2019 do Plano SP.<br \/>\nNesse primeiro dia de funcionamento a orienta\u00e7\u00e3o da dire\u00e7\u00e3o da Emdef (Empresa para o Desenvolvimento de Franca), que faz a gest\u00e3o do transporte coletivo urbano, foi deixar fiscais postados no Terminal, observando o comportamento dos usu\u00e1rios e levando orienta\u00e7\u00f5es na medida que solicitassem. Apesar desses 6 novos \u00f4nibus indo para os bairros em dois hor\u00e1rios diferentes, aqueles outros atendimentos pontuais em hospitais, estabelecimentos de com\u00e9rcio (supermercados e Shopping) em especial, continuam mantidos.<br \/>\nAs eventuais demandas que surgirem fora desse eixo podem ser avaliadas, bastando que as pessoas, individual ou em grupo, entrem em contato com a ger\u00eancia do Terminal (tel. 3720-5023), para que seja feito um estudo e a possibilidade de atendimento. Os n\u00fameros m\u00e9dios do \u00faltimo m\u00eas indicam que entre 18 e 19 mil passageiros tem sido transportados por dia, com 40 \u00f4nibus circulando apenas durante o dia. Antes da pandemia eram transportadas em toro de 80 mil passageiros.<br \/>\nHor\u00e1rios noturnos, com sa\u00eddas do Terminal:<br \/>\nEspecial Regional Sul \u2013<br \/>\nEspecial Regional Leste\/Sul &#8211;<br \/>\nEspecial Regional Leste<br \/>\nEspecial Regional Oeste<br \/>\nEspecial Regional Norte I<br \/>\nEspecial Regional Norte II.<\/p>\n","protected":false},"excerpt":{"rendered":"<p>Est\u00e1 em opera\u00e7\u00e3o a partir dessa quinta-feira, 1\u00ba de outubr, as 12 novas linhas de \u00f4nibus adicionais no per\u00edodo noturno, com sa\u00eddas do Terminal \u2018Ayrton Senna\u2019<span class=\"excerpt-hellip\"> [\u2026]<\/span><\/p>\n","protected":false},"author":10,"featured_media":10630,"comment_status":"open","ping_status":"open","sticky":false,"template":"","format":"standard","meta":{"_jetpack_memberships_contains_paid_content":false,"footnotes":"","jetpack_publicize_message":"","jetpack_publicize_feature_enabled":true,"jetpack_social_post_already_shared":false,"jetpack_social_options":{"image_generator_settings":{"template":"highway","default_image_id":0,"enabled":false},"version":2}},"categories":[28,44],"tags":[],"class_list":["post-10832","post","type-post","status-publish","format-standard","has-post-thumbnail","hentry","category-cotidiano","category-noticias"],"yoast_head":"<!-- This site is optimized with the Yoast SEO plugin v25.6 - https:\/\/yoast.com\/wordpress\/plugins\/seo\/ -->\n<title>Transporte coletivo conta com mais 12 linhas adicionais \u00e0 noite - VerdadeOn<\/title>\n<meta name=\"robots\" content=\"index, follow, max-snippet:-1, max-image-preview:large, max-video-preview:-1\" \/>\n<link rel=\"canonical\" href=\"https:\/\/verdadeon.com.br\/portal\/2020\/10\/01\/transporte-coletivo-conta-com-mais-12-linhas-adicionais-a-noite\/\" \/>\n<meta property=\"og:locale\" content=\"pt_BR\" \/>\n<meta property=\"og:type\" content=\"article\" \/>\n<meta property=\"og:title\" content=\"Transporte coletivo conta com mais 12 linhas adicionais \u00e0 noite - VerdadeOn\" \/>\n<meta property=\"og:description\" content=\"Est\u00e1 em opera\u00e7\u00e3o a partir dessa quinta-feira, 1\u00ba de outubr, as 12 novas linhas de \u00f4nibus adicionais no per\u00edodo noturno, com sa\u00eddas do Terminal \u2018Ayrton Senna\u2019 [\u2026]\" \/>\n<meta property=\"og:url\" content=\"https:\/\/verdadeon.com.br\/portal\/2020\/10\/01\/transporte-coletivo-conta-com-mais-12-linhas-adicionais-a-noite\/\" \/>\n<meta property=\"og:site_name\" content=\"VerdadeOn\" \/>\n<meta property=\"article:published_time\" content=\"2020-10-02T01:11:56+00:00\" \/>\n<meta property=\"og:image\" content=\"https:\/\/verdadeon.com.br\/portal\/wp-content\/uploads\/2020\/09\/emdeffff.jpg\" \/>\n\t<meta property=\"og:image:width\" content=\"1000\" \/>\n\t<meta property=\"og:image:height\" content=\"670\" \/>\n\t<meta property=\"og:image:type\" content=\"image\/jpeg\" \/>\n<meta name=\"author\" content=\"Redacao VerdadeOn\" \/>\n<meta name=\"twitter:card\" content=\"summary_large_image\" \/>\n<meta name=\"twitter:label1\" content=\"Escrito por\" \/>\n\t<meta name=\"twitter:data1\" content=\"Redacao VerdadeOn\" \/>\n\t<meta name=\"twitter:label2\" content=\"Est. tempo de leitura\" \/>\n\t<meta name=\"twitter:data2\" content=\"1 minuto\" \/>\n<script type=\"application\/ld+json\" class=\"yoast-schema-graph\">{\"@context\":\"https:\/\/schema.org\",\"@graph\":[{\"@type\":\"WebPage\",\"@id\":\"https:\/\/verdadeon.com.br\/portal\/2020\/10\/01\/transporte-coletivo-conta-com-mais-12-linhas-adicionais-a-noite\/\",\"url\":\"https:\/\/verdadeon.com.br\/portal\/2020\/10\/01\/transporte-coletivo-conta-com-mais-12-linhas-adicionais-a-noite\/\",\"name\":\"Transporte coletivo conta com mais 12 linhas adicionais \u00e0 noite - VerdadeOn\",\"isPartOf\":{\"@id\":\"https:\/\/verdadeon.com.br\/portal\/#website\"},\"primaryImageOfPage\":{\"@id\":\"https:\/\/verdadeon.com.br\/portal\/2020\/10\/01\/transporte-coletivo-conta-com-mais-12-linhas-adicionais-a-noite\/#primaryimage\"},\"image\":{\"@id\":\"https:\/\/verdadeon.com.br\/portal\/2020\/10\/01\/transporte-coletivo-conta-com-mais-12-linhas-adicionais-a-noite\/#primaryimage\"},\"thumbnailUrl\":\"https:\/\/i0.wp.com\/verdadeon.com.br\/portal\/wp-content\/uploads\/2020\/09\/emdeffff.jpg?fit=1000%2C670&ssl=1\",\"datePublished\":\"2020-10-02T01:11:56+00:00\",\"author\":{\"@id\":\"https:\/\/verdadeon.com.br\/portal\/#\/schema\/person\/a5060ad1e9ea3df545188fc93ce43d2f\"},\"breadcrumb\":{\"@id\":\"https:\/\/verdadeon.com.br\/portal\/2020\/10\/01\/transporte-coletivo-conta-com-mais-12-linhas-adicionais-a-noite\/#breadcrumb\"},\"inLanguage\":\"pt-BR\",\"potentialAction\":[{\"@type\":\"ReadAction\",\"target\":[\"https:\/\/verdadeon.com.br\/portal\/2020\/10\/01\/transporte-coletivo-conta-com-mais-12-linhas-adicionais-a-noite\/\"]}]},{\"@type\":\"ImageObject\",\"inLanguage\":\"pt-BR\",\"@id\":\"https:\/\/verdadeon.com.br\/portal\/2020\/10\/01\/transporte-coletivo-conta-com-mais-12-linhas-adicionais-a-noite\/#primaryimage\",\"url\":\"https:\/\/i0.wp.com\/verdadeon.com.br\/portal\/wp-content\/uploads\/2020\/09\/emdeffff.jpg?fit=1000%2C670&ssl=1\",\"contentUrl\":\"https:\/\/i0.wp.com\/verdadeon.com.br\/portal\/wp-content\/uploads\/2020\/09\/emdeffff.jpg?fit=1000%2C670&ssl=1\",\"width\":1000,\"height\":670},{\"@type\":\"BreadcrumbList\",\"@id\":\"https:\/\/verdadeon.com.br\/portal\/2020\/10\/01\/transporte-coletivo-conta-com-mais-12-linhas-adicionais-a-noite\/#breadcrumb\",\"itemListElement\":[{\"@type\":\"ListItem\",\"position\":1,\"name\":\"In\u00edcio\",\"item\":\"https:\/\/verdadeon.com.br\/portal\/\"},{\"@type\":\"ListItem\",\"position\":2,\"name\":\"Transporte coletivo conta com mais 12 linhas adicionais \u00e0 noite\"}]},{\"@type\":\"WebSite\",\"@id\":\"https:\/\/verdadeon.com.br\/portal\/#website\",\"url\":\"https:\/\/verdadeon.com.br\/portal\/\",\"name\":\"VerdadeOn\",\"description\":\"Not\u00edcias di\u00e1rias sobre Franca, Regi\u00e3o, Esporte, Cultura, Cotidiano, Colunas. Cobertura nos principais eventos da cidade \u00e9 aqui - Verdadeon Franca\",\"potentialAction\":[{\"@type\":\"SearchAction\",\"target\":{\"@type\":\"EntryPoint\",\"urlTemplate\":\"https:\/\/verdadeon.com.br\/portal\/?s={search_term_string}\"},\"query-input\":{\"@type\":\"PropertyValueSpecification\",\"valueRequired\":true,\"valueName\":\"search_term_string\"}}],\"inLanguage\":\"pt-BR\"},{\"@type\":\"Person\",\"@id\":\"https:\/\/verdadeon.com.br\/portal\/#\/schema\/person\/a5060ad1e9ea3df545188fc93ce43d2f\",\"name\":\"Redacao VerdadeOn\",\"image\":{\"@type\":\"ImageObject\",\"inLanguage\":\"pt-BR\",\"@id\":\"https:\/\/verdadeon.com.br\/portal\/#\/schema\/person\/image\/\",\"url\":\"https:\/\/secure.gravatar.com\/avatar\/459a9613caaaf07f582c3d0841eea68bdd66f533e465e6ba8b9cb45619572cf4?s=96&d=mm&r=g\",\"contentUrl\":\"https:\/\/secure.gravatar.com\/avatar\/459a9613caaaf07f582c3d0841eea68bdd66f533e465e6ba8b9cb45619572cf4?s=96&d=mm&r=g\",\"caption\":\"Redacao VerdadeOn\"},\"url\":\"https:\/\/verdadeon.com.br\/portal\/author\/redacao\/\"}]}<\/script>\n<!-- \/ Yoast SEO plugin. -->","yoast_head_json":{"title":"Transporte coletivo conta com mais 12 linhas adicionais \u00e0 noite - VerdadeOn","robots":{"index":"index","follow":"follow","max-snippet":"max-snippet:-1","max-image-preview":"max-image-preview:large","max-video-preview":"max-video-preview:-1"},"canonical":"https:\/\/verdadeon.com.br\/portal\/2020\/10\/01\/transporte-coletivo-conta-com-mais-12-linhas-adicionais-a-noite\/","og_locale":"pt_BR","og_type":"article","og_title":"Transporte coletivo conta com mais 12 linhas adicionais \u00e0 noite - VerdadeOn","og_description":"Est\u00e1 em opera\u00e7\u00e3o a partir dessa quinta-feira, 1\u00ba de outubr, as 12 novas linhas de \u00f4nibus adicionais no per\u00edodo noturno, com sa\u00eddas do Terminal \u2018Ayrton Senna\u2019 [\u2026]","og_url":"https:\/\/verdadeon.com.br\/portal\/2020\/10\/01\/transporte-coletivo-conta-com-mais-12-linhas-adicionais-a-noite\/","og_site_name":"VerdadeOn","article_published_time":"2020-10-02T01:11:56+00:00","og_image":[{"width":1000,"height":670,"url":"https:\/\/verdadeon.com.br\/portal\/wp-content\/uploads\/2020\/09\/emdeffff.jpg","type":"image\/jpeg"}],"author":"Redacao VerdadeOn","twitter_card":"summary_large_image","twitter_misc":{"Escrito por":"Redacao VerdadeOn","Est. tempo de leitura":"1 minuto"},"schema":{"@context":"https:\/\/schema.org","@graph":[{"@type":"WebPage","@id":"https:\/\/verdadeon.com.br\/portal\/2020\/10\/01\/transporte-coletivo-conta-com-mais-12-linhas-adicionais-a-noite\/","url":"https:\/\/verdadeon.com.br\/portal\/2020\/10\/01\/transporte-coletivo-conta-com-mais-12-linhas-adicionais-a-noite\/","name":"Transporte coletivo conta com mais 12 linhas adicionais \u00e0 noite - VerdadeOn","isPartOf":{"@id":"https:\/\/verdadeon.com.br\/portal\/#website"},"primaryImageOfPage":{"@id":"https:\/\/verdadeon.com.br\/portal\/2020\/10\/01\/transporte-coletivo-conta-com-mais-12-linhas-adicionais-a-noite\/#primaryimage"},"image":{"@id":"https:\/\/verdadeon.com.br\/portal\/2020\/10\/01\/transporte-coletivo-conta-com-mais-12-linhas-adicionais-a-noite\/#primaryimage"},"thumbnailUrl":"https:\/\/i0.wp.com\/verdadeon.com.br\/portal\/wp-content\/uploads\/2020\/09\/emdeffff.jpg?fit=1000%2C670&ssl=1","datePublished":"2020-10-02T01:11:56+00:00","author":{"@id":"https:\/\/verdadeon.com.br\/portal\/#\/schema\/person\/a5060ad1e9ea3df545188fc93ce43d2f"},"breadcrumb":{"@id":"https:\/\/verdadeon.com.br\/portal\/2020\/10\/01\/transporte-coletivo-conta-com-mais-12-linhas-adicionais-a-noite\/#breadcrumb"},"inLanguage":"pt-BR","potentialAction":[{"@type":"ReadAction","target":["https:\/\/verdadeon.com.br\/portal\/2020\/10\/01\/transporte-coletivo-conta-com-mais-12-linhas-adicionais-a-noite\/"]}]},{"@type":"ImageObject","inLanguage":"pt-BR","@id":"https:\/\/verdadeon.com.br\/portal\/2020\/10\/01\/transporte-coletivo-conta-com-mais-12-linhas-adicionais-a-noite\/#primaryimage","url":"https:\/\/i0.wp.com\/verdadeon.com.br\/portal\/wp-content\/uploads\/2020\/09\/emdeffff.jpg?fit=1000%2C670&ssl=1","contentUrl":"https:\/\/i0.wp.com\/verdadeon.com.br\/portal\/wp-content\/uploads\/2020\/09\/emdeffff.jpg?fit=1000%2C670&ssl=1","width":1000,"height":670},{"@type":"BreadcrumbList","@id":"https:\/\/verdadeon.com.br\/portal\/2020\/10\/01\/transporte-coletivo-conta-com-mais-12-linhas-adicionais-a-noite\/#breadcrumb","itemListElement":[{"@type":"ListItem","position":1,"name":"In\u00edcio","item":"https:\/\/verdadeon.com.br\/portal\/"},{"@type":"ListItem","position":2,"name":"Transporte coletivo conta com mais 12 linhas adicionais \u00e0 noite"}]},{"@type":"WebSite","@id":"https:\/\/verdadeon.com.br\/portal\/#website","url":"https:\/\/verdadeon.com.br\/portal\/","name":"VerdadeOn","description":"Not\u00edcias di\u00e1rias sobre Franca, Regi\u00e3o, Esporte, Cultura, Cotidiano, Colunas. Cobertura nos principais eventos da cidade \u00e9 aqui - Verdadeon Franca","potentialAction":[{"@type":"SearchAction","target":{"@type":"EntryPoint","urlTemplate":"https:\/\/verdadeon.com.br\/portal\/?s={search_term_string}"},"query-input":{"@type":"PropertyValueSpecification","valueRequired":true,"valueName":"search_term_string"}}],"inLanguage":"pt-BR"},{"@type":"Person","@id":"https:\/\/verdadeon.com.br\/portal\/#\/schema\/person\/a5060ad1e9ea3df545188fc93ce43d2f","name":"Redacao VerdadeOn","image":{"@type":"ImageObject","inLanguage":"pt-BR","@id":"https:\/\/verdadeon.com.br\/portal\/#\/schema\/person\/image\/","url":"https:\/\/secure.gravatar.com\/avatar\/459a9613caaaf07f582c3d0841eea68bdd66f533e465e6ba8b9cb45619572cf4?s=96&d=mm&r=g","contentUrl":"https:\/\/secure.gravatar.com\/avatar\/459a9613caaaf07f582c3d0841eea68bdd66f533e465e6ba8b9cb45619572cf4?s=96&d=mm&r=g","caption":"Redacao VerdadeOn"},"url":"https:\/\/verdadeon.com.br\/portal\/author\/redacao\/"}]}},"jetpack_publicize_connections":[],"jetpack_featured_media_url":"https:\/\/i0.wp.com\/verdadeon.com.br\/portal\/wp-content\/uploads\/2020\/09\/emdeffff.jpg?fit=1000%2C670&ssl=1","jetpack_sharing_enabled":true,"_links":{"self":[{"href":"https:\/\/verdadeon.com.br\/portal\/wp-json\/wp\/v2\/posts\/10832","targetHints":{"allow":["GET"]}}],"collection":[{"href":"https:\/\/verdadeon.com.br\/portal\/wp-json\/wp\/v2\/posts"}],"about":[{"href":"https:\/\/verdadeon.com.br\/portal\/wp-json\/wp\/v2\/types\/post"}],"author":[{"embeddable":true,"href":"https:\/\/verdadeon.com.br\/portal\/wp-json\/wp\/v2\/users\/10"}],"replies":[{"embeddable":true,"href":"https:\/\/verdadeon.com.br\/portal\/wp-json\/wp\/v2\/comments?post=10832"}],"version-history":[{"count":0,"href":"https:\/\/verdadeon.com.br\/portal\/wp-json\/wp\/v2\/posts\/10832\/revisions"}],"wp:featuredmedia":[{"embeddable":true,"href":"https:\/\/verdadeon.com.br\/portal\/wp-json\/wp\/v2\/media\/10630"}],"wp:attachment":[{"href":"https:\/\/verdadeon.com.br\/portal\/wp-json\/wp\/v2\/media?parent=10832"}],"wp:term":[{"taxonomy":"category","embeddable":true,"href":"https:\/\/verdadeon.com.br\/portal\/wp-json\/wp\/v2\/categories?post=10832"},{"taxonomy":"post_tag","embeddable":true,"href":"https:\/\/verdadeon.com.br\/portal\/wp-json\/wp\/v2\/tags?post=10832"}],"curies":[{"name":"wp","href":"https:\/\/api.w.org\/{rel}","templated":true}]}}