{"id":10824,"date":"2020-10-01T10:04:26","date_gmt":"2020-10-01T13:04:26","guid":{"rendered":"http:\/\/verdadeon.com.br\/portal\/?p=10824"},"modified":"2020-10-01T10:04:26","modified_gmt":"2020-10-01T13:04:26","slug":"morre-o-radialista-e-colunista-verzola","status":"publish","type":"post","link":"https:\/\/verdadeon.com.br\/portal\/2020\/10\/01\/morre-o-radialista-e-colunista-verzola\/","title":{"rendered":"Morre o radialista e colunista Verzola"},"content":{"rendered":"<p>Morreu na madrugada desta quinta-feira, 1\u00ba de outubro, \u00a0o radialista Paulo Roberto Verzola. O Seu vel\u00f3rio acontece no S\u00e3o Vicente de Paula, sala 1, a partir do meio dia e segue at\u00e9 as 16 horas, onde ser\u00e1 sepultado \u00a0no Cemit\u00e9rio da Saudade.<\/p>\n<p>Verzola como era conhecido tinha 73 anos e morreu em casa. O Radialista, sofreu um acidente dom\u00e9stico no \u00faltimo dia 4 de julho ao cair no banheiro de casa e bater a cabe\u00e7a, foi socorrido pela Unimed onde foi preciso ser submetido a um procedimento cir\u00fargico \u00e0s pressas. Ele teve sangramento devido a pancada que levou na cabe\u00e7a. Ap\u00f3s isso, Verzola entrou em coma, ficou internado por 37 dias. Ainda inconsciente foi liberado para se recuperar em casa. Por mais duas vezes foi internado novamente para ser medicado por conta de uma infec\u00e7\u00e3o bacteriana.<\/p>\n<p>Verzola estava com o Jornal Verdade desde sua inaugura\u00e7\u00e3o, em 2018, ele assinava a Coluna do Verzola, 3 vezes por semana, e s\u00f3 parou de escrever ap\u00f3s o acidente. Al\u00e9m disso, Verzola atou por mais de 50 anos no r\u00e1dio e comandava seu programa na r\u00e1dio Imperador AM h\u00e1 quase 20 anos, sempre em luta pelas causas sociais, ele tamb\u00e9m era respons\u00e1vel pela Creche \u00c2ngelo Verzola.<\/p>\n<p>O Jornal Verdade lamenta profundamente sua partida e deseja que Deus conforte sua fam\u00edlia neste momento dif\u00edcil.<\/p>\n","protected":false},"excerpt":{"rendered":"<p>Morreu na madrugada desta quinta-feira, 1\u00ba de outubro, \u00a0o radialista Paulo Roberto Verzola. O Seu vel\u00f3rio acontece no S\u00e3o Vicente de Paula, sala 1, a partir<span class=\"excerpt-hellip\"> [\u2026]<\/span><\/p>\n","protected":false},"author":10,"featured_media":10825,"comment_status":"open","ping_status":"open","sticky":false,"template":"","format":"standard","meta":{"_jetpack_memberships_contains_paid_content":false,"footnotes":"","jetpack_publicize_message":"","jetpack_publicize_feature_enabled":true,"jetpack_social_post_already_shared":false,"jetpack_social_options":{"image_generator_settings":{"template":"highway","default_image_id":0,"enabled":false},"version":2}},"categories":[28,81],"tags":[],"class_list":["post-10824","post","type-post","status-publish","format-standard","has-post-thumbnail","hentry","category-cotidiano","category-manchete"],"yoast_head":"<!-- This site is optimized with the Yoast SEO plugin v25.6 - https:\/\/yoast.com\/wordpress\/plugins\/seo\/ -->\n<title>Morre o radialista e colunista Verzola - VerdadeOn<\/title>\n<meta name=\"robots\" content=\"index, follow, max-snippet:-1, max-image-preview:large, max-video-preview:-1\" \/>\n<link rel=\"canonical\" href=\"https:\/\/verdadeon.com.br\/portal\/2020\/10\/01\/morre-o-radialista-e-colunista-verzola\/\" \/>\n<meta property=\"og:locale\" content=\"pt_BR\" \/>\n<meta property=\"og:type\" content=\"article\" \/>\n<meta property=\"og:title\" content=\"Morre o radialista e colunista Verzola - VerdadeOn\" \/>\n<meta property=\"og:description\" content=\"Morreu na madrugada desta quinta-feira, 1\u00ba de outubro, \u00a0o radialista Paulo Roberto Verzola. O Seu vel\u00f3rio acontece no S\u00e3o Vicente de Paula, sala 1, a partir [\u2026]\" \/>\n<meta property=\"og:url\" content=\"https:\/\/verdadeon.com.br\/portal\/2020\/10\/01\/morre-o-radialista-e-colunista-verzola\/\" \/>\n<meta property=\"og:site_name\" content=\"VerdadeOn\" \/>\n<meta property=\"article:published_time\" content=\"2020-10-01T13:04:26+00:00\" \/>\n<meta property=\"og:image\" content=\"https:\/\/verdadeon.com.br\/portal\/wp-content\/uploads\/2020\/10\/verzola.jpg\" \/>\n\t<meta property=\"og:image:width\" content=\"861\" \/>\n\t<meta property=\"og:image:height\" content=\"588\" \/>\n\t<meta property=\"og:image:type\" content=\"image\/jpeg\" \/>\n<meta name=\"author\" content=\"Redacao VerdadeOn\" \/>\n<meta name=\"twitter:card\" content=\"summary_large_image\" \/>\n<meta name=\"twitter:label1\" content=\"Escrito por\" \/>\n\t<meta name=\"twitter:data1\" content=\"Redacao VerdadeOn\" \/>\n\t<meta name=\"twitter:label2\" content=\"Est. tempo de leitura\" \/>\n\t<meta name=\"twitter:data2\" content=\"1 minuto\" \/>\n<script type=\"application\/ld+json\" class=\"yoast-schema-graph\">{\"@context\":\"https:\/\/schema.org\",\"@graph\":[{\"@type\":\"WebPage\",\"@id\":\"https:\/\/verdadeon.com.br\/portal\/2020\/10\/01\/morre-o-radialista-e-colunista-verzola\/\",\"url\":\"https:\/\/verdadeon.com.br\/portal\/2020\/10\/01\/morre-o-radialista-e-colunista-verzola\/\",\"name\":\"Morre o radialista e colunista Verzola - VerdadeOn\",\"isPartOf\":{\"@id\":\"https:\/\/verdadeon.com.br\/portal\/#website\"},\"primaryImageOfPage\":{\"@id\":\"https:\/\/verdadeon.com.br\/portal\/2020\/10\/01\/morre-o-radialista-e-colunista-verzola\/#primaryimage\"},\"image\":{\"@id\":\"https:\/\/verdadeon.com.br\/portal\/2020\/10\/01\/morre-o-radialista-e-colunista-verzola\/#primaryimage\"},\"thumbnailUrl\":\"https:\/\/i0.wp.com\/verdadeon.com.br\/portal\/wp-content\/uploads\/2020\/10\/verzola.jpg?fit=861%2C588&ssl=1\",\"datePublished\":\"2020-10-01T13:04:26+00:00\",\"author\":{\"@id\":\"https:\/\/verdadeon.com.br\/portal\/#\/schema\/person\/a5060ad1e9ea3df545188fc93ce43d2f\"},\"breadcrumb\":{\"@id\":\"https:\/\/verdadeon.com.br\/portal\/2020\/10\/01\/morre-o-radialista-e-colunista-verzola\/#breadcrumb\"},\"inLanguage\":\"pt-BR\",\"potentialAction\":[{\"@type\":\"ReadAction\",\"target\":[\"https:\/\/verdadeon.com.br\/portal\/2020\/10\/01\/morre-o-radialista-e-colunista-verzola\/\"]}]},{\"@type\":\"ImageObject\",\"inLanguage\":\"pt-BR\",\"@id\":\"https:\/\/verdadeon.com.br\/portal\/2020\/10\/01\/morre-o-radialista-e-colunista-verzola\/#primaryimage\",\"url\":\"https:\/\/i0.wp.com\/verdadeon.com.br\/portal\/wp-content\/uploads\/2020\/10\/verzola.jpg?fit=861%2C588&ssl=1\",\"contentUrl\":\"https:\/\/i0.wp.com\/verdadeon.com.br\/portal\/wp-content\/uploads\/2020\/10\/verzola.jpg?fit=861%2C588&ssl=1\",\"width\":861,\"height\":588},{\"@type\":\"BreadcrumbList\",\"@id\":\"https:\/\/verdadeon.com.br\/portal\/2020\/10\/01\/morre-o-radialista-e-colunista-verzola\/#breadcrumb\",\"itemListElement\":[{\"@type\":\"ListItem\",\"position\":1,\"name\":\"In\u00edcio\",\"item\":\"https:\/\/verdadeon.com.br\/portal\/\"},{\"@type\":\"ListItem\",\"position\":2,\"name\":\"Morre o radialista e colunista Verzola\"}]},{\"@type\":\"WebSite\",\"@id\":\"https:\/\/verdadeon.com.br\/portal\/#website\",\"url\":\"https:\/\/verdadeon.com.br\/portal\/\",\"name\":\"VerdadeOn\",\"description\":\"Not\u00edcias di\u00e1rias sobre Franca, Regi\u00e3o, Esporte, Cultura, Cotidiano, Colunas. Cobertura nos principais eventos da cidade \u00e9 aqui - Verdadeon Franca\",\"potentialAction\":[{\"@type\":\"SearchAction\",\"target\":{\"@type\":\"EntryPoint\",\"urlTemplate\":\"https:\/\/verdadeon.com.br\/portal\/?s={search_term_string}\"},\"query-input\":{\"@type\":\"PropertyValueSpecification\",\"valueRequired\":true,\"valueName\":\"search_term_string\"}}],\"inLanguage\":\"pt-BR\"},{\"@type\":\"Person\",\"@id\":\"https:\/\/verdadeon.com.br\/portal\/#\/schema\/person\/a5060ad1e9ea3df545188fc93ce43d2f\",\"name\":\"Redacao VerdadeOn\",\"image\":{\"@type\":\"ImageObject\",\"inLanguage\":\"pt-BR\",\"@id\":\"https:\/\/verdadeon.com.br\/portal\/#\/schema\/person\/image\/\",\"url\":\"https:\/\/secure.gravatar.com\/avatar\/459a9613caaaf07f582c3d0841eea68bdd66f533e465e6ba8b9cb45619572cf4?s=96&d=mm&r=g\",\"contentUrl\":\"https:\/\/secure.gravatar.com\/avatar\/459a9613caaaf07f582c3d0841eea68bdd66f533e465e6ba8b9cb45619572cf4?s=96&d=mm&r=g\",\"caption\":\"Redacao VerdadeOn\"},\"url\":\"https:\/\/verdadeon.com.br\/portal\/author\/redacao\/\"}]}<\/script>\n<!-- \/ Yoast SEO plugin. -->","yoast_head_json":{"title":"Morre o radialista e colunista Verzola - VerdadeOn","robots":{"index":"index","follow":"follow","max-snippet":"max-snippet:-1","max-image-preview":"max-image-preview:large","max-video-preview":"max-video-preview:-1"},"canonical":"https:\/\/verdadeon.com.br\/portal\/2020\/10\/01\/morre-o-radialista-e-colunista-verzola\/","og_locale":"pt_BR","og_type":"article","og_title":"Morre o radialista e colunista Verzola - VerdadeOn","og_description":"Morreu na madrugada desta quinta-feira, 1\u00ba de outubro, \u00a0o radialista Paulo Roberto Verzola. O Seu vel\u00f3rio acontece no S\u00e3o Vicente de Paula, sala 1, a partir [\u2026]","og_url":"https:\/\/verdadeon.com.br\/portal\/2020\/10\/01\/morre-o-radialista-e-colunista-verzola\/","og_site_name":"VerdadeOn","article_published_time":"2020-10-01T13:04:26+00:00","og_image":[{"width":861,"height":588,"url":"https:\/\/verdadeon.com.br\/portal\/wp-content\/uploads\/2020\/10\/verzola.jpg","type":"image\/jpeg"}],"author":"Redacao VerdadeOn","twitter_card":"summary_large_image","twitter_misc":{"Escrito por":"Redacao VerdadeOn","Est. tempo de leitura":"1 minuto"},"schema":{"@context":"https:\/\/schema.org","@graph":[{"@type":"WebPage","@id":"https:\/\/verdadeon.com.br\/portal\/2020\/10\/01\/morre-o-radialista-e-colunista-verzola\/","url":"https:\/\/verdadeon.com.br\/portal\/2020\/10\/01\/morre-o-radialista-e-colunista-verzola\/","name":"Morre o radialista e colunista Verzola - VerdadeOn","isPartOf":{"@id":"https:\/\/verdadeon.com.br\/portal\/#website"},"primaryImageOfPage":{"@id":"https:\/\/verdadeon.com.br\/portal\/2020\/10\/01\/morre-o-radialista-e-colunista-verzola\/#primaryimage"},"image":{"@id":"https:\/\/verdadeon.com.br\/portal\/2020\/10\/01\/morre-o-radialista-e-colunista-verzola\/#primaryimage"},"thumbnailUrl":"https:\/\/i0.wp.com\/verdadeon.com.br\/portal\/wp-content\/uploads\/2020\/10\/verzola.jpg?fit=861%2C588&ssl=1","datePublished":"2020-10-01T13:04:26+00:00","author":{"@id":"https:\/\/verdadeon.com.br\/portal\/#\/schema\/person\/a5060ad1e9ea3df545188fc93ce43d2f"},"breadcrumb":{"@id":"https:\/\/verdadeon.com.br\/portal\/2020\/10\/01\/morre-o-radialista-e-colunista-verzola\/#breadcrumb"},"inLanguage":"pt-BR","potentialAction":[{"@type":"ReadAction","target":["https:\/\/verdadeon.com.br\/portal\/2020\/10\/01\/morre-o-radialista-e-colunista-verzola\/"]}]},{"@type":"ImageObject","inLanguage":"pt-BR","@id":"https:\/\/verdadeon.com.br\/portal\/2020\/10\/01\/morre-o-radialista-e-colunista-verzola\/#primaryimage","url":"https:\/\/i0.wp.com\/verdadeon.com.br\/portal\/wp-content\/uploads\/2020\/10\/verzola.jpg?fit=861%2C588&ssl=1","contentUrl":"https:\/\/i0.wp.com\/verdadeon.com.br\/portal\/wp-content\/uploads\/2020\/10\/verzola.jpg?fit=861%2C588&ssl=1","width":861,"height":588},{"@type":"BreadcrumbList","@id":"https:\/\/verdadeon.com.br\/portal\/2020\/10\/01\/morre-o-radialista-e-colunista-verzola\/#breadcrumb","itemListElement":[{"@type":"ListItem","position":1,"name":"In\u00edcio","item":"https:\/\/verdadeon.com.br\/portal\/"},{"@type":"ListItem","position":2,"name":"Morre o radialista e colunista Verzola"}]},{"@type":"WebSite","@id":"https:\/\/verdadeon.com.br\/portal\/#website","url":"https:\/\/verdadeon.com.br\/portal\/","name":"VerdadeOn","description":"Not\u00edcias di\u00e1rias sobre Franca, Regi\u00e3o, Esporte, Cultura, Cotidiano, Colunas. Cobertura nos principais eventos da cidade \u00e9 aqui - Verdadeon Franca","potentialAction":[{"@type":"SearchAction","target":{"@type":"EntryPoint","urlTemplate":"https:\/\/verdadeon.com.br\/portal\/?s={search_term_string}"},"query-input":{"@type":"PropertyValueSpecification","valueRequired":true,"valueName":"search_term_string"}}],"inLanguage":"pt-BR"},{"@type":"Person","@id":"https:\/\/verdadeon.com.br\/portal\/#\/schema\/person\/a5060ad1e9ea3df545188fc93ce43d2f","name":"Redacao VerdadeOn","image":{"@type":"ImageObject","inLanguage":"pt-BR","@id":"https:\/\/verdadeon.com.br\/portal\/#\/schema\/person\/image\/","url":"https:\/\/secure.gravatar.com\/avatar\/459a9613caaaf07f582c3d0841eea68bdd66f533e465e6ba8b9cb45619572cf4?s=96&d=mm&r=g","contentUrl":"https:\/\/secure.gravatar.com\/avatar\/459a9613caaaf07f582c3d0841eea68bdd66f533e465e6ba8b9cb45619572cf4?s=96&d=mm&r=g","caption":"Redacao VerdadeOn"},"url":"https:\/\/verdadeon.com.br\/portal\/author\/redacao\/"}]}},"jetpack_publicize_connections":[],"jetpack_featured_media_url":"https:\/\/i0.wp.com\/verdadeon.com.br\/portal\/wp-content\/uploads\/2020\/10\/verzola.jpg?fit=861%2C588&ssl=1","jetpack_sharing_enabled":true,"_links":{"self":[{"href":"https:\/\/verdadeon.com.br\/portal\/wp-json\/wp\/v2\/posts\/10824","targetHints":{"allow":["GET"]}}],"collection":[{"href":"https:\/\/verdadeon.com.br\/portal\/wp-json\/wp\/v2\/posts"}],"about":[{"href":"https:\/\/verdadeon.com.br\/portal\/wp-json\/wp\/v2\/types\/post"}],"author":[{"embeddable":true,"href":"https:\/\/verdadeon.com.br\/portal\/wp-json\/wp\/v2\/users\/10"}],"replies":[{"embeddable":true,"href":"https:\/\/verdadeon.com.br\/portal\/wp-json\/wp\/v2\/comments?post=10824"}],"version-history":[{"count":0,"href":"https:\/\/verdadeon.com.br\/portal\/wp-json\/wp\/v2\/posts\/10824\/revisions"}],"wp:featuredmedia":[{"embeddable":true,"href":"https:\/\/verdadeon.com.br\/portal\/wp-json\/wp\/v2\/media\/10825"}],"wp:attachment":[{"href":"https:\/\/verdadeon.com.br\/portal\/wp-json\/wp\/v2\/media?parent=10824"}],"wp:term":[{"taxonomy":"category","embeddable":true,"href":"https:\/\/verdadeon.com.br\/portal\/wp-json\/wp\/v2\/categories?post=10824"},{"taxonomy":"post_tag","embeddable":true,"href":"https:\/\/verdadeon.com.br\/portal\/wp-json\/wp\/v2\/tags?post=10824"}],"curies":[{"name":"wp","href":"https:\/\/api.w.org\/{rel}","templated":true}]}}