{"id":10789,"date":"2020-09-29T23:53:57","date_gmt":"2020-09-30T02:53:57","guid":{"rendered":"http:\/\/verdadeon.com.br\/portal\/?p=10789"},"modified":"2020-09-29T23:53:57","modified_gmt":"2020-09-30T02:53:57","slug":"lei-aumenta-pena-para-maus-tratos-a-caes-e-gatos","status":"publish","type":"post","link":"https:\/\/verdadeon.com.br\/portal\/2020\/09\/29\/lei-aumenta-pena-para-maus-tratos-a-caes-e-gatos\/","title":{"rendered":"Lei aumenta pena para maus-tratos a c\u00e3es e gatos"},"content":{"rendered":"<div class=\"col-lg-12 mb-3\">\n<div class=\"row\">\n<h3 class=\"col-10 offset-1 animated fadeInDown dealy-900 display-8 display-md-8 alt-font font-italic my-1 text-center\">Condena\u00e7\u00e3o pode chegar a cinco 5 anos de pris\u00e3o<\/h3>\n<\/div>\n<p>Pedro Rafael Vilela &#8211; Rep\u00f3rter da Ag\u00eancia Brasil &#8211; Bras\u00edlia<\/p><\/div>\n<div class=\"col-xl-7 offset-xl-1 col-lg-8 offset-lg-0 col-md-10 offset-md-1 mb-3\">\n<div class=\"post-item alt-font\">\n<div class=\"post-item-wrap\">\n<p>O presidente Jair Bolsonaro sancionou hoje (29), em cerim\u00f4nia no Pal\u00e1cio do Planalto, em Bras\u00edlia, a lei que aumenta as penas para quem maltratar c\u00e3es e gatos. Agora, este crime passa a ser punido com pris\u00e3o de dois a cinco anos, multa e proibi\u00e7\u00e3o da guarda, a novidade do projeto. Antes, a pena era de deten\u00e7\u00e3o de tr\u00eas meses a um ano, al\u00e9m de multa.<img data-recalc-dims=\"1\" decoding=\"async\" src=\"https:\/\/i0.wp.com\/agenciabrasil.ebc.com.br\/ebc.png?w=1220&#038;ssl=1\" \/><img data-recalc-dims=\"1\" decoding=\"async\" src=\"https:\/\/i0.wp.com\/agenciabrasil.ebc.com.br\/ebc.gif?w=1220&#038;ssl=1\" \/><\/p>\n<p>Segundo a Secretaria-Geral da Presid\u00eancia da Rep\u00fablica, o presidente n\u00e3o vetou nenhum dispositivo da nova legisla\u00e7\u00e3o, oriunda do projeto de lei 1.095\/2019, de autoria do deputado federal Fred Costa (Patriota-MG).<\/p>\n<p>\u201cQuem n\u00e3o demonstra amor por um animal como um c\u00e3o, por exemplo, n\u00e3o pode demonstrar amor, no meu entender, por quase nada nessa vida\u201d, afirmou Bolsonaro, durante a cerim\u00f4nia. O presidente contestou os cr\u00edticos da nova lei que classificaram como desproporcional a pena para o crime de maus-tratos. \u201cAquele que por ventura venha reclamar da lei agora, uma coisa muito simples: se voc\u00ea n\u00e3o sabe, n\u00e3o quer tratar com carinho, com o devido respeito um c\u00e3o ou um gato, n\u00e3o o tenha em casa\u201d.<\/p>\n<p>A pena de reclus\u00e3o da nova lei prev\u00ea cumprimento em estabelecimentos mais r\u00edgidos, como pres\u00eddios de seguran\u00e7a m\u00e9dia ou m\u00e1xima. O regime de cumprimento de reclus\u00e3o pode ser fechado, semiaberto ou aberto.<\/p>\n<p>Segundo dados do Instituto Brasileiro de Geografia e Estat\u00edstica (IBGE), o Brasil tem 28,8 milh\u00f5es de domic\u00edlios com, pelo menos, um cachorro e mais 11,5 milh\u00f5es com algum gato.<\/p>\n<p>Em meio \u00e0 pandemia da covid-19, que manteve mais pessoas em casa, aumentaram os registros de den\u00fancias de maus-tratos a c\u00e3es e gatos, segundo relatos de organiza\u00e7\u00f5es n\u00e3o-governamentais de defesa e prote\u00e7\u00e3o animal. De acordo com a Delegacia Eletr\u00f4nica de Prote\u00e7\u00e3o Animal (DEPA), somente em S\u00e3o Paulo essas den\u00fancias de viol\u00eancia contra animais apresentaram aumento de 81,5% de janeiro a julho de 2020, em rela\u00e7\u00e3o ao mesmo per\u00edodo do ano anterior.<\/p>\n<p>O deputado Fred Costa destacou que, com a san\u00e7\u00e3o da lei, quem comer crime contra os animais ter\u00e1 puni\u00e7\u00e3o efetiva. \u201cA partir de hoje, quem cometer [crime] contra c\u00e3o e gato vai ter o que merece: pris\u00e3o. Este ato de hoje \u00e9 em defesa dos animais, mas tamb\u00e9m \u00e9 em defesa do ser humano, \u00e9 em defesa da vida, porque aqueles que cometem crime contra os animais, estatisticamente, t\u00eam enorme propens\u00e3o a cometer contra o ser humano\u201d, afirmou o deputado.<\/p>\n<\/div>\n<p class=\"alt-font font-italic my-2 small text-info\">Edi\u00e7\u00e3o: Kelly Oliveira<\/p>\n<\/div>\n<\/div>\n","protected":false},"excerpt":{"rendered":"<p>Condena\u00e7\u00e3o pode chegar a cinco 5 anos de pris\u00e3o Pedro Rafael Vilela &#8211; Rep\u00f3rter da Ag\u00eancia Brasil &#8211; Bras\u00edlia O presidente Jair Bolsonaro sancionou hoje (29),<span class=\"excerpt-hellip\"> [\u2026]<\/span><\/p>\n","protected":false},"author":10,"featured_media":10791,"comment_status":"open","ping_status":"open","sticky":false,"template":"","format":"standard","meta":{"_jetpack_memberships_contains_paid_content":false,"footnotes":"","jetpack_publicize_message":"","jetpack_publicize_feature_enabled":true,"jetpack_social_post_already_shared":false,"jetpack_social_options":{"image_generator_settings":{"template":"highway","default_image_id":0,"enabled":false},"version":2}},"categories":[53,44],"tags":[],"class_list":["post-10789","post","type-post","status-publish","format-standard","has-post-thumbnail","hentry","category-brasil","category-noticias"],"yoast_head":"<!-- This site is optimized with the Yoast SEO plugin v25.6 - https:\/\/yoast.com\/wordpress\/plugins\/seo\/ -->\n<title>Lei aumenta pena para maus-tratos a c\u00e3es e gatos - VerdadeOn<\/title>\n<meta name=\"robots\" content=\"index, follow, max-snippet:-1, max-image-preview:large, max-video-preview:-1\" \/>\n<link rel=\"canonical\" href=\"https:\/\/verdadeon.com.br\/portal\/2020\/09\/29\/lei-aumenta-pena-para-maus-tratos-a-caes-e-gatos\/\" \/>\n<meta property=\"og:locale\" content=\"pt_BR\" \/>\n<meta property=\"og:type\" content=\"article\" \/>\n<meta property=\"og:title\" content=\"Lei aumenta pena para maus-tratos a c\u00e3es e gatos - VerdadeOn\" \/>\n<meta property=\"og:description\" content=\"Condena\u00e7\u00e3o pode chegar a cinco 5 anos de pris\u00e3o Pedro Rafael Vilela &#8211; Rep\u00f3rter da Ag\u00eancia Brasil &#8211; Bras\u00edlia O presidente Jair Bolsonaro sancionou hoje (29), [\u2026]\" \/>\n<meta property=\"og:url\" content=\"https:\/\/verdadeon.com.br\/portal\/2020\/09\/29\/lei-aumenta-pena-para-maus-tratos-a-caes-e-gatos\/\" \/>\n<meta property=\"og:site_name\" content=\"VerdadeOn\" \/>\n<meta property=\"article:published_time\" content=\"2020-09-30T02:53:57+00:00\" \/>\n<meta property=\"og:image\" content=\"https:\/\/verdadeon.com.br\/portal\/wp-content\/uploads\/2020\/09\/29-09-2020_lei_maus_tratos.jpg\" \/>\n\t<meta property=\"og:image:width\" content=\"1000\" \/>\n\t<meta property=\"og:image:height\" content=\"670\" \/>\n\t<meta property=\"og:image:type\" content=\"image\/jpeg\" \/>\n<meta name=\"author\" content=\"Redacao VerdadeOn\" \/>\n<meta name=\"twitter:card\" content=\"summary_large_image\" \/>\n<meta name=\"twitter:label1\" content=\"Escrito por\" \/>\n\t<meta name=\"twitter:data1\" content=\"Redacao VerdadeOn\" \/>\n\t<meta name=\"twitter:label2\" content=\"Est. tempo de leitura\" \/>\n\t<meta name=\"twitter:data2\" content=\"2 minutos\" \/>\n<script type=\"application\/ld+json\" class=\"yoast-schema-graph\">{\"@context\":\"https:\/\/schema.org\",\"@graph\":[{\"@type\":\"WebPage\",\"@id\":\"https:\/\/verdadeon.com.br\/portal\/2020\/09\/29\/lei-aumenta-pena-para-maus-tratos-a-caes-e-gatos\/\",\"url\":\"https:\/\/verdadeon.com.br\/portal\/2020\/09\/29\/lei-aumenta-pena-para-maus-tratos-a-caes-e-gatos\/\",\"name\":\"Lei aumenta pena para maus-tratos a c\u00e3es e gatos - VerdadeOn\",\"isPartOf\":{\"@id\":\"https:\/\/verdadeon.com.br\/portal\/#website\"},\"primaryImageOfPage\":{\"@id\":\"https:\/\/verdadeon.com.br\/portal\/2020\/09\/29\/lei-aumenta-pena-para-maus-tratos-a-caes-e-gatos\/#primaryimage\"},\"image\":{\"@id\":\"https:\/\/verdadeon.com.br\/portal\/2020\/09\/29\/lei-aumenta-pena-para-maus-tratos-a-caes-e-gatos\/#primaryimage\"},\"thumbnailUrl\":\"https:\/\/i0.wp.com\/verdadeon.com.br\/portal\/wp-content\/uploads\/2020\/09\/29-09-2020_lei_maus_tratos.jpg?fit=1000%2C670&ssl=1\",\"datePublished\":\"2020-09-30T02:53:57+00:00\",\"author\":{\"@id\":\"https:\/\/verdadeon.com.br\/portal\/#\/schema\/person\/a5060ad1e9ea3df545188fc93ce43d2f\"},\"breadcrumb\":{\"@id\":\"https:\/\/verdadeon.com.br\/portal\/2020\/09\/29\/lei-aumenta-pena-para-maus-tratos-a-caes-e-gatos\/#breadcrumb\"},\"inLanguage\":\"pt-BR\",\"potentialAction\":[{\"@type\":\"ReadAction\",\"target\":[\"https:\/\/verdadeon.com.br\/portal\/2020\/09\/29\/lei-aumenta-pena-para-maus-tratos-a-caes-e-gatos\/\"]}]},{\"@type\":\"ImageObject\",\"inLanguage\":\"pt-BR\",\"@id\":\"https:\/\/verdadeon.com.br\/portal\/2020\/09\/29\/lei-aumenta-pena-para-maus-tratos-a-caes-e-gatos\/#primaryimage\",\"url\":\"https:\/\/i0.wp.com\/verdadeon.com.br\/portal\/wp-content\/uploads\/2020\/09\/29-09-2020_lei_maus_tratos.jpg?fit=1000%2C670&ssl=1\",\"contentUrl\":\"https:\/\/i0.wp.com\/verdadeon.com.br\/portal\/wp-content\/uploads\/2020\/09\/29-09-2020_lei_maus_tratos.jpg?fit=1000%2C670&ssl=1\",\"width\":1000,\"height\":670,\"caption\":\"O presidente Jair Bolsonaro sanciona o projeto de lei (PL 1.095\/2019) que aumenta pena para crimes de maus-tratos a animais.\"},{\"@type\":\"BreadcrumbList\",\"@id\":\"https:\/\/verdadeon.com.br\/portal\/2020\/09\/29\/lei-aumenta-pena-para-maus-tratos-a-caes-e-gatos\/#breadcrumb\",\"itemListElement\":[{\"@type\":\"ListItem\",\"position\":1,\"name\":\"In\u00edcio\",\"item\":\"https:\/\/verdadeon.com.br\/portal\/\"},{\"@type\":\"ListItem\",\"position\":2,\"name\":\"Lei aumenta pena para maus-tratos a c\u00e3es e gatos\"}]},{\"@type\":\"WebSite\",\"@id\":\"https:\/\/verdadeon.com.br\/portal\/#website\",\"url\":\"https:\/\/verdadeon.com.br\/portal\/\",\"name\":\"VerdadeOn\",\"description\":\"Not\u00edcias di\u00e1rias sobre Franca, Regi\u00e3o, Esporte, Cultura, Cotidiano, Colunas. Cobertura nos principais eventos da cidade \u00e9 aqui - Verdadeon Franca\",\"potentialAction\":[{\"@type\":\"SearchAction\",\"target\":{\"@type\":\"EntryPoint\",\"urlTemplate\":\"https:\/\/verdadeon.com.br\/portal\/?s={search_term_string}\"},\"query-input\":{\"@type\":\"PropertyValueSpecification\",\"valueRequired\":true,\"valueName\":\"search_term_string\"}}],\"inLanguage\":\"pt-BR\"},{\"@type\":\"Person\",\"@id\":\"https:\/\/verdadeon.com.br\/portal\/#\/schema\/person\/a5060ad1e9ea3df545188fc93ce43d2f\",\"name\":\"Redacao VerdadeOn\",\"image\":{\"@type\":\"ImageObject\",\"inLanguage\":\"pt-BR\",\"@id\":\"https:\/\/verdadeon.com.br\/portal\/#\/schema\/person\/image\/\",\"url\":\"https:\/\/secure.gravatar.com\/avatar\/459a9613caaaf07f582c3d0841eea68bdd66f533e465e6ba8b9cb45619572cf4?s=96&d=mm&r=g\",\"contentUrl\":\"https:\/\/secure.gravatar.com\/avatar\/459a9613caaaf07f582c3d0841eea68bdd66f533e465e6ba8b9cb45619572cf4?s=96&d=mm&r=g\",\"caption\":\"Redacao VerdadeOn\"},\"url\":\"https:\/\/verdadeon.com.br\/portal\/author\/redacao\/\"}]}<\/script>\n<!-- \/ Yoast SEO plugin. -->","yoast_head_json":{"title":"Lei aumenta pena para maus-tratos a c\u00e3es e gatos - VerdadeOn","robots":{"index":"index","follow":"follow","max-snippet":"max-snippet:-1","max-image-preview":"max-image-preview:large","max-video-preview":"max-video-preview:-1"},"canonical":"https:\/\/verdadeon.com.br\/portal\/2020\/09\/29\/lei-aumenta-pena-para-maus-tratos-a-caes-e-gatos\/","og_locale":"pt_BR","og_type":"article","og_title":"Lei aumenta pena para maus-tratos a c\u00e3es e gatos - VerdadeOn","og_description":"Condena\u00e7\u00e3o pode chegar a cinco 5 anos de pris\u00e3o Pedro Rafael Vilela &#8211; Rep\u00f3rter da Ag\u00eancia Brasil &#8211; Bras\u00edlia O presidente Jair Bolsonaro sancionou hoje (29), [\u2026]","og_url":"https:\/\/verdadeon.com.br\/portal\/2020\/09\/29\/lei-aumenta-pena-para-maus-tratos-a-caes-e-gatos\/","og_site_name":"VerdadeOn","article_published_time":"2020-09-30T02:53:57+00:00","og_image":[{"width":1000,"height":670,"url":"https:\/\/verdadeon.com.br\/portal\/wp-content\/uploads\/2020\/09\/29-09-2020_lei_maus_tratos.jpg","type":"image\/jpeg"}],"author":"Redacao VerdadeOn","twitter_card":"summary_large_image","twitter_misc":{"Escrito por":"Redacao VerdadeOn","Est. tempo de leitura":"2 minutos"},"schema":{"@context":"https:\/\/schema.org","@graph":[{"@type":"WebPage","@id":"https:\/\/verdadeon.com.br\/portal\/2020\/09\/29\/lei-aumenta-pena-para-maus-tratos-a-caes-e-gatos\/","url":"https:\/\/verdadeon.com.br\/portal\/2020\/09\/29\/lei-aumenta-pena-para-maus-tratos-a-caes-e-gatos\/","name":"Lei aumenta pena para maus-tratos a c\u00e3es e gatos - VerdadeOn","isPartOf":{"@id":"https:\/\/verdadeon.com.br\/portal\/#website"},"primaryImageOfPage":{"@id":"https:\/\/verdadeon.com.br\/portal\/2020\/09\/29\/lei-aumenta-pena-para-maus-tratos-a-caes-e-gatos\/#primaryimage"},"image":{"@id":"https:\/\/verdadeon.com.br\/portal\/2020\/09\/29\/lei-aumenta-pena-para-maus-tratos-a-caes-e-gatos\/#primaryimage"},"thumbnailUrl":"https:\/\/i0.wp.com\/verdadeon.com.br\/portal\/wp-content\/uploads\/2020\/09\/29-09-2020_lei_maus_tratos.jpg?fit=1000%2C670&ssl=1","datePublished":"2020-09-30T02:53:57+00:00","author":{"@id":"https:\/\/verdadeon.com.br\/portal\/#\/schema\/person\/a5060ad1e9ea3df545188fc93ce43d2f"},"breadcrumb":{"@id":"https:\/\/verdadeon.com.br\/portal\/2020\/09\/29\/lei-aumenta-pena-para-maus-tratos-a-caes-e-gatos\/#breadcrumb"},"inLanguage":"pt-BR","potentialAction":[{"@type":"ReadAction","target":["https:\/\/verdadeon.com.br\/portal\/2020\/09\/29\/lei-aumenta-pena-para-maus-tratos-a-caes-e-gatos\/"]}]},{"@type":"ImageObject","inLanguage":"pt-BR","@id":"https:\/\/verdadeon.com.br\/portal\/2020\/09\/29\/lei-aumenta-pena-para-maus-tratos-a-caes-e-gatos\/#primaryimage","url":"https:\/\/i0.wp.com\/verdadeon.com.br\/portal\/wp-content\/uploads\/2020\/09\/29-09-2020_lei_maus_tratos.jpg?fit=1000%2C670&ssl=1","contentUrl":"https:\/\/i0.wp.com\/verdadeon.com.br\/portal\/wp-content\/uploads\/2020\/09\/29-09-2020_lei_maus_tratos.jpg?fit=1000%2C670&ssl=1","width":1000,"height":670,"caption":"O presidente Jair Bolsonaro sanciona o projeto de lei (PL 1.095\/2019) que aumenta pena para crimes de maus-tratos a animais."},{"@type":"BreadcrumbList","@id":"https:\/\/verdadeon.com.br\/portal\/2020\/09\/29\/lei-aumenta-pena-para-maus-tratos-a-caes-e-gatos\/#breadcrumb","itemListElement":[{"@type":"ListItem","position":1,"name":"In\u00edcio","item":"https:\/\/verdadeon.com.br\/portal\/"},{"@type":"ListItem","position":2,"name":"Lei aumenta pena para maus-tratos a c\u00e3es e gatos"}]},{"@type":"WebSite","@id":"https:\/\/verdadeon.com.br\/portal\/#website","url":"https:\/\/verdadeon.com.br\/portal\/","name":"VerdadeOn","description":"Not\u00edcias di\u00e1rias sobre Franca, Regi\u00e3o, Esporte, Cultura, Cotidiano, Colunas. Cobertura nos principais eventos da cidade \u00e9 aqui - Verdadeon Franca","potentialAction":[{"@type":"SearchAction","target":{"@type":"EntryPoint","urlTemplate":"https:\/\/verdadeon.com.br\/portal\/?s={search_term_string}"},"query-input":{"@type":"PropertyValueSpecification","valueRequired":true,"valueName":"search_term_string"}}],"inLanguage":"pt-BR"},{"@type":"Person","@id":"https:\/\/verdadeon.com.br\/portal\/#\/schema\/person\/a5060ad1e9ea3df545188fc93ce43d2f","name":"Redacao VerdadeOn","image":{"@type":"ImageObject","inLanguage":"pt-BR","@id":"https:\/\/verdadeon.com.br\/portal\/#\/schema\/person\/image\/","url":"https:\/\/secure.gravatar.com\/avatar\/459a9613caaaf07f582c3d0841eea68bdd66f533e465e6ba8b9cb45619572cf4?s=96&d=mm&r=g","contentUrl":"https:\/\/secure.gravatar.com\/avatar\/459a9613caaaf07f582c3d0841eea68bdd66f533e465e6ba8b9cb45619572cf4?s=96&d=mm&r=g","caption":"Redacao VerdadeOn"},"url":"https:\/\/verdadeon.com.br\/portal\/author\/redacao\/"}]}},"jetpack_publicize_connections":[],"jetpack_featured_media_url":"https:\/\/i0.wp.com\/verdadeon.com.br\/portal\/wp-content\/uploads\/2020\/09\/29-09-2020_lei_maus_tratos.jpg?fit=1000%2C670&ssl=1","jetpack_sharing_enabled":true,"_links":{"self":[{"href":"https:\/\/verdadeon.com.br\/portal\/wp-json\/wp\/v2\/posts\/10789","targetHints":{"allow":["GET"]}}],"collection":[{"href":"https:\/\/verdadeon.com.br\/portal\/wp-json\/wp\/v2\/posts"}],"about":[{"href":"https:\/\/verdadeon.com.br\/portal\/wp-json\/wp\/v2\/types\/post"}],"author":[{"embeddable":true,"href":"https:\/\/verdadeon.com.br\/portal\/wp-json\/wp\/v2\/users\/10"}],"replies":[{"embeddable":true,"href":"https:\/\/verdadeon.com.br\/portal\/wp-json\/wp\/v2\/comments?post=10789"}],"version-history":[{"count":0,"href":"https:\/\/verdadeon.com.br\/portal\/wp-json\/wp\/v2\/posts\/10789\/revisions"}],"wp:featuredmedia":[{"embeddable":true,"href":"https:\/\/verdadeon.com.br\/portal\/wp-json\/wp\/v2\/media\/10791"}],"wp:attachment":[{"href":"https:\/\/verdadeon.com.br\/portal\/wp-json\/wp\/v2\/media?parent=10789"}],"wp:term":[{"taxonomy":"category","embeddable":true,"href":"https:\/\/verdadeon.com.br\/portal\/wp-json\/wp\/v2\/categories?post=10789"},{"taxonomy":"post_tag","embeddable":true,"href":"https:\/\/verdadeon.com.br\/portal\/wp-json\/wp\/v2\/tags?post=10789"}],"curies":[{"name":"wp","href":"https:\/\/api.w.org\/{rel}","templated":true}]}}