{"id":10738,"date":"2020-09-28T19:59:09","date_gmt":"2020-09-28T22:59:09","guid":{"rendered":"http:\/\/verdadeon.com.br\/portal\/?p=10738"},"modified":"2020-09-28T19:59:09","modified_gmt":"2020-09-28T22:59:09","slug":"franca-tem-90-novos-casos-e-4-mortes-nesta-segunda-feira","status":"publish","type":"post","link":"https:\/\/verdadeon.com.br\/portal\/2020\/09\/28\/franca-tem-90-novos-casos-e-4-mortes-nesta-segunda-feira\/","title":{"rendered":"Franca tem 90 novos casos e 4 mortes nesta segunda-feira"},"content":{"rendered":"<p>A Vigil\u00e2ncia Epidemiol\u00f3gica da Prefeitura de Franca informou o registro de mais 4 \u00f3bitos por Covid 19 nesta segunda-feira,\u00a0 elevando o n\u00famero para 132 \u00f3bitos. Tratam-se de 2\u00a0 homens, um com 65 anos, com comorbidades, e outro de 44 anos, n\u00e3o consta comorbidades, e de duas mulheres, uma com 60 anos e outra com 82 anos, ambas constando como com comorbidades.<\/p>\n<p>A Vigil\u00e2ncia relata tamb\u00e9m um aumento de 90 novos casos positivos de Covid-19,\u00a0 deixando um quadro de 5.896 casos confirmados. Os registros suspeitos tamb\u00e9m aumentaram de 966 para 970.<\/p>\n<p>Os casos negativos aumentaram de 7.742 para 7.859. e os pacientes recuperados subiram de 1.722 para 1.753.<\/p>\n<p>O n\u00famero de leitos de Enfermaria (Cl\u00ednicos) est\u00e1 em 33 ocupados de 63 dispon\u00edveis. Dos 37 leitos de UTI SUS Adulto dispon\u00edveis, 33 est\u00e3o ocupados. Dos 05 leitos de UTI SUS Infantil dispon\u00edveis, nenhum est\u00e1 ocupado. Os leitos de UTI Particular est\u00e3o com 13 ocupados de 18 dispon\u00edveis.<\/p>\n","protected":false},"excerpt":{"rendered":"<p>A Vigil\u00e2ncia Epidemiol\u00f3gica da Prefeitura de Franca informou o registro de mais 4 \u00f3bitos por Covid 19 nesta segunda-feira,\u00a0 elevando o n\u00famero para 132 \u00f3bitos. Tratam-se<span class=\"excerpt-hellip\"> [\u2026]<\/span><\/p>\n","protected":false},"author":10,"featured_media":10740,"comment_status":"open","ping_status":"open","sticky":false,"template":"","format":"standard","meta":{"_jetpack_memberships_contains_paid_content":false,"footnotes":"","jetpack_publicize_message":"","jetpack_publicize_feature_enabled":true,"jetpack_social_post_already_shared":false,"jetpack_social_options":{"image_generator_settings":{"template":"highway","default_image_id":0,"enabled":false},"version":2}},"categories":[28,81],"tags":[],"class_list":["post-10738","post","type-post","status-publish","format-standard","has-post-thumbnail","hentry","category-cotidiano","category-manchete"],"yoast_head":"<!-- This site is optimized with the Yoast SEO plugin v25.6 - https:\/\/yoast.com\/wordpress\/plugins\/seo\/ -->\n<title>Franca tem 90 novos casos e 4 mortes nesta segunda-feira - VerdadeOn<\/title>\n<meta name=\"robots\" content=\"index, follow, max-snippet:-1, max-image-preview:large, max-video-preview:-1\" \/>\n<link rel=\"canonical\" href=\"https:\/\/verdadeon.com.br\/portal\/2020\/09\/28\/franca-tem-90-novos-casos-e-4-mortes-nesta-segunda-feira\/\" \/>\n<meta property=\"og:locale\" content=\"pt_BR\" \/>\n<meta property=\"og:type\" content=\"article\" \/>\n<meta property=\"og:title\" content=\"Franca tem 90 novos casos e 4 mortes nesta segunda-feira - VerdadeOn\" \/>\n<meta property=\"og:description\" content=\"A Vigil\u00e2ncia Epidemiol\u00f3gica da Prefeitura de Franca informou o registro de mais 4 \u00f3bitos por Covid 19 nesta segunda-feira,\u00a0 elevando o n\u00famero para 132 \u00f3bitos. Tratam-se [\u2026]\" \/>\n<meta property=\"og:url\" content=\"https:\/\/verdadeon.com.br\/portal\/2020\/09\/28\/franca-tem-90-novos-casos-e-4-mortes-nesta-segunda-feira\/\" \/>\n<meta property=\"og:site_name\" content=\"VerdadeOn\" \/>\n<meta property=\"article:published_time\" content=\"2020-09-28T22:59:09+00:00\" \/>\n<meta property=\"og:image\" content=\"https:\/\/verdadeon.com.br\/portal\/wp-content\/uploads\/2020\/09\/WhatsApp-Image-2020-09-28-at-19.38.19.jpeg\" \/>\n\t<meta property=\"og:image:width\" content=\"1000\" \/>\n\t<meta property=\"og:image:height\" content=\"670\" \/>\n\t<meta property=\"og:image:type\" content=\"image\/jpeg\" \/>\n<meta name=\"author\" content=\"Redacao VerdadeOn\" \/>\n<meta name=\"twitter:card\" content=\"summary_large_image\" \/>\n<meta name=\"twitter:label1\" content=\"Escrito por\" \/>\n\t<meta name=\"twitter:data1\" content=\"Redacao VerdadeOn\" \/>\n\t<meta name=\"twitter:label2\" content=\"Est. tempo de leitura\" \/>\n\t<meta name=\"twitter:data2\" content=\"1 minuto\" \/>\n<script type=\"application\/ld+json\" class=\"yoast-schema-graph\">{\"@context\":\"https:\/\/schema.org\",\"@graph\":[{\"@type\":\"WebPage\",\"@id\":\"https:\/\/verdadeon.com.br\/portal\/2020\/09\/28\/franca-tem-90-novos-casos-e-4-mortes-nesta-segunda-feira\/\",\"url\":\"https:\/\/verdadeon.com.br\/portal\/2020\/09\/28\/franca-tem-90-novos-casos-e-4-mortes-nesta-segunda-feira\/\",\"name\":\"Franca tem 90 novos casos e 4 mortes nesta segunda-feira - VerdadeOn\",\"isPartOf\":{\"@id\":\"https:\/\/verdadeon.com.br\/portal\/#website\"},\"primaryImageOfPage\":{\"@id\":\"https:\/\/verdadeon.com.br\/portal\/2020\/09\/28\/franca-tem-90-novos-casos-e-4-mortes-nesta-segunda-feira\/#primaryimage\"},\"image\":{\"@id\":\"https:\/\/verdadeon.com.br\/portal\/2020\/09\/28\/franca-tem-90-novos-casos-e-4-mortes-nesta-segunda-feira\/#primaryimage\"},\"thumbnailUrl\":\"https:\/\/i0.wp.com\/verdadeon.com.br\/portal\/wp-content\/uploads\/2020\/09\/WhatsApp-Image-2020-09-28-at-19.38.19.jpeg?fit=1000%2C670&ssl=1\",\"datePublished\":\"2020-09-28T22:59:09+00:00\",\"author\":{\"@id\":\"https:\/\/verdadeon.com.br\/portal\/#\/schema\/person\/a5060ad1e9ea3df545188fc93ce43d2f\"},\"breadcrumb\":{\"@id\":\"https:\/\/verdadeon.com.br\/portal\/2020\/09\/28\/franca-tem-90-novos-casos-e-4-mortes-nesta-segunda-feira\/#breadcrumb\"},\"inLanguage\":\"pt-BR\",\"potentialAction\":[{\"@type\":\"ReadAction\",\"target\":[\"https:\/\/verdadeon.com.br\/portal\/2020\/09\/28\/franca-tem-90-novos-casos-e-4-mortes-nesta-segunda-feira\/\"]}]},{\"@type\":\"ImageObject\",\"inLanguage\":\"pt-BR\",\"@id\":\"https:\/\/verdadeon.com.br\/portal\/2020\/09\/28\/franca-tem-90-novos-casos-e-4-mortes-nesta-segunda-feira\/#primaryimage\",\"url\":\"https:\/\/i0.wp.com\/verdadeon.com.br\/portal\/wp-content\/uploads\/2020\/09\/WhatsApp-Image-2020-09-28-at-19.38.19.jpeg?fit=1000%2C670&ssl=1\",\"contentUrl\":\"https:\/\/i0.wp.com\/verdadeon.com.br\/portal\/wp-content\/uploads\/2020\/09\/WhatsApp-Image-2020-09-28-at-19.38.19.jpeg?fit=1000%2C670&ssl=1\",\"width\":1000,\"height\":670},{\"@type\":\"BreadcrumbList\",\"@id\":\"https:\/\/verdadeon.com.br\/portal\/2020\/09\/28\/franca-tem-90-novos-casos-e-4-mortes-nesta-segunda-feira\/#breadcrumb\",\"itemListElement\":[{\"@type\":\"ListItem\",\"position\":1,\"name\":\"In\u00edcio\",\"item\":\"https:\/\/verdadeon.com.br\/portal\/\"},{\"@type\":\"ListItem\",\"position\":2,\"name\":\"Franca tem 90 novos casos e 4 mortes nesta segunda-feira\"}]},{\"@type\":\"WebSite\",\"@id\":\"https:\/\/verdadeon.com.br\/portal\/#website\",\"url\":\"https:\/\/verdadeon.com.br\/portal\/\",\"name\":\"VerdadeOn\",\"description\":\"Not\u00edcias di\u00e1rias sobre Franca, Regi\u00e3o, Esporte, Cultura, Cotidiano, Colunas. Cobertura nos principais eventos da cidade \u00e9 aqui - Verdadeon Franca\",\"potentialAction\":[{\"@type\":\"SearchAction\",\"target\":{\"@type\":\"EntryPoint\",\"urlTemplate\":\"https:\/\/verdadeon.com.br\/portal\/?s={search_term_string}\"},\"query-input\":{\"@type\":\"PropertyValueSpecification\",\"valueRequired\":true,\"valueName\":\"search_term_string\"}}],\"inLanguage\":\"pt-BR\"},{\"@type\":\"Person\",\"@id\":\"https:\/\/verdadeon.com.br\/portal\/#\/schema\/person\/a5060ad1e9ea3df545188fc93ce43d2f\",\"name\":\"Redacao VerdadeOn\",\"image\":{\"@type\":\"ImageObject\",\"inLanguage\":\"pt-BR\",\"@id\":\"https:\/\/verdadeon.com.br\/portal\/#\/schema\/person\/image\/\",\"url\":\"https:\/\/secure.gravatar.com\/avatar\/459a9613caaaf07f582c3d0841eea68bdd66f533e465e6ba8b9cb45619572cf4?s=96&d=mm&r=g\",\"contentUrl\":\"https:\/\/secure.gravatar.com\/avatar\/459a9613caaaf07f582c3d0841eea68bdd66f533e465e6ba8b9cb45619572cf4?s=96&d=mm&r=g\",\"caption\":\"Redacao VerdadeOn\"},\"url\":\"https:\/\/verdadeon.com.br\/portal\/author\/redacao\/\"}]}<\/script>\n<!-- \/ Yoast SEO plugin. -->","yoast_head_json":{"title":"Franca tem 90 novos casos e 4 mortes nesta segunda-feira - VerdadeOn","robots":{"index":"index","follow":"follow","max-snippet":"max-snippet:-1","max-image-preview":"max-image-preview:large","max-video-preview":"max-video-preview:-1"},"canonical":"https:\/\/verdadeon.com.br\/portal\/2020\/09\/28\/franca-tem-90-novos-casos-e-4-mortes-nesta-segunda-feira\/","og_locale":"pt_BR","og_type":"article","og_title":"Franca tem 90 novos casos e 4 mortes nesta segunda-feira - VerdadeOn","og_description":"A Vigil\u00e2ncia Epidemiol\u00f3gica da Prefeitura de Franca informou o registro de mais 4 \u00f3bitos por Covid 19 nesta segunda-feira,\u00a0 elevando o n\u00famero para 132 \u00f3bitos. Tratam-se [\u2026]","og_url":"https:\/\/verdadeon.com.br\/portal\/2020\/09\/28\/franca-tem-90-novos-casos-e-4-mortes-nesta-segunda-feira\/","og_site_name":"VerdadeOn","article_published_time":"2020-09-28T22:59:09+00:00","og_image":[{"width":1000,"height":670,"url":"https:\/\/verdadeon.com.br\/portal\/wp-content\/uploads\/2020\/09\/WhatsApp-Image-2020-09-28-at-19.38.19.jpeg","type":"image\/jpeg"}],"author":"Redacao VerdadeOn","twitter_card":"summary_large_image","twitter_misc":{"Escrito por":"Redacao VerdadeOn","Est. tempo de leitura":"1 minuto"},"schema":{"@context":"https:\/\/schema.org","@graph":[{"@type":"WebPage","@id":"https:\/\/verdadeon.com.br\/portal\/2020\/09\/28\/franca-tem-90-novos-casos-e-4-mortes-nesta-segunda-feira\/","url":"https:\/\/verdadeon.com.br\/portal\/2020\/09\/28\/franca-tem-90-novos-casos-e-4-mortes-nesta-segunda-feira\/","name":"Franca tem 90 novos casos e 4 mortes nesta segunda-feira - VerdadeOn","isPartOf":{"@id":"https:\/\/verdadeon.com.br\/portal\/#website"},"primaryImageOfPage":{"@id":"https:\/\/verdadeon.com.br\/portal\/2020\/09\/28\/franca-tem-90-novos-casos-e-4-mortes-nesta-segunda-feira\/#primaryimage"},"image":{"@id":"https:\/\/verdadeon.com.br\/portal\/2020\/09\/28\/franca-tem-90-novos-casos-e-4-mortes-nesta-segunda-feira\/#primaryimage"},"thumbnailUrl":"https:\/\/i0.wp.com\/verdadeon.com.br\/portal\/wp-content\/uploads\/2020\/09\/WhatsApp-Image-2020-09-28-at-19.38.19.jpeg?fit=1000%2C670&ssl=1","datePublished":"2020-09-28T22:59:09+00:00","author":{"@id":"https:\/\/verdadeon.com.br\/portal\/#\/schema\/person\/a5060ad1e9ea3df545188fc93ce43d2f"},"breadcrumb":{"@id":"https:\/\/verdadeon.com.br\/portal\/2020\/09\/28\/franca-tem-90-novos-casos-e-4-mortes-nesta-segunda-feira\/#breadcrumb"},"inLanguage":"pt-BR","potentialAction":[{"@type":"ReadAction","target":["https:\/\/verdadeon.com.br\/portal\/2020\/09\/28\/franca-tem-90-novos-casos-e-4-mortes-nesta-segunda-feira\/"]}]},{"@type":"ImageObject","inLanguage":"pt-BR","@id":"https:\/\/verdadeon.com.br\/portal\/2020\/09\/28\/franca-tem-90-novos-casos-e-4-mortes-nesta-segunda-feira\/#primaryimage","url":"https:\/\/i0.wp.com\/verdadeon.com.br\/portal\/wp-content\/uploads\/2020\/09\/WhatsApp-Image-2020-09-28-at-19.38.19.jpeg?fit=1000%2C670&ssl=1","contentUrl":"https:\/\/i0.wp.com\/verdadeon.com.br\/portal\/wp-content\/uploads\/2020\/09\/WhatsApp-Image-2020-09-28-at-19.38.19.jpeg?fit=1000%2C670&ssl=1","width":1000,"height":670},{"@type":"BreadcrumbList","@id":"https:\/\/verdadeon.com.br\/portal\/2020\/09\/28\/franca-tem-90-novos-casos-e-4-mortes-nesta-segunda-feira\/#breadcrumb","itemListElement":[{"@type":"ListItem","position":1,"name":"In\u00edcio","item":"https:\/\/verdadeon.com.br\/portal\/"},{"@type":"ListItem","position":2,"name":"Franca tem 90 novos casos e 4 mortes nesta segunda-feira"}]},{"@type":"WebSite","@id":"https:\/\/verdadeon.com.br\/portal\/#website","url":"https:\/\/verdadeon.com.br\/portal\/","name":"VerdadeOn","description":"Not\u00edcias di\u00e1rias sobre Franca, Regi\u00e3o, Esporte, Cultura, Cotidiano, Colunas. Cobertura nos principais eventos da cidade \u00e9 aqui - Verdadeon Franca","potentialAction":[{"@type":"SearchAction","target":{"@type":"EntryPoint","urlTemplate":"https:\/\/verdadeon.com.br\/portal\/?s={search_term_string}"},"query-input":{"@type":"PropertyValueSpecification","valueRequired":true,"valueName":"search_term_string"}}],"inLanguage":"pt-BR"},{"@type":"Person","@id":"https:\/\/verdadeon.com.br\/portal\/#\/schema\/person\/a5060ad1e9ea3df545188fc93ce43d2f","name":"Redacao VerdadeOn","image":{"@type":"ImageObject","inLanguage":"pt-BR","@id":"https:\/\/verdadeon.com.br\/portal\/#\/schema\/person\/image\/","url":"https:\/\/secure.gravatar.com\/avatar\/459a9613caaaf07f582c3d0841eea68bdd66f533e465e6ba8b9cb45619572cf4?s=96&d=mm&r=g","contentUrl":"https:\/\/secure.gravatar.com\/avatar\/459a9613caaaf07f582c3d0841eea68bdd66f533e465e6ba8b9cb45619572cf4?s=96&d=mm&r=g","caption":"Redacao VerdadeOn"},"url":"https:\/\/verdadeon.com.br\/portal\/author\/redacao\/"}]}},"jetpack_publicize_connections":[],"jetpack_featured_media_url":"https:\/\/i0.wp.com\/verdadeon.com.br\/portal\/wp-content\/uploads\/2020\/09\/WhatsApp-Image-2020-09-28-at-19.38.19.jpeg?fit=1000%2C670&ssl=1","jetpack_sharing_enabled":true,"_links":{"self":[{"href":"https:\/\/verdadeon.com.br\/portal\/wp-json\/wp\/v2\/posts\/10738","targetHints":{"allow":["GET"]}}],"collection":[{"href":"https:\/\/verdadeon.com.br\/portal\/wp-json\/wp\/v2\/posts"}],"about":[{"href":"https:\/\/verdadeon.com.br\/portal\/wp-json\/wp\/v2\/types\/post"}],"author":[{"embeddable":true,"href":"https:\/\/verdadeon.com.br\/portal\/wp-json\/wp\/v2\/users\/10"}],"replies":[{"embeddable":true,"href":"https:\/\/verdadeon.com.br\/portal\/wp-json\/wp\/v2\/comments?post=10738"}],"version-history":[{"count":0,"href":"https:\/\/verdadeon.com.br\/portal\/wp-json\/wp\/v2\/posts\/10738\/revisions"}],"wp:featuredmedia":[{"embeddable":true,"href":"https:\/\/verdadeon.com.br\/portal\/wp-json\/wp\/v2\/media\/10740"}],"wp:attachment":[{"href":"https:\/\/verdadeon.com.br\/portal\/wp-json\/wp\/v2\/media?parent=10738"}],"wp:term":[{"taxonomy":"category","embeddable":true,"href":"https:\/\/verdadeon.com.br\/portal\/wp-json\/wp\/v2\/categories?post=10738"},{"taxonomy":"post_tag","embeddable":true,"href":"https:\/\/verdadeon.com.br\/portal\/wp-json\/wp\/v2\/tags?post=10738"}],"curies":[{"name":"wp","href":"https:\/\/api.w.org\/{rel}","templated":true}]}}