{"id":10730,"date":"2020-09-28T19:53:51","date_gmt":"2020-09-28T22:53:51","guid":{"rendered":"http:\/\/verdadeon.com.br\/portal\/?p=10730"},"modified":"2020-09-28T19:53:51","modified_gmt":"2020-09-28T22:53:51","slug":"governo-anuncia-renda-cidada-com-recursos-de-precatorios-e-do-fundeb","status":"publish","type":"post","link":"https:\/\/verdadeon.com.br\/portal\/2020\/09\/28\/governo-anuncia-renda-cidada-com-recursos-de-precatorios-e-do-fundeb\/","title":{"rendered":"Governo anuncia Renda Cidad\u00e3, com recursos de precat\u00f3rios e do Fundeb"},"content":{"rendered":"<div class=\"col-lg-12 mb-3\">\n<div class=\"row\">\n<h3 class=\"col-10 offset-1 animated fadeInDown dealy-900 display-8 display-md-8 alt-font font-italic my-1 text-center\">Novo programa substituir\u00e1 o aux\u00edlio emergencial e o Bolsa Fam\u00edlia<\/h3>\n<\/div>\n<p>Andreia Verd\u00e9lio \u2013 Rep\u00f3rter da Ag\u00eancia Brasil &#8211; Bras\u00edlia<\/p>\n<\/div>\n<div class=\"col-xl-7 offset-xl-1 col-lg-8 offset-lg-0 col-md-10 offset-md-1 mb-3\">\n<div class=\"post-item alt-font\">\n<div class=\"post-item-wrap\">\n<p>O presidente Jair Bolsonaro anunciou\u00a0hoje\u00a0(28) o Renda Cidad\u00e3, novo programa de transfer\u00eancia de renda do governo, que substituir\u00e1 o aux\u00edlio emergencial e o Bolsa Fam\u00edlia. Para financiar o programa, a proposta \u00e9 usar os recursos de pagamento de precat\u00f3rios e parte do Fundo de Manuten\u00e7\u00e3o e Desenvolvimento da Educa\u00e7\u00e3o B\u00e1sica e de Valoriza\u00e7\u00e3o dos Profissionais da Educa\u00e7\u00e3o (Fundeb). Os precat\u00f3rios s\u00e3o t\u00edtulos da d\u00edvida p\u00fablica reconhecidos ap\u00f3s decis\u00e3o definitiva da Justi\u00e7a.<img data-recalc-dims=\"1\" decoding=\"async\" src=\"https:\/\/i0.wp.com\/agenciabrasil.ebc.com.br\/ebc.png?w=1220&#038;ssl=1\" \/><img data-recalc-dims=\"1\" decoding=\"async\" src=\"https:\/\/i0.wp.com\/agenciabrasil.ebc.com.br\/ebc.gif?w=1220&#038;ssl=1\" \/><\/p>\n<p>\u201cEstamos buscando recursos com responsabilidade fiscal e respeitando a lei do teto de gastos. N\u00f3s queremos demonstrar \u00e0 sociedade e ao investidor que o Brasil \u00e9 um pa\u00eds confi\u00e1vel\u201d, disse o presidente, em declara\u00e7\u00e3o \u00e0 imprensa ap\u00f3s reuni\u00e3o com ministros de Estado e l\u00edderes partid\u00e1rios, realizada na manh\u00e3 desta\u00a0segunda-feira, no Pal\u00e1cio da Alvorada.<\/p>\n<p>O senador M\u00e1rcio Bittar (MDB-AC), relator da Proposta de Emenda \u00e0 Constitui\u00e7\u00e3o (PEC) do Pacto Federativo, explicou que as propostas das duas fontes de renda ser\u00e3o apresentadas tanto na PEC do Pacto Federativo, quanto na PEC Emergencial, que tratam da desindexa\u00e7\u00e3o dos gastos p\u00fablicos.<\/p>\n<p>\u201cO Brasil tem no Or\u00e7amento R$ 55 bilh\u00f5es para pagar de precat\u00f3rios e vamos utilizar o limite de 2% das receitas correntes l\u00edquidas, que \u00e9 mais ou menos o que j\u00e1 fazem estados e munic\u00edpios. Vamos estabelecer a mesma coisa para o governo federal. E o que sobrar desse recurso, juntando com o que tem no or\u00e7amento do Bolsa Fam\u00edlia, vai criar e patrocinar o novo programa\u201d, explicou Bittar.<\/p>\n<p>Al\u00e9m disso, ser\u00e1 proposto que o governo federal tamb\u00e9m possa utilizar at\u00e9 5% dos recursos Fundeb, segundo o senador, \u201ctamb\u00e9m para ajudar essa fam\u00edlia que estar\u00e3o no programa a manterem seus filhos na escola\u201d. O Fundeb foi promulgado no m\u00eas passado e amplia de 10% para 23% a participa\u00e7\u00e3o da Uni\u00e3o no financiamento da educa\u00e7\u00e3o b\u00e1sica.<\/p>\n<p><strong>Assista a declara\u00e7\u00e3o \u00e0\u00a0imprensa:<\/strong><\/p>\n<div class=\"embed-container\"><iframe src=\"https:\/\/www.youtube.com\/embed\/2T95gnBqnLo\" frameborder=\"0\" allowfullscreen=\"allowfullscreen\" data-mce-fragment=\"1\"><\/iframe><\/div>\n<p>Durante a reuni\u00e3o, o governo tamb\u00e9m discutiu com os parlamentares a proposta de reforma tribut\u00e1ria, mas, segundo o l\u00edder do governo na C\u00e2mara, deputado Ricardo Barros (PP-PR), ainda n\u00e3o houve um acordo sobre o texto. \u201cN\u00f3s continuaremos conversando para que ela possa avan\u00e7ar\u201d, disse.<\/p>\n<p>A primeira parte da proposta de reforma tribut\u00e1ria do governo, que j\u00e1 est\u00e1 em tramita\u00e7\u00e3o, trata apenas da unifica\u00e7\u00e3o de impostos federais e estaduais num futuro Imposto sobre Valor Agregado (IVA) dual. A\u00a0segunda\u00a0parte, que ainda ser\u00e1 enviada ao Congresso, deve tratar sobre a desonera\u00e7\u00e3o da folha de pagamento das empresas.<\/p>\n<\/div>\n<\/div>\n<\/div>\n","protected":false},"excerpt":{"rendered":"<p>Novo programa substituir\u00e1 o aux\u00edlio emergencial e o Bolsa Fam\u00edlia Andreia Verd\u00e9lio \u2013 Rep\u00f3rter da Ag\u00eancia Brasil &#8211; Bras\u00edlia O presidente Jair Bolsonaro anunciou\u00a0hoje\u00a0(28) o Renda<span class=\"excerpt-hellip\"> [\u2026]<\/span><\/p>\n","protected":false},"author":10,"featured_media":10741,"comment_status":"open","ping_status":"open","sticky":false,"template":"","format":"standard","meta":{"_jetpack_memberships_contains_paid_content":false,"footnotes":"","jetpack_publicize_message":"","jetpack_publicize_feature_enabled":true,"jetpack_social_post_already_shared":false,"jetpack_social_options":{"image_generator_settings":{"template":"highway","default_image_id":0,"enabled":false},"version":2}},"categories":[53,44],"tags":[],"class_list":["post-10730","post","type-post","status-publish","format-standard","has-post-thumbnail","hentry","category-brasil","category-noticias"],"yoast_head":"<!-- This site is optimized with the Yoast SEO plugin v25.6 - https:\/\/yoast.com\/wordpress\/plugins\/seo\/ -->\n<title>Governo anuncia Renda Cidad\u00e3, com recursos de precat\u00f3rios e do Fundeb - VerdadeOn<\/title>\n<meta name=\"robots\" content=\"index, follow, max-snippet:-1, max-image-preview:large, max-video-preview:-1\" \/>\n<link rel=\"canonical\" href=\"https:\/\/verdadeon.com.br\/portal\/2020\/09\/28\/governo-anuncia-renda-cidada-com-recursos-de-precatorios-e-do-fundeb\/\" \/>\n<meta property=\"og:locale\" content=\"pt_BR\" \/>\n<meta property=\"og:type\" content=\"article\" \/>\n<meta property=\"og:title\" content=\"Governo anuncia Renda Cidad\u00e3, com recursos de precat\u00f3rios e do Fundeb - VerdadeOn\" \/>\n<meta property=\"og:description\" content=\"Novo programa substituir\u00e1 o aux\u00edlio emergencial e o Bolsa Fam\u00edlia Andreia Verd\u00e9lio \u2013 Rep\u00f3rter da Ag\u00eancia Brasil &#8211; Bras\u00edlia O presidente Jair Bolsonaro anunciou\u00a0hoje\u00a0(28) o Renda [\u2026]\" \/>\n<meta property=\"og:url\" content=\"https:\/\/verdadeon.com.br\/portal\/2020\/09\/28\/governo-anuncia-renda-cidada-com-recursos-de-precatorios-e-do-fundeb\/\" \/>\n<meta property=\"og:site_name\" content=\"VerdadeOn\" \/>\n<meta property=\"article:published_time\" content=\"2020-09-28T22:53:51+00:00\" \/>\n<meta property=\"og:image\" content=\"https:\/\/verdadeon.com.br\/portal\/wp-content\/uploads\/2020\/09\/coletiva_de_imprensa_palacio_da_alvorada_pr_2809201330.jpg\" \/>\n\t<meta property=\"og:image:width\" content=\"1000\" \/>\n\t<meta property=\"og:image:height\" content=\"670\" \/>\n\t<meta property=\"og:image:type\" content=\"image\/jpeg\" \/>\n<meta name=\"author\" content=\"Redacao VerdadeOn\" \/>\n<meta name=\"twitter:card\" content=\"summary_large_image\" \/>\n<meta name=\"twitter:label1\" content=\"Escrito por\" \/>\n\t<meta name=\"twitter:data1\" content=\"Redacao VerdadeOn\" \/>\n\t<meta name=\"twitter:label2\" content=\"Est. tempo de leitura\" \/>\n\t<meta name=\"twitter:data2\" content=\"2 minutos\" \/>\n<script type=\"application\/ld+json\" class=\"yoast-schema-graph\">{\"@context\":\"https:\/\/schema.org\",\"@graph\":[{\"@type\":\"WebPage\",\"@id\":\"https:\/\/verdadeon.com.br\/portal\/2020\/09\/28\/governo-anuncia-renda-cidada-com-recursos-de-precatorios-e-do-fundeb\/\",\"url\":\"https:\/\/verdadeon.com.br\/portal\/2020\/09\/28\/governo-anuncia-renda-cidada-com-recursos-de-precatorios-e-do-fundeb\/\",\"name\":\"Governo anuncia Renda Cidad\u00e3, com recursos de precat\u00f3rios e do Fundeb - VerdadeOn\",\"isPartOf\":{\"@id\":\"https:\/\/verdadeon.com.br\/portal\/#website\"},\"primaryImageOfPage\":{\"@id\":\"https:\/\/verdadeon.com.br\/portal\/2020\/09\/28\/governo-anuncia-renda-cidada-com-recursos-de-precatorios-e-do-fundeb\/#primaryimage\"},\"image\":{\"@id\":\"https:\/\/verdadeon.com.br\/portal\/2020\/09\/28\/governo-anuncia-renda-cidada-com-recursos-de-precatorios-e-do-fundeb\/#primaryimage\"},\"thumbnailUrl\":\"https:\/\/i0.wp.com\/verdadeon.com.br\/portal\/wp-content\/uploads\/2020\/09\/coletiva_de_imprensa_palacio_da_alvorada_pr_2809201330.jpg?fit=1000%2C670&ssl=1\",\"datePublished\":\"2020-09-28T22:53:51+00:00\",\"author\":{\"@id\":\"https:\/\/verdadeon.com.br\/portal\/#\/schema\/person\/a5060ad1e9ea3df545188fc93ce43d2f\"},\"breadcrumb\":{\"@id\":\"https:\/\/verdadeon.com.br\/portal\/2020\/09\/28\/governo-anuncia-renda-cidada-com-recursos-de-precatorios-e-do-fundeb\/#breadcrumb\"},\"inLanguage\":\"pt-BR\",\"potentialAction\":[{\"@type\":\"ReadAction\",\"target\":[\"https:\/\/verdadeon.com.br\/portal\/2020\/09\/28\/governo-anuncia-renda-cidada-com-recursos-de-precatorios-e-do-fundeb\/\"]}]},{\"@type\":\"ImageObject\",\"inLanguage\":\"pt-BR\",\"@id\":\"https:\/\/verdadeon.com.br\/portal\/2020\/09\/28\/governo-anuncia-renda-cidada-com-recursos-de-precatorios-e-do-fundeb\/#primaryimage\",\"url\":\"https:\/\/i0.wp.com\/verdadeon.com.br\/portal\/wp-content\/uploads\/2020\/09\/coletiva_de_imprensa_palacio_da_alvorada_pr_2809201330.jpg?fit=1000%2C670&ssl=1\",\"contentUrl\":\"https:\/\/i0.wp.com\/verdadeon.com.br\/portal\/wp-content\/uploads\/2020\/09\/coletiva_de_imprensa_palacio_da_alvorada_pr_2809201330.jpg?fit=1000%2C670&ssl=1\",\"width\":1000,\"height\":670,\"caption\":\"Presidente da Rep\u00fablica, Jair Bolsonaro, durante coletiva de imprensa ap\u00f3s reuni\u00e3o no Pal\u00e1cio da Alvorada\"},{\"@type\":\"BreadcrumbList\",\"@id\":\"https:\/\/verdadeon.com.br\/portal\/2020\/09\/28\/governo-anuncia-renda-cidada-com-recursos-de-precatorios-e-do-fundeb\/#breadcrumb\",\"itemListElement\":[{\"@type\":\"ListItem\",\"position\":1,\"name\":\"In\u00edcio\",\"item\":\"https:\/\/verdadeon.com.br\/portal\/\"},{\"@type\":\"ListItem\",\"position\":2,\"name\":\"Governo anuncia Renda Cidad\u00e3, com recursos de precat\u00f3rios e do Fundeb\"}]},{\"@type\":\"WebSite\",\"@id\":\"https:\/\/verdadeon.com.br\/portal\/#website\",\"url\":\"https:\/\/verdadeon.com.br\/portal\/\",\"name\":\"VerdadeOn\",\"description\":\"Not\u00edcias di\u00e1rias sobre Franca, Regi\u00e3o, Esporte, Cultura, Cotidiano, Colunas. Cobertura nos principais eventos da cidade \u00e9 aqui - Verdadeon Franca\",\"potentialAction\":[{\"@type\":\"SearchAction\",\"target\":{\"@type\":\"EntryPoint\",\"urlTemplate\":\"https:\/\/verdadeon.com.br\/portal\/?s={search_term_string}\"},\"query-input\":{\"@type\":\"PropertyValueSpecification\",\"valueRequired\":true,\"valueName\":\"search_term_string\"}}],\"inLanguage\":\"pt-BR\"},{\"@type\":\"Person\",\"@id\":\"https:\/\/verdadeon.com.br\/portal\/#\/schema\/person\/a5060ad1e9ea3df545188fc93ce43d2f\",\"name\":\"Redacao VerdadeOn\",\"image\":{\"@type\":\"ImageObject\",\"inLanguage\":\"pt-BR\",\"@id\":\"https:\/\/verdadeon.com.br\/portal\/#\/schema\/person\/image\/\",\"url\":\"https:\/\/secure.gravatar.com\/avatar\/459a9613caaaf07f582c3d0841eea68bdd66f533e465e6ba8b9cb45619572cf4?s=96&d=mm&r=g\",\"contentUrl\":\"https:\/\/secure.gravatar.com\/avatar\/459a9613caaaf07f582c3d0841eea68bdd66f533e465e6ba8b9cb45619572cf4?s=96&d=mm&r=g\",\"caption\":\"Redacao VerdadeOn\"},\"url\":\"https:\/\/verdadeon.com.br\/portal\/author\/redacao\/\"}]}<\/script>\n<!-- \/ Yoast SEO plugin. -->","yoast_head_json":{"title":"Governo anuncia Renda Cidad\u00e3, com recursos de precat\u00f3rios e do Fundeb - VerdadeOn","robots":{"index":"index","follow":"follow","max-snippet":"max-snippet:-1","max-image-preview":"max-image-preview:large","max-video-preview":"max-video-preview:-1"},"canonical":"https:\/\/verdadeon.com.br\/portal\/2020\/09\/28\/governo-anuncia-renda-cidada-com-recursos-de-precatorios-e-do-fundeb\/","og_locale":"pt_BR","og_type":"article","og_title":"Governo anuncia Renda Cidad\u00e3, com recursos de precat\u00f3rios e do Fundeb - VerdadeOn","og_description":"Novo programa substituir\u00e1 o aux\u00edlio emergencial e o Bolsa Fam\u00edlia Andreia Verd\u00e9lio \u2013 Rep\u00f3rter da Ag\u00eancia Brasil &#8211; Bras\u00edlia O presidente Jair Bolsonaro anunciou\u00a0hoje\u00a0(28) o Renda [\u2026]","og_url":"https:\/\/verdadeon.com.br\/portal\/2020\/09\/28\/governo-anuncia-renda-cidada-com-recursos-de-precatorios-e-do-fundeb\/","og_site_name":"VerdadeOn","article_published_time":"2020-09-28T22:53:51+00:00","og_image":[{"width":1000,"height":670,"url":"https:\/\/verdadeon.com.br\/portal\/wp-content\/uploads\/2020\/09\/coletiva_de_imprensa_palacio_da_alvorada_pr_2809201330.jpg","type":"image\/jpeg"}],"author":"Redacao VerdadeOn","twitter_card":"summary_large_image","twitter_misc":{"Escrito por":"Redacao VerdadeOn","Est. tempo de leitura":"2 minutos"},"schema":{"@context":"https:\/\/schema.org","@graph":[{"@type":"WebPage","@id":"https:\/\/verdadeon.com.br\/portal\/2020\/09\/28\/governo-anuncia-renda-cidada-com-recursos-de-precatorios-e-do-fundeb\/","url":"https:\/\/verdadeon.com.br\/portal\/2020\/09\/28\/governo-anuncia-renda-cidada-com-recursos-de-precatorios-e-do-fundeb\/","name":"Governo anuncia Renda Cidad\u00e3, com recursos de precat\u00f3rios e do Fundeb - VerdadeOn","isPartOf":{"@id":"https:\/\/verdadeon.com.br\/portal\/#website"},"primaryImageOfPage":{"@id":"https:\/\/verdadeon.com.br\/portal\/2020\/09\/28\/governo-anuncia-renda-cidada-com-recursos-de-precatorios-e-do-fundeb\/#primaryimage"},"image":{"@id":"https:\/\/verdadeon.com.br\/portal\/2020\/09\/28\/governo-anuncia-renda-cidada-com-recursos-de-precatorios-e-do-fundeb\/#primaryimage"},"thumbnailUrl":"https:\/\/i0.wp.com\/verdadeon.com.br\/portal\/wp-content\/uploads\/2020\/09\/coletiva_de_imprensa_palacio_da_alvorada_pr_2809201330.jpg?fit=1000%2C670&ssl=1","datePublished":"2020-09-28T22:53:51+00:00","author":{"@id":"https:\/\/verdadeon.com.br\/portal\/#\/schema\/person\/a5060ad1e9ea3df545188fc93ce43d2f"},"breadcrumb":{"@id":"https:\/\/verdadeon.com.br\/portal\/2020\/09\/28\/governo-anuncia-renda-cidada-com-recursos-de-precatorios-e-do-fundeb\/#breadcrumb"},"inLanguage":"pt-BR","potentialAction":[{"@type":"ReadAction","target":["https:\/\/verdadeon.com.br\/portal\/2020\/09\/28\/governo-anuncia-renda-cidada-com-recursos-de-precatorios-e-do-fundeb\/"]}]},{"@type":"ImageObject","inLanguage":"pt-BR","@id":"https:\/\/verdadeon.com.br\/portal\/2020\/09\/28\/governo-anuncia-renda-cidada-com-recursos-de-precatorios-e-do-fundeb\/#primaryimage","url":"https:\/\/i0.wp.com\/verdadeon.com.br\/portal\/wp-content\/uploads\/2020\/09\/coletiva_de_imprensa_palacio_da_alvorada_pr_2809201330.jpg?fit=1000%2C670&ssl=1","contentUrl":"https:\/\/i0.wp.com\/verdadeon.com.br\/portal\/wp-content\/uploads\/2020\/09\/coletiva_de_imprensa_palacio_da_alvorada_pr_2809201330.jpg?fit=1000%2C670&ssl=1","width":1000,"height":670,"caption":"Presidente da Rep\u00fablica, Jair Bolsonaro, durante coletiva de imprensa ap\u00f3s reuni\u00e3o no Pal\u00e1cio da Alvorada"},{"@type":"BreadcrumbList","@id":"https:\/\/verdadeon.com.br\/portal\/2020\/09\/28\/governo-anuncia-renda-cidada-com-recursos-de-precatorios-e-do-fundeb\/#breadcrumb","itemListElement":[{"@type":"ListItem","position":1,"name":"In\u00edcio","item":"https:\/\/verdadeon.com.br\/portal\/"},{"@type":"ListItem","position":2,"name":"Governo anuncia Renda Cidad\u00e3, com recursos de precat\u00f3rios e do Fundeb"}]},{"@type":"WebSite","@id":"https:\/\/verdadeon.com.br\/portal\/#website","url":"https:\/\/verdadeon.com.br\/portal\/","name":"VerdadeOn","description":"Not\u00edcias di\u00e1rias sobre Franca, Regi\u00e3o, Esporte, Cultura, Cotidiano, Colunas. Cobertura nos principais eventos da cidade \u00e9 aqui - Verdadeon Franca","potentialAction":[{"@type":"SearchAction","target":{"@type":"EntryPoint","urlTemplate":"https:\/\/verdadeon.com.br\/portal\/?s={search_term_string}"},"query-input":{"@type":"PropertyValueSpecification","valueRequired":true,"valueName":"search_term_string"}}],"inLanguage":"pt-BR"},{"@type":"Person","@id":"https:\/\/verdadeon.com.br\/portal\/#\/schema\/person\/a5060ad1e9ea3df545188fc93ce43d2f","name":"Redacao VerdadeOn","image":{"@type":"ImageObject","inLanguage":"pt-BR","@id":"https:\/\/verdadeon.com.br\/portal\/#\/schema\/person\/image\/","url":"https:\/\/secure.gravatar.com\/avatar\/459a9613caaaf07f582c3d0841eea68bdd66f533e465e6ba8b9cb45619572cf4?s=96&d=mm&r=g","contentUrl":"https:\/\/secure.gravatar.com\/avatar\/459a9613caaaf07f582c3d0841eea68bdd66f533e465e6ba8b9cb45619572cf4?s=96&d=mm&r=g","caption":"Redacao VerdadeOn"},"url":"https:\/\/verdadeon.com.br\/portal\/author\/redacao\/"}]}},"jetpack_publicize_connections":[],"jetpack_featured_media_url":"https:\/\/i0.wp.com\/verdadeon.com.br\/portal\/wp-content\/uploads\/2020\/09\/coletiva_de_imprensa_palacio_da_alvorada_pr_2809201330.jpg?fit=1000%2C670&ssl=1","jetpack_sharing_enabled":true,"_links":{"self":[{"href":"https:\/\/verdadeon.com.br\/portal\/wp-json\/wp\/v2\/posts\/10730","targetHints":{"allow":["GET"]}}],"collection":[{"href":"https:\/\/verdadeon.com.br\/portal\/wp-json\/wp\/v2\/posts"}],"about":[{"href":"https:\/\/verdadeon.com.br\/portal\/wp-json\/wp\/v2\/types\/post"}],"author":[{"embeddable":true,"href":"https:\/\/verdadeon.com.br\/portal\/wp-json\/wp\/v2\/users\/10"}],"replies":[{"embeddable":true,"href":"https:\/\/verdadeon.com.br\/portal\/wp-json\/wp\/v2\/comments?post=10730"}],"version-history":[{"count":0,"href":"https:\/\/verdadeon.com.br\/portal\/wp-json\/wp\/v2\/posts\/10730\/revisions"}],"wp:featuredmedia":[{"embeddable":true,"href":"https:\/\/verdadeon.com.br\/portal\/wp-json\/wp\/v2\/media\/10741"}],"wp:attachment":[{"href":"https:\/\/verdadeon.com.br\/portal\/wp-json\/wp\/v2\/media?parent=10730"}],"wp:term":[{"taxonomy":"category","embeddable":true,"href":"https:\/\/verdadeon.com.br\/portal\/wp-json\/wp\/v2\/categories?post=10730"},{"taxonomy":"post_tag","embeddable":true,"href":"https:\/\/verdadeon.com.br\/portal\/wp-json\/wp\/v2\/tags?post=10730"}],"curies":[{"name":"wp","href":"https:\/\/api.w.org\/{rel}","templated":true}]}}