{"id":10729,"date":"2020-09-28T19:26:27","date_gmt":"2020-09-28T22:26:27","guid":{"rendered":"http:\/\/verdadeon.com.br\/portal\/?p=10729"},"modified":"2020-09-28T19:26:27","modified_gmt":"2020-09-28T22:26:27","slug":"prefeitura-destina-r-12-milhoes-para-allan-kardec-e-apae","status":"publish","type":"post","link":"https:\/\/verdadeon.com.br\/portal\/2020\/09\/28\/prefeitura-destina-r-12-milhoes-para-allan-kardec-e-apae\/","title":{"rendered":"Prefeitura destina R$ 1,2 milh\u00f5es para Allan Kardec e APAE"},"content":{"rendered":"<p class=\"p1\"><span class=\"s1\">A Prefeitura de Franca est\u00e1 autorizada a fazer o repasse financeiro de recursos na ordem de mais de R$ 1,2 milh\u00f5es a duas institui\u00e7\u00f5es parceiras que prestam servi\u00e7os de relev\u00e2ncia na cidade, mediante Termos de Fomento: a Associa\u00e7\u00e3o dos Pais e Amigos dos Excepcionais (APAE) e a Funda\u00e7\u00e3o Esp\u00edrita Allan Kardec. O embasamento para a efetiva\u00e7\u00e3o dessas transfer\u00eancias, obedecendo ao cronograma estabelecido no Plano de Trabalho, est\u00e1 na Lei 8.934, assinada e publicada no Di\u00e1rio Oficial do \u00faltimo s\u00e1bado.<\/span><\/p>\n<p class=\"p1\"><span class=\"s1\">As duas institui\u00e7\u00f5es dever\u00e3o fazer a presta\u00e7\u00e3o de contas peri\u00f3dica, na forma exigida pela legisla\u00e7\u00e3o, com prazo de 12 meses para aplicar os recursos que receberem. De acordo com o previsto no art. 1\u00ba da legisla\u00e7\u00e3o aprovada, para a APAE ser\u00e1 repassado o montante de R$ 600.000,00, com a finalidade de ser aplicado na aquisi\u00e7\u00e3o de materiais de custeio utilizados nos servi\u00e7os de assist\u00eancia \u00e0 sa\u00fade e no Centro Especializado em Reabilita\u00e7\u00e3o (CER-II).<\/span><\/p>\n<p class=\"p1\"><span class=\"s1\">Para a Funda\u00e7\u00e3o Allan Kardec, ainda o mesmo artigo estabelece que o montante a ser destinado ser\u00e1 de R$ 614,2 mil, sendo R$ 1l4.200, para fins de custeio das a\u00e7\u00f5es e servi\u00e7os p\u00fablico de sa\u00fade (grupo de aten\u00e7\u00e3o de m\u00e9dia e alta complexidade) em atendimento a normas do Minist\u00e9rio da Saudade e os restantes R$ 500 mi, para a complementa\u00e7\u00e3o do custeio da unidade de sa\u00fade, tamb\u00e9m seguindo as normas de Portaria do Minist\u00e9rio da Sa\u00fade.<\/span><\/p>\n<p class=\"p1\"><span class=\"s1\">Os valores mencionados estar\u00e3o sendo repassados conforme cronogramas de desembolso previstos nos planos de trabalho aprovados pelo \u00f3rg\u00e3o gestor do Munic\u00edpio de Franca, com o prazo para aplica\u00e7\u00e3o n\u00e3o podendo exceder 12 meses. Ficam as duas entidades com a obriga\u00e7\u00e3o de prestar contas dos recursos recebidos e utilizados durante o exerc\u00edcio at\u00e9 o dia 31 de janeiro de do ano subsequente \u00e0 aplica\u00e7\u00e3o, perante a Divis\u00e3o de Gest\u00e3o de Parcerias e Presta\u00e7\u00e3o de Contas da Secretaria Municipal de Finan\u00e7as.<\/span><\/p>\n","protected":false},"excerpt":{"rendered":"<p>A Prefeitura de Franca est\u00e1 autorizada a fazer o repasse financeiro de recursos na ordem de mais de R$ 1,2 milh\u00f5es a duas institui\u00e7\u00f5es parceiras que<span class=\"excerpt-hellip\"> [\u2026]<\/span><\/p>\n","protected":false},"author":10,"featured_media":10732,"comment_status":"open","ping_status":"open","sticky":false,"template":"","format":"standard","meta":{"_jetpack_memberships_contains_paid_content":false,"footnotes":"","jetpack_publicize_message":"","jetpack_publicize_feature_enabled":true,"jetpack_social_post_already_shared":false,"jetpack_social_options":{"image_generator_settings":{"template":"highway","default_image_id":0,"enabled":false},"version":2}},"categories":[28,81],"tags":[],"class_list":["post-10729","post","type-post","status-publish","format-standard","has-post-thumbnail","hentry","category-cotidiano","category-manchete"],"yoast_head":"<!-- This site is optimized with the Yoast SEO plugin v25.6 - https:\/\/yoast.com\/wordpress\/plugins\/seo\/ -->\n<title>Prefeitura destina R$ 1,2 milh\u00f5es para Allan Kardec e APAE - VerdadeOn<\/title>\n<meta name=\"robots\" content=\"index, follow, max-snippet:-1, max-image-preview:large, max-video-preview:-1\" \/>\n<link rel=\"canonical\" href=\"https:\/\/verdadeon.com.br\/portal\/2020\/09\/28\/prefeitura-destina-r-12-milhoes-para-allan-kardec-e-apae\/\" \/>\n<meta property=\"og:locale\" content=\"pt_BR\" \/>\n<meta property=\"og:type\" content=\"article\" \/>\n<meta property=\"og:title\" content=\"Prefeitura destina R$ 1,2 milh\u00f5es para Allan Kardec e APAE - VerdadeOn\" \/>\n<meta property=\"og:description\" content=\"A Prefeitura de Franca est\u00e1 autorizada a fazer o repasse financeiro de recursos na ordem de mais de R$ 1,2 milh\u00f5es a duas institui\u00e7\u00f5es parceiras que [\u2026]\" \/>\n<meta property=\"og:url\" content=\"https:\/\/verdadeon.com.br\/portal\/2020\/09\/28\/prefeitura-destina-r-12-milhoes-para-allan-kardec-e-apae\/\" \/>\n<meta property=\"og:site_name\" content=\"VerdadeOn\" \/>\n<meta property=\"article:published_time\" content=\"2020-09-28T22:26:27+00:00\" \/>\n<meta property=\"og:image\" content=\"https:\/\/verdadeon.com.br\/portal\/wp-content\/uploads\/2020\/09\/WhatsApp-Image-2020-09-28-at-19.23.23.jpeg\" \/>\n\t<meta property=\"og:image:width\" content=\"1000\" \/>\n\t<meta property=\"og:image:height\" content=\"670\" \/>\n\t<meta property=\"og:image:type\" content=\"image\/jpeg\" \/>\n<meta name=\"author\" content=\"Redacao VerdadeOn\" \/>\n<meta name=\"twitter:card\" content=\"summary_large_image\" \/>\n<meta name=\"twitter:label1\" content=\"Escrito por\" \/>\n\t<meta name=\"twitter:data1\" content=\"Redacao VerdadeOn\" \/>\n\t<meta name=\"twitter:label2\" content=\"Est. tempo de leitura\" \/>\n\t<meta name=\"twitter:data2\" content=\"2 minutos\" \/>\n<script type=\"application\/ld+json\" class=\"yoast-schema-graph\">{\"@context\":\"https:\/\/schema.org\",\"@graph\":[{\"@type\":\"WebPage\",\"@id\":\"https:\/\/verdadeon.com.br\/portal\/2020\/09\/28\/prefeitura-destina-r-12-milhoes-para-allan-kardec-e-apae\/\",\"url\":\"https:\/\/verdadeon.com.br\/portal\/2020\/09\/28\/prefeitura-destina-r-12-milhoes-para-allan-kardec-e-apae\/\",\"name\":\"Prefeitura destina R$ 1,2 milh\u00f5es para Allan Kardec e APAE - VerdadeOn\",\"isPartOf\":{\"@id\":\"https:\/\/verdadeon.com.br\/portal\/#website\"},\"primaryImageOfPage\":{\"@id\":\"https:\/\/verdadeon.com.br\/portal\/2020\/09\/28\/prefeitura-destina-r-12-milhoes-para-allan-kardec-e-apae\/#primaryimage\"},\"image\":{\"@id\":\"https:\/\/verdadeon.com.br\/portal\/2020\/09\/28\/prefeitura-destina-r-12-milhoes-para-allan-kardec-e-apae\/#primaryimage\"},\"thumbnailUrl\":\"https:\/\/i0.wp.com\/verdadeon.com.br\/portal\/wp-content\/uploads\/2020\/09\/WhatsApp-Image-2020-09-28-at-19.23.23.jpeg?fit=1000%2C670&ssl=1\",\"datePublished\":\"2020-09-28T22:26:27+00:00\",\"author\":{\"@id\":\"https:\/\/verdadeon.com.br\/portal\/#\/schema\/person\/a5060ad1e9ea3df545188fc93ce43d2f\"},\"breadcrumb\":{\"@id\":\"https:\/\/verdadeon.com.br\/portal\/2020\/09\/28\/prefeitura-destina-r-12-milhoes-para-allan-kardec-e-apae\/#breadcrumb\"},\"inLanguage\":\"pt-BR\",\"potentialAction\":[{\"@type\":\"ReadAction\",\"target\":[\"https:\/\/verdadeon.com.br\/portal\/2020\/09\/28\/prefeitura-destina-r-12-milhoes-para-allan-kardec-e-apae\/\"]}]},{\"@type\":\"ImageObject\",\"inLanguage\":\"pt-BR\",\"@id\":\"https:\/\/verdadeon.com.br\/portal\/2020\/09\/28\/prefeitura-destina-r-12-milhoes-para-allan-kardec-e-apae\/#primaryimage\",\"url\":\"https:\/\/i0.wp.com\/verdadeon.com.br\/portal\/wp-content\/uploads\/2020\/09\/WhatsApp-Image-2020-09-28-at-19.23.23.jpeg?fit=1000%2C670&ssl=1\",\"contentUrl\":\"https:\/\/i0.wp.com\/verdadeon.com.br\/portal\/wp-content\/uploads\/2020\/09\/WhatsApp-Image-2020-09-28-at-19.23.23.jpeg?fit=1000%2C670&ssl=1\",\"width\":1000,\"height\":670},{\"@type\":\"BreadcrumbList\",\"@id\":\"https:\/\/verdadeon.com.br\/portal\/2020\/09\/28\/prefeitura-destina-r-12-milhoes-para-allan-kardec-e-apae\/#breadcrumb\",\"itemListElement\":[{\"@type\":\"ListItem\",\"position\":1,\"name\":\"In\u00edcio\",\"item\":\"https:\/\/verdadeon.com.br\/portal\/\"},{\"@type\":\"ListItem\",\"position\":2,\"name\":\"Prefeitura destina R$ 1,2 milh\u00f5es para Allan Kardec e APAE\"}]},{\"@type\":\"WebSite\",\"@id\":\"https:\/\/verdadeon.com.br\/portal\/#website\",\"url\":\"https:\/\/verdadeon.com.br\/portal\/\",\"name\":\"VerdadeOn\",\"description\":\"Not\u00edcias di\u00e1rias sobre Franca, Regi\u00e3o, Esporte, Cultura, Cotidiano, Colunas. Cobertura nos principais eventos da cidade \u00e9 aqui - Verdadeon Franca\",\"potentialAction\":[{\"@type\":\"SearchAction\",\"target\":{\"@type\":\"EntryPoint\",\"urlTemplate\":\"https:\/\/verdadeon.com.br\/portal\/?s={search_term_string}\"},\"query-input\":{\"@type\":\"PropertyValueSpecification\",\"valueRequired\":true,\"valueName\":\"search_term_string\"}}],\"inLanguage\":\"pt-BR\"},{\"@type\":\"Person\",\"@id\":\"https:\/\/verdadeon.com.br\/portal\/#\/schema\/person\/a5060ad1e9ea3df545188fc93ce43d2f\",\"name\":\"Redacao VerdadeOn\",\"image\":{\"@type\":\"ImageObject\",\"inLanguage\":\"pt-BR\",\"@id\":\"https:\/\/verdadeon.com.br\/portal\/#\/schema\/person\/image\/\",\"url\":\"https:\/\/secure.gravatar.com\/avatar\/459a9613caaaf07f582c3d0841eea68bdd66f533e465e6ba8b9cb45619572cf4?s=96&d=mm&r=g\",\"contentUrl\":\"https:\/\/secure.gravatar.com\/avatar\/459a9613caaaf07f582c3d0841eea68bdd66f533e465e6ba8b9cb45619572cf4?s=96&d=mm&r=g\",\"caption\":\"Redacao VerdadeOn\"},\"url\":\"https:\/\/verdadeon.com.br\/portal\/author\/redacao\/\"}]}<\/script>\n<!-- \/ Yoast SEO plugin. -->","yoast_head_json":{"title":"Prefeitura destina R$ 1,2 milh\u00f5es para Allan Kardec e APAE - VerdadeOn","robots":{"index":"index","follow":"follow","max-snippet":"max-snippet:-1","max-image-preview":"max-image-preview:large","max-video-preview":"max-video-preview:-1"},"canonical":"https:\/\/verdadeon.com.br\/portal\/2020\/09\/28\/prefeitura-destina-r-12-milhoes-para-allan-kardec-e-apae\/","og_locale":"pt_BR","og_type":"article","og_title":"Prefeitura destina R$ 1,2 milh\u00f5es para Allan Kardec e APAE - VerdadeOn","og_description":"A Prefeitura de Franca est\u00e1 autorizada a fazer o repasse financeiro de recursos na ordem de mais de R$ 1,2 milh\u00f5es a duas institui\u00e7\u00f5es parceiras que [\u2026]","og_url":"https:\/\/verdadeon.com.br\/portal\/2020\/09\/28\/prefeitura-destina-r-12-milhoes-para-allan-kardec-e-apae\/","og_site_name":"VerdadeOn","article_published_time":"2020-09-28T22:26:27+00:00","og_image":[{"width":1000,"height":670,"url":"https:\/\/verdadeon.com.br\/portal\/wp-content\/uploads\/2020\/09\/WhatsApp-Image-2020-09-28-at-19.23.23.jpeg","type":"image\/jpeg"}],"author":"Redacao VerdadeOn","twitter_card":"summary_large_image","twitter_misc":{"Escrito por":"Redacao VerdadeOn","Est. tempo de leitura":"2 minutos"},"schema":{"@context":"https:\/\/schema.org","@graph":[{"@type":"WebPage","@id":"https:\/\/verdadeon.com.br\/portal\/2020\/09\/28\/prefeitura-destina-r-12-milhoes-para-allan-kardec-e-apae\/","url":"https:\/\/verdadeon.com.br\/portal\/2020\/09\/28\/prefeitura-destina-r-12-milhoes-para-allan-kardec-e-apae\/","name":"Prefeitura destina R$ 1,2 milh\u00f5es para Allan Kardec e APAE - VerdadeOn","isPartOf":{"@id":"https:\/\/verdadeon.com.br\/portal\/#website"},"primaryImageOfPage":{"@id":"https:\/\/verdadeon.com.br\/portal\/2020\/09\/28\/prefeitura-destina-r-12-milhoes-para-allan-kardec-e-apae\/#primaryimage"},"image":{"@id":"https:\/\/verdadeon.com.br\/portal\/2020\/09\/28\/prefeitura-destina-r-12-milhoes-para-allan-kardec-e-apae\/#primaryimage"},"thumbnailUrl":"https:\/\/i0.wp.com\/verdadeon.com.br\/portal\/wp-content\/uploads\/2020\/09\/WhatsApp-Image-2020-09-28-at-19.23.23.jpeg?fit=1000%2C670&ssl=1","datePublished":"2020-09-28T22:26:27+00:00","author":{"@id":"https:\/\/verdadeon.com.br\/portal\/#\/schema\/person\/a5060ad1e9ea3df545188fc93ce43d2f"},"breadcrumb":{"@id":"https:\/\/verdadeon.com.br\/portal\/2020\/09\/28\/prefeitura-destina-r-12-milhoes-para-allan-kardec-e-apae\/#breadcrumb"},"inLanguage":"pt-BR","potentialAction":[{"@type":"ReadAction","target":["https:\/\/verdadeon.com.br\/portal\/2020\/09\/28\/prefeitura-destina-r-12-milhoes-para-allan-kardec-e-apae\/"]}]},{"@type":"ImageObject","inLanguage":"pt-BR","@id":"https:\/\/verdadeon.com.br\/portal\/2020\/09\/28\/prefeitura-destina-r-12-milhoes-para-allan-kardec-e-apae\/#primaryimage","url":"https:\/\/i0.wp.com\/verdadeon.com.br\/portal\/wp-content\/uploads\/2020\/09\/WhatsApp-Image-2020-09-28-at-19.23.23.jpeg?fit=1000%2C670&ssl=1","contentUrl":"https:\/\/i0.wp.com\/verdadeon.com.br\/portal\/wp-content\/uploads\/2020\/09\/WhatsApp-Image-2020-09-28-at-19.23.23.jpeg?fit=1000%2C670&ssl=1","width":1000,"height":670},{"@type":"BreadcrumbList","@id":"https:\/\/verdadeon.com.br\/portal\/2020\/09\/28\/prefeitura-destina-r-12-milhoes-para-allan-kardec-e-apae\/#breadcrumb","itemListElement":[{"@type":"ListItem","position":1,"name":"In\u00edcio","item":"https:\/\/verdadeon.com.br\/portal\/"},{"@type":"ListItem","position":2,"name":"Prefeitura destina R$ 1,2 milh\u00f5es para Allan Kardec e APAE"}]},{"@type":"WebSite","@id":"https:\/\/verdadeon.com.br\/portal\/#website","url":"https:\/\/verdadeon.com.br\/portal\/","name":"VerdadeOn","description":"Not\u00edcias di\u00e1rias sobre Franca, Regi\u00e3o, Esporte, Cultura, Cotidiano, Colunas. Cobertura nos principais eventos da cidade \u00e9 aqui - Verdadeon Franca","potentialAction":[{"@type":"SearchAction","target":{"@type":"EntryPoint","urlTemplate":"https:\/\/verdadeon.com.br\/portal\/?s={search_term_string}"},"query-input":{"@type":"PropertyValueSpecification","valueRequired":true,"valueName":"search_term_string"}}],"inLanguage":"pt-BR"},{"@type":"Person","@id":"https:\/\/verdadeon.com.br\/portal\/#\/schema\/person\/a5060ad1e9ea3df545188fc93ce43d2f","name":"Redacao VerdadeOn","image":{"@type":"ImageObject","inLanguage":"pt-BR","@id":"https:\/\/verdadeon.com.br\/portal\/#\/schema\/person\/image\/","url":"https:\/\/secure.gravatar.com\/avatar\/459a9613caaaf07f582c3d0841eea68bdd66f533e465e6ba8b9cb45619572cf4?s=96&d=mm&r=g","contentUrl":"https:\/\/secure.gravatar.com\/avatar\/459a9613caaaf07f582c3d0841eea68bdd66f533e465e6ba8b9cb45619572cf4?s=96&d=mm&r=g","caption":"Redacao VerdadeOn"},"url":"https:\/\/verdadeon.com.br\/portal\/author\/redacao\/"}]}},"jetpack_publicize_connections":[],"jetpack_featured_media_url":"https:\/\/i0.wp.com\/verdadeon.com.br\/portal\/wp-content\/uploads\/2020\/09\/WhatsApp-Image-2020-09-28-at-19.23.23.jpeg?fit=1000%2C670&ssl=1","jetpack_sharing_enabled":true,"_links":{"self":[{"href":"https:\/\/verdadeon.com.br\/portal\/wp-json\/wp\/v2\/posts\/10729","targetHints":{"allow":["GET"]}}],"collection":[{"href":"https:\/\/verdadeon.com.br\/portal\/wp-json\/wp\/v2\/posts"}],"about":[{"href":"https:\/\/verdadeon.com.br\/portal\/wp-json\/wp\/v2\/types\/post"}],"author":[{"embeddable":true,"href":"https:\/\/verdadeon.com.br\/portal\/wp-json\/wp\/v2\/users\/10"}],"replies":[{"embeddable":true,"href":"https:\/\/verdadeon.com.br\/portal\/wp-json\/wp\/v2\/comments?post=10729"}],"version-history":[{"count":0,"href":"https:\/\/verdadeon.com.br\/portal\/wp-json\/wp\/v2\/posts\/10729\/revisions"}],"wp:featuredmedia":[{"embeddable":true,"href":"https:\/\/verdadeon.com.br\/portal\/wp-json\/wp\/v2\/media\/10732"}],"wp:attachment":[{"href":"https:\/\/verdadeon.com.br\/portal\/wp-json\/wp\/v2\/media?parent=10729"}],"wp:term":[{"taxonomy":"category","embeddable":true,"href":"https:\/\/verdadeon.com.br\/portal\/wp-json\/wp\/v2\/categories?post=10729"},{"taxonomy":"post_tag","embeddable":true,"href":"https:\/\/verdadeon.com.br\/portal\/wp-json\/wp\/v2\/tags?post=10729"}],"curies":[{"name":"wp","href":"https:\/\/api.w.org\/{rel}","templated":true}]}}