{"id":10564,"date":"2020-09-21T20:19:29","date_gmt":"2020-09-21T23:19:29","guid":{"rendered":"http:\/\/verdadeon.com.br\/portal\/?p=10564"},"modified":"2020-09-21T20:19:29","modified_gmt":"2020-09-21T23:19:29","slug":"policia-ambiental-apreende-animais-exoticos","status":"publish","type":"post","link":"https:\/\/verdadeon.com.br\/portal\/2020\/09\/21\/policia-ambiental-apreende-animais-exoticos\/","title":{"rendered":"Pol\u00edcia Ambiental apreende animais ex\u00f3ticos"},"content":{"rendered":"<p>Seguindo os protocolos de restri\u00e7\u00f5es no sentido de evitar aglomera\u00e7\u00f5es, a Prefeitura de Franca, Pol\u00edcia Militar Ambiental e o grupo Verdejar\/Mulheres do Brasil, promoveram neste final e come\u00e7o de semana uma s\u00e9rie de eventos marcando a Semana da \u00c1rvore. No s\u00e1bado pela manh\u00e3 quem circulou pela Vila Teixeira, imedia\u00e7\u00f5es do SENAC, observou uma movimenta\u00e7\u00e3o at\u00edpica na pra\u00e7a existente ao lado, entre as ruas Alfredo Lopes Pinto e \u00c1lvaro Abranches, onde houve uma atividade com a presen\u00e7a de ambientalistas, autoridades, marcando o lan\u00e7amento de uma obra infantil, o livro \u2018A Fadinha do Verde\u2019. A atividade contou com as presen\u00e7as da escritora Ela\u00edse Marie e da ilustradora Ana Laura Alvarenga, dentre outros.<br \/>\nNeste segunda-feira pela manh\u00e3, em uma \u00e1rea de preserva\u00e7\u00e3o permanente (APP), no bairro City Petr\u00f3polis, dezenas de mudas de esp\u00e9cies nativas fornecidas pelo Jardim Zoobot\u00e2nico foram plantadas, numa opera\u00e7\u00e3o integrada que contou com o suporte das equipes da Secretaria de Servi\u00e7os e Meio Ambiente, da Pol\u00edcia Militar Ambiental e pessoas da comunidade. O intuito dessa movimenta\u00e7\u00e3o, mesmo com as limita\u00e7\u00f5es de protocolo, segundo a coordena\u00e7\u00e3o pedag\u00f3gica de Meio Ambiente do munic\u00edpio, foi chamar a aten\u00e7\u00e3o para a import\u00e2ncia do verde, do cuidar bem das \u00e1rvores, saber como e onde plant\u00e1-las de tal forma que produzam os efeitos esperados.<br \/>\nOpera\u00e7\u00e3o Jequitib\u00e1<br \/>\nMais tarde um pouco, \u00e0s 9h30, houve em frente \u00e0 sede da Pol\u00edcia Militar Ambiental, o lan\u00e7amento da Opera\u00e7\u00e3o Jequitib\u00e1, desencadeada em todo o Estado de S\u00e3o Paulo, marcando o Dia da Pol\u00edcia Ambiental. E por consequ\u00eancia desse trabalho, houve o cumprimento de um mandado de apreens\u00e3o na regi\u00e3o Leste da cidade, onde no Jardim Panorama, 15 cobras ex\u00f3ticas da esp\u00e9cie \u2018Corn Snak\u2019 ou \u2018cobra do milho\u2019 para alguns, foram recolhidas em uma resid\u00eancia, junto com outros animais e aves silvestres. No caso das cobras, s\u00e3o origin\u00e1rias dos Estados Unidos e n\u00e3o poderiam ser mantidas em cativeiro sem autoriza\u00e7\u00e3o, o que foi constatado.<br \/>\nOs policiais ambientais fizeram a respectiva autua\u00e7\u00e3o e adotaram as demais provid\u00eancias que a situa\u00e7\u00e3o exigia, encaminhando os respons\u00e1veis para depoimento. Em todo o Estado e na regi\u00e3o acontece uma intensiva fiscaliza\u00e7\u00e3o ambiental com o objetivo de coibir crimes ambientais como tr\u00e1fico de animais, queimadas, pesca ilegal, com\u00e9rcio ilegal de madeira, entre outros.<\/p>\n","protected":false},"excerpt":{"rendered":"<p>Seguindo os protocolos de restri\u00e7\u00f5es no sentido de evitar aglomera\u00e7\u00f5es, a Prefeitura de Franca, Pol\u00edcia Militar Ambiental e o grupo Verdejar\/Mulheres do Brasil, promoveram neste final<span class=\"excerpt-hellip\"> [\u2026]<\/span><\/p>\n","protected":false},"author":10,"featured_media":10567,"comment_status":"open","ping_status":"open","sticky":false,"template":"","format":"standard","meta":{"_jetpack_memberships_contains_paid_content":false,"footnotes":"","jetpack_publicize_message":"","jetpack_publicize_feature_enabled":true,"jetpack_social_post_already_shared":false,"jetpack_social_options":{"image_generator_settings":{"template":"highway","default_image_id":0,"enabled":false},"version":2}},"categories":[28,44],"tags":[],"class_list":["post-10564","post","type-post","status-publish","format-standard","has-post-thumbnail","hentry","category-cotidiano","category-noticias"],"yoast_head":"<!-- This site is optimized with the Yoast SEO plugin v25.6 - https:\/\/yoast.com\/wordpress\/plugins\/seo\/ -->\n<title>Pol\u00edcia Ambiental apreende animais ex\u00f3ticos - VerdadeOn<\/title>\n<meta name=\"robots\" content=\"index, follow, max-snippet:-1, max-image-preview:large, max-video-preview:-1\" \/>\n<link rel=\"canonical\" href=\"https:\/\/verdadeon.com.br\/portal\/2020\/09\/21\/policia-ambiental-apreende-animais-exoticos\/\" \/>\n<meta property=\"og:locale\" content=\"pt_BR\" \/>\n<meta property=\"og:type\" content=\"article\" \/>\n<meta property=\"og:title\" content=\"Pol\u00edcia Ambiental apreende animais ex\u00f3ticos - VerdadeOn\" \/>\n<meta property=\"og:description\" content=\"Seguindo os protocolos de restri\u00e7\u00f5es no sentido de evitar aglomera\u00e7\u00f5es, a Prefeitura de Franca, Pol\u00edcia Militar Ambiental e o grupo Verdejar\/Mulheres do Brasil, promoveram neste final [\u2026]\" \/>\n<meta property=\"og:url\" content=\"https:\/\/verdadeon.com.br\/portal\/2020\/09\/21\/policia-ambiental-apreende-animais-exoticos\/\" \/>\n<meta property=\"og:site_name\" content=\"VerdadeOn\" \/>\n<meta property=\"article:published_time\" content=\"2020-09-21T23:19:29+00:00\" \/>\n<meta property=\"og:image\" content=\"https:\/\/verdadeon.com.br\/portal\/wp-content\/uploads\/2020\/09\/WhatsApp-Image-2020-06-05-at-19.14.50.jpeg\" \/>\n\t<meta property=\"og:image:width\" content=\"1000\" \/>\n\t<meta property=\"og:image:height\" content=\"670\" \/>\n\t<meta property=\"og:image:type\" content=\"image\/jpeg\" \/>\n<meta name=\"author\" content=\"Redacao VerdadeOn\" \/>\n<meta name=\"twitter:card\" content=\"summary_large_image\" \/>\n<meta name=\"twitter:label1\" content=\"Escrito por\" \/>\n\t<meta name=\"twitter:data1\" content=\"Redacao VerdadeOn\" \/>\n\t<meta name=\"twitter:label2\" content=\"Est. tempo de leitura\" \/>\n\t<meta name=\"twitter:data2\" content=\"2 minutos\" \/>\n<script type=\"application\/ld+json\" class=\"yoast-schema-graph\">{\"@context\":\"https:\/\/schema.org\",\"@graph\":[{\"@type\":\"WebPage\",\"@id\":\"https:\/\/verdadeon.com.br\/portal\/2020\/09\/21\/policia-ambiental-apreende-animais-exoticos\/\",\"url\":\"https:\/\/verdadeon.com.br\/portal\/2020\/09\/21\/policia-ambiental-apreende-animais-exoticos\/\",\"name\":\"Pol\u00edcia Ambiental apreende animais ex\u00f3ticos - VerdadeOn\",\"isPartOf\":{\"@id\":\"https:\/\/verdadeon.com.br\/portal\/#website\"},\"primaryImageOfPage\":{\"@id\":\"https:\/\/verdadeon.com.br\/portal\/2020\/09\/21\/policia-ambiental-apreende-animais-exoticos\/#primaryimage\"},\"image\":{\"@id\":\"https:\/\/verdadeon.com.br\/portal\/2020\/09\/21\/policia-ambiental-apreende-animais-exoticos\/#primaryimage\"},\"thumbnailUrl\":\"https:\/\/i0.wp.com\/verdadeon.com.br\/portal\/wp-content\/uploads\/2020\/09\/WhatsApp-Image-2020-06-05-at-19.14.50.jpeg?fit=1000%2C670&ssl=1\",\"datePublished\":\"2020-09-21T23:19:29+00:00\",\"author\":{\"@id\":\"https:\/\/verdadeon.com.br\/portal\/#\/schema\/person\/a5060ad1e9ea3df545188fc93ce43d2f\"},\"breadcrumb\":{\"@id\":\"https:\/\/verdadeon.com.br\/portal\/2020\/09\/21\/policia-ambiental-apreende-animais-exoticos\/#breadcrumb\"},\"inLanguage\":\"pt-BR\",\"potentialAction\":[{\"@type\":\"ReadAction\",\"target\":[\"https:\/\/verdadeon.com.br\/portal\/2020\/09\/21\/policia-ambiental-apreende-animais-exoticos\/\"]}]},{\"@type\":\"ImageObject\",\"inLanguage\":\"pt-BR\",\"@id\":\"https:\/\/verdadeon.com.br\/portal\/2020\/09\/21\/policia-ambiental-apreende-animais-exoticos\/#primaryimage\",\"url\":\"https:\/\/i0.wp.com\/verdadeon.com.br\/portal\/wp-content\/uploads\/2020\/09\/WhatsApp-Image-2020-06-05-at-19.14.50.jpeg?fit=1000%2C670&ssl=1\",\"contentUrl\":\"https:\/\/i0.wp.com\/verdadeon.com.br\/portal\/wp-content\/uploads\/2020\/09\/WhatsApp-Image-2020-06-05-at-19.14.50.jpeg?fit=1000%2C670&ssl=1\",\"width\":1000,\"height\":670},{\"@type\":\"BreadcrumbList\",\"@id\":\"https:\/\/verdadeon.com.br\/portal\/2020\/09\/21\/policia-ambiental-apreende-animais-exoticos\/#breadcrumb\",\"itemListElement\":[{\"@type\":\"ListItem\",\"position\":1,\"name\":\"In\u00edcio\",\"item\":\"https:\/\/verdadeon.com.br\/portal\/\"},{\"@type\":\"ListItem\",\"position\":2,\"name\":\"Pol\u00edcia Ambiental apreende animais ex\u00f3ticos\"}]},{\"@type\":\"WebSite\",\"@id\":\"https:\/\/verdadeon.com.br\/portal\/#website\",\"url\":\"https:\/\/verdadeon.com.br\/portal\/\",\"name\":\"VerdadeOn\",\"description\":\"Not\u00edcias di\u00e1rias sobre Franca, Regi\u00e3o, Esporte, Cultura, Cotidiano, Colunas. Cobertura nos principais eventos da cidade \u00e9 aqui - Verdadeon Franca\",\"potentialAction\":[{\"@type\":\"SearchAction\",\"target\":{\"@type\":\"EntryPoint\",\"urlTemplate\":\"https:\/\/verdadeon.com.br\/portal\/?s={search_term_string}\"},\"query-input\":{\"@type\":\"PropertyValueSpecification\",\"valueRequired\":true,\"valueName\":\"search_term_string\"}}],\"inLanguage\":\"pt-BR\"},{\"@type\":\"Person\",\"@id\":\"https:\/\/verdadeon.com.br\/portal\/#\/schema\/person\/a5060ad1e9ea3df545188fc93ce43d2f\",\"name\":\"Redacao VerdadeOn\",\"image\":{\"@type\":\"ImageObject\",\"inLanguage\":\"pt-BR\",\"@id\":\"https:\/\/verdadeon.com.br\/portal\/#\/schema\/person\/image\/\",\"url\":\"https:\/\/secure.gravatar.com\/avatar\/459a9613caaaf07f582c3d0841eea68bdd66f533e465e6ba8b9cb45619572cf4?s=96&d=mm&r=g\",\"contentUrl\":\"https:\/\/secure.gravatar.com\/avatar\/459a9613caaaf07f582c3d0841eea68bdd66f533e465e6ba8b9cb45619572cf4?s=96&d=mm&r=g\",\"caption\":\"Redacao VerdadeOn\"},\"url\":\"https:\/\/verdadeon.com.br\/portal\/author\/redacao\/\"}]}<\/script>\n<!-- \/ Yoast SEO plugin. -->","yoast_head_json":{"title":"Pol\u00edcia Ambiental apreende animais ex\u00f3ticos - VerdadeOn","robots":{"index":"index","follow":"follow","max-snippet":"max-snippet:-1","max-image-preview":"max-image-preview:large","max-video-preview":"max-video-preview:-1"},"canonical":"https:\/\/verdadeon.com.br\/portal\/2020\/09\/21\/policia-ambiental-apreende-animais-exoticos\/","og_locale":"pt_BR","og_type":"article","og_title":"Pol\u00edcia Ambiental apreende animais ex\u00f3ticos - VerdadeOn","og_description":"Seguindo os protocolos de restri\u00e7\u00f5es no sentido de evitar aglomera\u00e7\u00f5es, a Prefeitura de Franca, Pol\u00edcia Militar Ambiental e o grupo Verdejar\/Mulheres do Brasil, promoveram neste final [\u2026]","og_url":"https:\/\/verdadeon.com.br\/portal\/2020\/09\/21\/policia-ambiental-apreende-animais-exoticos\/","og_site_name":"VerdadeOn","article_published_time":"2020-09-21T23:19:29+00:00","og_image":[{"width":1000,"height":670,"url":"https:\/\/verdadeon.com.br\/portal\/wp-content\/uploads\/2020\/09\/WhatsApp-Image-2020-06-05-at-19.14.50.jpeg","type":"image\/jpeg"}],"author":"Redacao VerdadeOn","twitter_card":"summary_large_image","twitter_misc":{"Escrito por":"Redacao VerdadeOn","Est. tempo de leitura":"2 minutos"},"schema":{"@context":"https:\/\/schema.org","@graph":[{"@type":"WebPage","@id":"https:\/\/verdadeon.com.br\/portal\/2020\/09\/21\/policia-ambiental-apreende-animais-exoticos\/","url":"https:\/\/verdadeon.com.br\/portal\/2020\/09\/21\/policia-ambiental-apreende-animais-exoticos\/","name":"Pol\u00edcia Ambiental apreende animais ex\u00f3ticos - VerdadeOn","isPartOf":{"@id":"https:\/\/verdadeon.com.br\/portal\/#website"},"primaryImageOfPage":{"@id":"https:\/\/verdadeon.com.br\/portal\/2020\/09\/21\/policia-ambiental-apreende-animais-exoticos\/#primaryimage"},"image":{"@id":"https:\/\/verdadeon.com.br\/portal\/2020\/09\/21\/policia-ambiental-apreende-animais-exoticos\/#primaryimage"},"thumbnailUrl":"https:\/\/i0.wp.com\/verdadeon.com.br\/portal\/wp-content\/uploads\/2020\/09\/WhatsApp-Image-2020-06-05-at-19.14.50.jpeg?fit=1000%2C670&ssl=1","datePublished":"2020-09-21T23:19:29+00:00","author":{"@id":"https:\/\/verdadeon.com.br\/portal\/#\/schema\/person\/a5060ad1e9ea3df545188fc93ce43d2f"},"breadcrumb":{"@id":"https:\/\/verdadeon.com.br\/portal\/2020\/09\/21\/policia-ambiental-apreende-animais-exoticos\/#breadcrumb"},"inLanguage":"pt-BR","potentialAction":[{"@type":"ReadAction","target":["https:\/\/verdadeon.com.br\/portal\/2020\/09\/21\/policia-ambiental-apreende-animais-exoticos\/"]}]},{"@type":"ImageObject","inLanguage":"pt-BR","@id":"https:\/\/verdadeon.com.br\/portal\/2020\/09\/21\/policia-ambiental-apreende-animais-exoticos\/#primaryimage","url":"https:\/\/i0.wp.com\/verdadeon.com.br\/portal\/wp-content\/uploads\/2020\/09\/WhatsApp-Image-2020-06-05-at-19.14.50.jpeg?fit=1000%2C670&ssl=1","contentUrl":"https:\/\/i0.wp.com\/verdadeon.com.br\/portal\/wp-content\/uploads\/2020\/09\/WhatsApp-Image-2020-06-05-at-19.14.50.jpeg?fit=1000%2C670&ssl=1","width":1000,"height":670},{"@type":"BreadcrumbList","@id":"https:\/\/verdadeon.com.br\/portal\/2020\/09\/21\/policia-ambiental-apreende-animais-exoticos\/#breadcrumb","itemListElement":[{"@type":"ListItem","position":1,"name":"In\u00edcio","item":"https:\/\/verdadeon.com.br\/portal\/"},{"@type":"ListItem","position":2,"name":"Pol\u00edcia Ambiental apreende animais ex\u00f3ticos"}]},{"@type":"WebSite","@id":"https:\/\/verdadeon.com.br\/portal\/#website","url":"https:\/\/verdadeon.com.br\/portal\/","name":"VerdadeOn","description":"Not\u00edcias di\u00e1rias sobre Franca, Regi\u00e3o, Esporte, Cultura, Cotidiano, Colunas. Cobertura nos principais eventos da cidade \u00e9 aqui - Verdadeon Franca","potentialAction":[{"@type":"SearchAction","target":{"@type":"EntryPoint","urlTemplate":"https:\/\/verdadeon.com.br\/portal\/?s={search_term_string}"},"query-input":{"@type":"PropertyValueSpecification","valueRequired":true,"valueName":"search_term_string"}}],"inLanguage":"pt-BR"},{"@type":"Person","@id":"https:\/\/verdadeon.com.br\/portal\/#\/schema\/person\/a5060ad1e9ea3df545188fc93ce43d2f","name":"Redacao VerdadeOn","image":{"@type":"ImageObject","inLanguage":"pt-BR","@id":"https:\/\/verdadeon.com.br\/portal\/#\/schema\/person\/image\/","url":"https:\/\/secure.gravatar.com\/avatar\/459a9613caaaf07f582c3d0841eea68bdd66f533e465e6ba8b9cb45619572cf4?s=96&d=mm&r=g","contentUrl":"https:\/\/secure.gravatar.com\/avatar\/459a9613caaaf07f582c3d0841eea68bdd66f533e465e6ba8b9cb45619572cf4?s=96&d=mm&r=g","caption":"Redacao VerdadeOn"},"url":"https:\/\/verdadeon.com.br\/portal\/author\/redacao\/"}]}},"jetpack_publicize_connections":[],"jetpack_featured_media_url":"https:\/\/i0.wp.com\/verdadeon.com.br\/portal\/wp-content\/uploads\/2020\/09\/WhatsApp-Image-2020-06-05-at-19.14.50.jpeg?fit=1000%2C670&ssl=1","jetpack_sharing_enabled":true,"_links":{"self":[{"href":"https:\/\/verdadeon.com.br\/portal\/wp-json\/wp\/v2\/posts\/10564","targetHints":{"allow":["GET"]}}],"collection":[{"href":"https:\/\/verdadeon.com.br\/portal\/wp-json\/wp\/v2\/posts"}],"about":[{"href":"https:\/\/verdadeon.com.br\/portal\/wp-json\/wp\/v2\/types\/post"}],"author":[{"embeddable":true,"href":"https:\/\/verdadeon.com.br\/portal\/wp-json\/wp\/v2\/users\/10"}],"replies":[{"embeddable":true,"href":"https:\/\/verdadeon.com.br\/portal\/wp-json\/wp\/v2\/comments?post=10564"}],"version-history":[{"count":0,"href":"https:\/\/verdadeon.com.br\/portal\/wp-json\/wp\/v2\/posts\/10564\/revisions"}],"wp:featuredmedia":[{"embeddable":true,"href":"https:\/\/verdadeon.com.br\/portal\/wp-json\/wp\/v2\/media\/10567"}],"wp:attachment":[{"href":"https:\/\/verdadeon.com.br\/portal\/wp-json\/wp\/v2\/media?parent=10564"}],"wp:term":[{"taxonomy":"category","embeddable":true,"href":"https:\/\/verdadeon.com.br\/portal\/wp-json\/wp\/v2\/categories?post=10564"},{"taxonomy":"post_tag","embeddable":true,"href":"https:\/\/verdadeon.com.br\/portal\/wp-json\/wp\/v2\/tags?post=10564"}],"curies":[{"name":"wp","href":"https:\/\/api.w.org\/{rel}","templated":true}]}}