{"id":10544,"date":"2020-09-21T14:09:19","date_gmt":"2020-09-21T17:09:19","guid":{"rendered":"http:\/\/verdadeon.com.br\/portal\/?p=10544"},"modified":"2020-09-21T15:37:30","modified_gmt":"2020-09-21T18:37:30","slug":"impera-seleciona-7-empresas-para-processo-de-incubacao-em-franca","status":"publish","type":"post","link":"https:\/\/verdadeon.com.br\/portal\/2020\/09\/21\/impera-seleciona-7-empresas-para-processo-de-incubacao-em-franca\/","title":{"rendered":"IMPERA seleciona 7 empresas para processo de incuba\u00e7\u00e3o em Franca"},"content":{"rendered":"<h2>Durante seis meses, as startups v\u00e3o receber mentoria para estruturar o modelo de neg\u00f3cios e orienta\u00e7\u00e3o em gest\u00e3o empresarial, com todo suporte e infraestrutura f\u00edsica da Incubadora<\/h2>\n<p class=\"ql-align-justify\">Sete empresas foram selecionadas no processo seletivo do 3\u00ba Ciclo de Incuba\u00e7\u00e3o para empresas e projetos de base tecnol\u00f3gica da IMPERA (Incubadora de Empresas de Base Tecnol\u00f3gica de Franca e Regi\u00e3o). A seletiva, que aconteceu de mar\u00e7o a agosto, teve seis etapas e contou com a participa\u00e7\u00e3o de mais de 20 projetos. Na reta final, em raz\u00e3o da pandemia do novo coronav\u00edrus, as entrevistas e apresenta\u00e7\u00f5es foram on-line. Durante seis meses, as empresas v\u00e3o receber mentoria para estruturar o modelo de neg\u00f3cios e orienta\u00e7\u00e3o em gest\u00e3o empresarial, com todo suporte e infraestrutura f\u00edsica.<\/p>\n<p class=\"ql-align-justify\">\u201cA Incubadora atua com o objetivo de fomentar o ecossistema, ou seja, ajudar o empreendedor a desenvolver as suas ideias e projetos para o seu mercado de atua\u00e7\u00e3o. Por isso, as empresas selecionadas apresentaram como proposta a inova\u00e7\u00e3o, incremental ou disruptiva, e solu\u00e7\u00f5es para os diversos segmentos como ind\u00fastria, com\u00e9rcio, educa\u00e7\u00e3o, agroneg\u00f3cio, sa\u00fade, alimenta\u00e7\u00e3o, etc.\u201d, diz Jean Dunkl, gestor da IMPERA.<\/p>\n<p class=\"ql-align-justify\">Em fevereiro, mais de 20 projetos foram inscritos, sendo v\u00e1lidos apenas 12. Em raz\u00e3o da pandemia do novo coronav\u00edrus e o isolamento social, as \u00faltimas etapas do processo, como as entrevistas, foram adaptadas e aconteceram virtualmente. No in\u00edcio de julho, os candidatos apresentaram os projetos ao Conselho Consultivo da IMPERA, ao Comit\u00ea T\u00e9cnico Cient\u00edfico e aos membros da sociedade convidados.<\/p>\n<p class=\"ql-align-justify\">A banca avaliadora foi composta pelos gestores da IMPERA Jean Dunkl e Alexandre\u00a0Benedetti, pelo gerente do Escrit\u00f3rio Regional do Sebrae Franca Vin\u00edcius Agostinho da N\u00f3brega, pelo empres\u00e1rio da PrintMac Renato Castro e pelo empres\u00e1rio Rafael Leal, presidente do Instituto Cidade do Cal\u00e7ado.<\/p>\n<p class=\"ql-align-justify\">Sete empresas foram selecionadas:\u00a0<strong>Clubee<\/strong>\u00a0(marketplace de vantagens),\u00a0<strong>Mercad\u00e3o do Fabricante<\/strong>\u00a0(canal on-line de compra e venda de mat\u00e9ria-prima descontinuada),\u00a0<strong>NFe Agro<\/strong>\u00a0(aplicativo para produtor rural emitir nota fiscal eletr\u00f4nica),\u00a0<strong>Perfil Sertanejo<\/strong>\u00a0(rede social sertaneja),\u00a0<strong>Personal Alternativo<\/strong>\u00a0(plataforma de atividades f\u00edsicas on-line),\u00a0<strong>Pluga Cuca<\/strong>\u00a0(m\u00e9todo de ensino que facilita a aprendizagem e utiliza a Internet como ferramenta) e\u00a0<strong>Projeto Gaia\u00a0<\/strong>(gamifica\u00e7\u00e3o educacional voltada ao desenvolvimento sociocultural com sustentabilidade ambiental).<\/p>\n<p class=\"ql-align-justify\">\u201cMinha plataforma de atividades f\u00edsicas on-line, com plano de assinaturas, ser\u00e1 integrada a um e-commerce com vendas de produtos relacionados \u00e0 \u00e1rea de sa\u00fade e bem-estar. Acredito muito neste trabalho da IMPERA, o projeto de incuba\u00e7\u00e3o vai me ajudar a gerar B2B, novos parceiros de neg\u00f3cios, como outros profissionais de educa\u00e7\u00e3o f\u00edsica que ser\u00e3o professores na plataforma, fornecedores do segmento, sem contar assessoria administrativa e jur\u00eddica, enfim, vai abrir muitas portas\u201d, diz o professor de Educa\u00e7\u00e3o F\u00edsica Matheus Pupim, idealizador do Personal Alternativo.<\/p>\n<p class=\"ql-align-justify\">O processo de incuba\u00e7\u00e3o j\u00e1 foi iniciado, com assinatura dos contratos, apresenta\u00e7\u00e3o da infraestrutura e servi\u00e7os dispon\u00edveis. A convoca\u00e7\u00e3o acontece em duas modalidades: pr\u00e9-incuba\u00e7\u00e3o (ideia) e incuba\u00e7\u00e3o. O Ciclo tem dura\u00e7\u00e3o de seis meses (at\u00e9 fevereiro de 2021), com possibilidade de renova\u00e7\u00e3o, de acordo com o desenvolvimento do incubado no processo.<\/p>\n<p class=\"ql-align-justify\">\u201cS\u00e3o novos neg\u00f3cios em diferentes est\u00e1gios de mercado e segmentos. Todos com plenas condi\u00e7\u00f5es de ganhar escala e competitividade por trazerem em sua ess\u00eancia tecnologia e inova\u00e7\u00e3o\u201d, diz Alexandre\u00a0Benedetti, gestor da IMPERA.<\/p>\n<p class=\"ql-align-justify\">Para a professora Maria L\u00eddia Borges Machado, da Pluga Cuca, se tornar incubada significa ensinar Matem\u00e1tica com uma metodologia avan\u00e7ada de aula remota a pessoas do mundo todo.<\/p>\n<p class=\"ql-align-justify\">\u201cA nossa empresa atua h\u00e1 10 anos embasada nos quatro n\u00edveis de dificuldades dos alunos na sala de aula. S\u00e3o in\u00fameras as dificuldades tamb\u00e9m, em lan\u00e7ar um produto no mercado, porque exige recursos financeiros para que as aulas sejam elaboradas, disponibilizadas no aplicativo, de modo atraente e eficaz ao mesmo tempo. Com o apoio fundamental da IMPERA para o crescimento do neg\u00f3cio poderemos escalar o mundo ajudando pessoas a aprender Matem\u00e1tica\u201d, diz.<\/p>\n","protected":false},"excerpt":{"rendered":"<p>Durante seis meses, as startups v\u00e3o receber mentoria para estruturar o modelo de neg\u00f3cios e orienta\u00e7\u00e3o em gest\u00e3o empresarial, com todo suporte e infraestrutura f\u00edsica da<span class=\"excerpt-hellip\"> [\u2026]<\/span><\/p>\n","protected":false},"author":10,"featured_media":10553,"comment_status":"open","ping_status":"open","sticky":false,"template":"","format":"standard","meta":{"_jetpack_memberships_contains_paid_content":false,"footnotes":"","jetpack_publicize_message":"","jetpack_publicize_feature_enabled":true,"jetpack_social_post_already_shared":false,"jetpack_social_options":{"image_generator_settings":{"template":"highway","default_image_id":0,"enabled":false},"version":2}},"categories":[28,44],"tags":[],"class_list":["post-10544","post","type-post","status-publish","format-standard","has-post-thumbnail","hentry","category-cotidiano","category-noticias"],"yoast_head":"<!-- This site is optimized with the Yoast SEO plugin v25.6 - https:\/\/yoast.com\/wordpress\/plugins\/seo\/ -->\n<title>IMPERA seleciona 7 empresas para processo de incuba\u00e7\u00e3o em Franca - VerdadeOn<\/title>\n<meta name=\"robots\" content=\"index, follow, max-snippet:-1, max-image-preview:large, max-video-preview:-1\" \/>\n<link rel=\"canonical\" href=\"https:\/\/verdadeon.com.br\/portal\/2020\/09\/21\/impera-seleciona-7-empresas-para-processo-de-incubacao-em-franca\/\" \/>\n<meta property=\"og:locale\" content=\"pt_BR\" \/>\n<meta property=\"og:type\" content=\"article\" \/>\n<meta property=\"og:title\" content=\"IMPERA seleciona 7 empresas para processo de incuba\u00e7\u00e3o em Franca - VerdadeOn\" \/>\n<meta property=\"og:description\" content=\"Durante seis meses, as startups v\u00e3o receber mentoria para estruturar o modelo de neg\u00f3cios e orienta\u00e7\u00e3o em gest\u00e3o empresarial, com todo suporte e infraestrutura f\u00edsica da [\u2026]\" \/>\n<meta property=\"og:url\" content=\"https:\/\/verdadeon.com.br\/portal\/2020\/09\/21\/impera-seleciona-7-empresas-para-processo-de-incubacao-em-franca\/\" \/>\n<meta property=\"og:site_name\" content=\"VerdadeOn\" \/>\n<meta property=\"article:published_time\" content=\"2020-09-21T17:09:19+00:00\" \/>\n<meta property=\"article:modified_time\" content=\"2020-09-21T18:37:30+00:00\" \/>\n<meta property=\"og:image\" content=\"https:\/\/verdadeon.com.br\/portal\/wp-content\/uploads\/2020\/09\/db7a0c03-ae24-4185-b8af-420502354fa4-co\u0301pia.jpg\" \/>\n\t<meta property=\"og:image:width\" content=\"1000\" \/>\n\t<meta property=\"og:image:height\" content=\"670\" \/>\n\t<meta property=\"og:image:type\" content=\"image\/jpeg\" \/>\n<meta name=\"author\" content=\"Redacao VerdadeOn\" \/>\n<meta name=\"twitter:card\" content=\"summary_large_image\" \/>\n<meta name=\"twitter:label1\" content=\"Escrito por\" \/>\n\t<meta name=\"twitter:data1\" content=\"Redacao VerdadeOn\" \/>\n\t<meta name=\"twitter:label2\" content=\"Est. tempo de leitura\" \/>\n\t<meta name=\"twitter:data2\" content=\"3 minutos\" \/>\n<script type=\"application\/ld+json\" class=\"yoast-schema-graph\">{\"@context\":\"https:\/\/schema.org\",\"@graph\":[{\"@type\":\"WebPage\",\"@id\":\"https:\/\/verdadeon.com.br\/portal\/2020\/09\/21\/impera-seleciona-7-empresas-para-processo-de-incubacao-em-franca\/\",\"url\":\"https:\/\/verdadeon.com.br\/portal\/2020\/09\/21\/impera-seleciona-7-empresas-para-processo-de-incubacao-em-franca\/\",\"name\":\"IMPERA seleciona 7 empresas para processo de incuba\u00e7\u00e3o em Franca - VerdadeOn\",\"isPartOf\":{\"@id\":\"https:\/\/verdadeon.com.br\/portal\/#website\"},\"primaryImageOfPage\":{\"@id\":\"https:\/\/verdadeon.com.br\/portal\/2020\/09\/21\/impera-seleciona-7-empresas-para-processo-de-incubacao-em-franca\/#primaryimage\"},\"image\":{\"@id\":\"https:\/\/verdadeon.com.br\/portal\/2020\/09\/21\/impera-seleciona-7-empresas-para-processo-de-incubacao-em-franca\/#primaryimage\"},\"thumbnailUrl\":\"https:\/\/i0.wp.com\/verdadeon.com.br\/portal\/wp-content\/uploads\/2020\/09\/db7a0c03-ae24-4185-b8af-420502354fa4-co%CC%81pia.jpg?fit=1000%2C670&ssl=1\",\"datePublished\":\"2020-09-21T17:09:19+00:00\",\"dateModified\":\"2020-09-21T18:37:30+00:00\",\"author\":{\"@id\":\"https:\/\/verdadeon.com.br\/portal\/#\/schema\/person\/a5060ad1e9ea3df545188fc93ce43d2f\"},\"breadcrumb\":{\"@id\":\"https:\/\/verdadeon.com.br\/portal\/2020\/09\/21\/impera-seleciona-7-empresas-para-processo-de-incubacao-em-franca\/#breadcrumb\"},\"inLanguage\":\"pt-BR\",\"potentialAction\":[{\"@type\":\"ReadAction\",\"target\":[\"https:\/\/verdadeon.com.br\/portal\/2020\/09\/21\/impera-seleciona-7-empresas-para-processo-de-incubacao-em-franca\/\"]}]},{\"@type\":\"ImageObject\",\"inLanguage\":\"pt-BR\",\"@id\":\"https:\/\/verdadeon.com.br\/portal\/2020\/09\/21\/impera-seleciona-7-empresas-para-processo-de-incubacao-em-franca\/#primaryimage\",\"url\":\"https:\/\/i0.wp.com\/verdadeon.com.br\/portal\/wp-content\/uploads\/2020\/09\/db7a0c03-ae24-4185-b8af-420502354fa4-co%CC%81pia.jpg?fit=1000%2C670&ssl=1\",\"contentUrl\":\"https:\/\/i0.wp.com\/verdadeon.com.br\/portal\/wp-content\/uploads\/2020\/09\/db7a0c03-ae24-4185-b8af-420502354fa4-co%CC%81pia.jpg?fit=1000%2C670&ssl=1\",\"width\":1000,\"height\":670,\"caption\":\"O professor de Educa\u00e7\u00e3o F\u00edsica Matheus Pupim, idealizador do Personal Alternativo - plataforma de atividades f\u00edsicas on-line, \u00e9 um dos selecionados\"},{\"@type\":\"BreadcrumbList\",\"@id\":\"https:\/\/verdadeon.com.br\/portal\/2020\/09\/21\/impera-seleciona-7-empresas-para-processo-de-incubacao-em-franca\/#breadcrumb\",\"itemListElement\":[{\"@type\":\"ListItem\",\"position\":1,\"name\":\"In\u00edcio\",\"item\":\"https:\/\/verdadeon.com.br\/portal\/\"},{\"@type\":\"ListItem\",\"position\":2,\"name\":\"IMPERA seleciona 7 empresas para processo de incuba\u00e7\u00e3o em Franca\"}]},{\"@type\":\"WebSite\",\"@id\":\"https:\/\/verdadeon.com.br\/portal\/#website\",\"url\":\"https:\/\/verdadeon.com.br\/portal\/\",\"name\":\"VerdadeOn\",\"description\":\"Not\u00edcias di\u00e1rias sobre Franca, Regi\u00e3o, Esporte, Cultura, Cotidiano, Colunas. Cobertura nos principais eventos da cidade \u00e9 aqui - Verdadeon Franca\",\"potentialAction\":[{\"@type\":\"SearchAction\",\"target\":{\"@type\":\"EntryPoint\",\"urlTemplate\":\"https:\/\/verdadeon.com.br\/portal\/?s={search_term_string}\"},\"query-input\":{\"@type\":\"PropertyValueSpecification\",\"valueRequired\":true,\"valueName\":\"search_term_string\"}}],\"inLanguage\":\"pt-BR\"},{\"@type\":\"Person\",\"@id\":\"https:\/\/verdadeon.com.br\/portal\/#\/schema\/person\/a5060ad1e9ea3df545188fc93ce43d2f\",\"name\":\"Redacao VerdadeOn\",\"image\":{\"@type\":\"ImageObject\",\"inLanguage\":\"pt-BR\",\"@id\":\"https:\/\/verdadeon.com.br\/portal\/#\/schema\/person\/image\/\",\"url\":\"https:\/\/secure.gravatar.com\/avatar\/459a9613caaaf07f582c3d0841eea68bdd66f533e465e6ba8b9cb45619572cf4?s=96&d=mm&r=g\",\"contentUrl\":\"https:\/\/secure.gravatar.com\/avatar\/459a9613caaaf07f582c3d0841eea68bdd66f533e465e6ba8b9cb45619572cf4?s=96&d=mm&r=g\",\"caption\":\"Redacao VerdadeOn\"},\"url\":\"https:\/\/verdadeon.com.br\/portal\/author\/redacao\/\"}]}<\/script>\n<!-- \/ Yoast SEO plugin. -->","yoast_head_json":{"title":"IMPERA seleciona 7 empresas para processo de incuba\u00e7\u00e3o em Franca - VerdadeOn","robots":{"index":"index","follow":"follow","max-snippet":"max-snippet:-1","max-image-preview":"max-image-preview:large","max-video-preview":"max-video-preview:-1"},"canonical":"https:\/\/verdadeon.com.br\/portal\/2020\/09\/21\/impera-seleciona-7-empresas-para-processo-de-incubacao-em-franca\/","og_locale":"pt_BR","og_type":"article","og_title":"IMPERA seleciona 7 empresas para processo de incuba\u00e7\u00e3o em Franca - VerdadeOn","og_description":"Durante seis meses, as startups v\u00e3o receber mentoria para estruturar o modelo de neg\u00f3cios e orienta\u00e7\u00e3o em gest\u00e3o empresarial, com todo suporte e infraestrutura f\u00edsica da [\u2026]","og_url":"https:\/\/verdadeon.com.br\/portal\/2020\/09\/21\/impera-seleciona-7-empresas-para-processo-de-incubacao-em-franca\/","og_site_name":"VerdadeOn","article_published_time":"2020-09-21T17:09:19+00:00","article_modified_time":"2020-09-21T18:37:30+00:00","og_image":[{"width":1000,"height":670,"url":"https:\/\/verdadeon.com.br\/portal\/wp-content\/uploads\/2020\/09\/db7a0c03-ae24-4185-b8af-420502354fa4-co\u0301pia.jpg","type":"image\/jpeg"}],"author":"Redacao VerdadeOn","twitter_card":"summary_large_image","twitter_misc":{"Escrito por":"Redacao VerdadeOn","Est. tempo de leitura":"3 minutos"},"schema":{"@context":"https:\/\/schema.org","@graph":[{"@type":"WebPage","@id":"https:\/\/verdadeon.com.br\/portal\/2020\/09\/21\/impera-seleciona-7-empresas-para-processo-de-incubacao-em-franca\/","url":"https:\/\/verdadeon.com.br\/portal\/2020\/09\/21\/impera-seleciona-7-empresas-para-processo-de-incubacao-em-franca\/","name":"IMPERA seleciona 7 empresas para processo de incuba\u00e7\u00e3o em Franca - VerdadeOn","isPartOf":{"@id":"https:\/\/verdadeon.com.br\/portal\/#website"},"primaryImageOfPage":{"@id":"https:\/\/verdadeon.com.br\/portal\/2020\/09\/21\/impera-seleciona-7-empresas-para-processo-de-incubacao-em-franca\/#primaryimage"},"image":{"@id":"https:\/\/verdadeon.com.br\/portal\/2020\/09\/21\/impera-seleciona-7-empresas-para-processo-de-incubacao-em-franca\/#primaryimage"},"thumbnailUrl":"https:\/\/i0.wp.com\/verdadeon.com.br\/portal\/wp-content\/uploads\/2020\/09\/db7a0c03-ae24-4185-b8af-420502354fa4-co%CC%81pia.jpg?fit=1000%2C670&ssl=1","datePublished":"2020-09-21T17:09:19+00:00","dateModified":"2020-09-21T18:37:30+00:00","author":{"@id":"https:\/\/verdadeon.com.br\/portal\/#\/schema\/person\/a5060ad1e9ea3df545188fc93ce43d2f"},"breadcrumb":{"@id":"https:\/\/verdadeon.com.br\/portal\/2020\/09\/21\/impera-seleciona-7-empresas-para-processo-de-incubacao-em-franca\/#breadcrumb"},"inLanguage":"pt-BR","potentialAction":[{"@type":"ReadAction","target":["https:\/\/verdadeon.com.br\/portal\/2020\/09\/21\/impera-seleciona-7-empresas-para-processo-de-incubacao-em-franca\/"]}]},{"@type":"ImageObject","inLanguage":"pt-BR","@id":"https:\/\/verdadeon.com.br\/portal\/2020\/09\/21\/impera-seleciona-7-empresas-para-processo-de-incubacao-em-franca\/#primaryimage","url":"https:\/\/i0.wp.com\/verdadeon.com.br\/portal\/wp-content\/uploads\/2020\/09\/db7a0c03-ae24-4185-b8af-420502354fa4-co%CC%81pia.jpg?fit=1000%2C670&ssl=1","contentUrl":"https:\/\/i0.wp.com\/verdadeon.com.br\/portal\/wp-content\/uploads\/2020\/09\/db7a0c03-ae24-4185-b8af-420502354fa4-co%CC%81pia.jpg?fit=1000%2C670&ssl=1","width":1000,"height":670,"caption":"O professor de Educa\u00e7\u00e3o F\u00edsica Matheus Pupim, idealizador do Personal Alternativo - plataforma de atividades f\u00edsicas on-line, \u00e9 um dos selecionados"},{"@type":"BreadcrumbList","@id":"https:\/\/verdadeon.com.br\/portal\/2020\/09\/21\/impera-seleciona-7-empresas-para-processo-de-incubacao-em-franca\/#breadcrumb","itemListElement":[{"@type":"ListItem","position":1,"name":"In\u00edcio","item":"https:\/\/verdadeon.com.br\/portal\/"},{"@type":"ListItem","position":2,"name":"IMPERA seleciona 7 empresas para processo de incuba\u00e7\u00e3o em Franca"}]},{"@type":"WebSite","@id":"https:\/\/verdadeon.com.br\/portal\/#website","url":"https:\/\/verdadeon.com.br\/portal\/","name":"VerdadeOn","description":"Not\u00edcias di\u00e1rias sobre Franca, Regi\u00e3o, Esporte, Cultura, Cotidiano, Colunas. Cobertura nos principais eventos da cidade \u00e9 aqui - Verdadeon Franca","potentialAction":[{"@type":"SearchAction","target":{"@type":"EntryPoint","urlTemplate":"https:\/\/verdadeon.com.br\/portal\/?s={search_term_string}"},"query-input":{"@type":"PropertyValueSpecification","valueRequired":true,"valueName":"search_term_string"}}],"inLanguage":"pt-BR"},{"@type":"Person","@id":"https:\/\/verdadeon.com.br\/portal\/#\/schema\/person\/a5060ad1e9ea3df545188fc93ce43d2f","name":"Redacao VerdadeOn","image":{"@type":"ImageObject","inLanguage":"pt-BR","@id":"https:\/\/verdadeon.com.br\/portal\/#\/schema\/person\/image\/","url":"https:\/\/secure.gravatar.com\/avatar\/459a9613caaaf07f582c3d0841eea68bdd66f533e465e6ba8b9cb45619572cf4?s=96&d=mm&r=g","contentUrl":"https:\/\/secure.gravatar.com\/avatar\/459a9613caaaf07f582c3d0841eea68bdd66f533e465e6ba8b9cb45619572cf4?s=96&d=mm&r=g","caption":"Redacao VerdadeOn"},"url":"https:\/\/verdadeon.com.br\/portal\/author\/redacao\/"}]}},"jetpack_publicize_connections":[],"jetpack_featured_media_url":"https:\/\/i0.wp.com\/verdadeon.com.br\/portal\/wp-content\/uploads\/2020\/09\/db7a0c03-ae24-4185-b8af-420502354fa4-co%CC%81pia.jpg?fit=1000%2C670&ssl=1","jetpack_sharing_enabled":true,"_links":{"self":[{"href":"https:\/\/verdadeon.com.br\/portal\/wp-json\/wp\/v2\/posts\/10544","targetHints":{"allow":["GET"]}}],"collection":[{"href":"https:\/\/verdadeon.com.br\/portal\/wp-json\/wp\/v2\/posts"}],"about":[{"href":"https:\/\/verdadeon.com.br\/portal\/wp-json\/wp\/v2\/types\/post"}],"author":[{"embeddable":true,"href":"https:\/\/verdadeon.com.br\/portal\/wp-json\/wp\/v2\/users\/10"}],"replies":[{"embeddable":true,"href":"https:\/\/verdadeon.com.br\/portal\/wp-json\/wp\/v2\/comments?post=10544"}],"version-history":[{"count":0,"href":"https:\/\/verdadeon.com.br\/portal\/wp-json\/wp\/v2\/posts\/10544\/revisions"}],"wp:featuredmedia":[{"embeddable":true,"href":"https:\/\/verdadeon.com.br\/portal\/wp-json\/wp\/v2\/media\/10553"}],"wp:attachment":[{"href":"https:\/\/verdadeon.com.br\/portal\/wp-json\/wp\/v2\/media?parent=10544"}],"wp:term":[{"taxonomy":"category","embeddable":true,"href":"https:\/\/verdadeon.com.br\/portal\/wp-json\/wp\/v2\/categories?post=10544"},{"taxonomy":"post_tag","embeddable":true,"href":"https:\/\/verdadeon.com.br\/portal\/wp-json\/wp\/v2\/tags?post=10544"}],"curies":[{"name":"wp","href":"https:\/\/api.w.org\/{rel}","templated":true}]}}