{"id":10541,"date":"2020-09-21T13:57:39","date_gmt":"2020-09-21T16:57:39","guid":{"rendered":"http:\/\/verdadeon.com.br\/portal\/?p=10541"},"modified":"2020-09-21T15:33:08","modified_gmt":"2020-09-21T18:33:08","slug":"covid-19-maioria-dos-estados-segue-sem-aulas-presenciais","status":"publish","type":"post","link":"https:\/\/verdadeon.com.br\/portal\/2020\/09\/21\/covid-19-maioria-dos-estados-segue-sem-aulas-presenciais\/","title":{"rendered":"Covid-19: maioria dos estados segue sem aulas presenciais"},"content":{"rendered":"<div class=\"col-lg-12 mb-3\">\n<div class=\"row\">\n<h3 class=\"col-10 offset-1 animated fadeInDown dealy-900 display-8 display-md-8 alt-font font-italic my-1 text-center\">Veja a evolu\u00e7\u00e3o da retomada em todos os estados brasileiros<\/h3>\n<\/div>\n<p>Jonas Valente, Ludmilla Souza e Akemi Nitahara &#8211; Rep\u00f3rteres da Ag\u00eancia Brasil &#8211; Bras\u00edlia<br \/>\nAtualizado em 21\/09\/2020 &#8211; 10:21<\/p>\n<\/div>\n<div class=\"col-xl-7 offset-xl-1 col-lg-8 offset-lg-0 col-md-10 offset-md-1 mb-3\">\n<div class=\"post-item alt-font\">\n<div class=\"post-item-wrap\">\n<p>Com um ind\u00edcio de\u00a0<a href=\"https:\/\/agenciabrasil.ebc.com.br\/saude\/noticia\/2020-09\/covid-19-em-uma-semana-casos-caem-30-e-mortes13\" target=\"_blank\" rel=\"noopener noreferrer\">queda nas curvas<\/a>\u00a0de mortes e casos por covid-19, um dos principais temas nos processos de reabertura econ\u00f4mica e flexibiliza\u00e7\u00e3o do isolamento nos estados tem sido a situa\u00e7\u00e3o das aulas nas redes de ensino. At\u00e9 o momento, a maioria dos estados segue sem aulas presenciais.<img data-recalc-dims=\"1\" decoding=\"async\" src=\"https:\/\/i0.wp.com\/agenciabrasil.ebc.com.br\/ebc.png?w=1220&#038;ssl=1\" \/><img data-recalc-dims=\"1\" decoding=\"async\" src=\"https:\/\/i0.wp.com\/agenciabrasil.ebc.com.br\/ebc.gif?w=1220&#038;ssl=1\" \/><\/p>\n<p>As atividades pedag\u00f3gicas presenciais recome\u00e7aram primeiramente no estado do Amazonas, em agosto. L\u00e1, a\u00a0preocupa\u00e7\u00e3o agora \u00e9 com o monitoramento dos profissionais de educa\u00e7\u00e3o e alunos, que vem ensejando uma disputa judicial entre professores e o governo estadual. A contenda tamb\u00e9m ocorre no Rio<span id=\"OBJ_PREFIX_DWT4313_com_zimbra_date\" role=\"link\">\u00a0de Janeiro<\/span>, em rela\u00e7\u00e3o \u00e0s aulas na rede privada.<\/p>\n<p>No Rio Grande do Sul o calend\u00e1rio iniciou-se em setembro pela educa\u00e7\u00e3o infantil,\u00a0com previs\u00e3o de t\u00e9rmino para novembro. No Par\u00e1, o governo autorizou aulas presenciais nas regi\u00f5es classificadas nas bandeiras Amarela, Verde e Azul.<\/p>\n<p>Rond\u00f4nia adiou o in\u00edcio das aulas at\u00e9 o dia\u00a0<span id=\"OBJ_PREFIX_DWT4314_com_zimbra_date\" role=\"link\"><span id=\"OBJ_PREFIX_DWT4318_com_zimbra_date\" role=\"link\">3 de novembro<\/span><\/span>. O Rio Grande do Norte suspendeu as aulas at\u00e9 o fim do ano. Em outros estados n\u00e3o h\u00e1 defini\u00e7\u00e3o de data de retorno. Est\u00e3o neste grupo Distrito Federal, Goi\u00e1s, Pernambuco, Cear\u00e1, Alagoas, Maranh\u00e3o, Bahia, Paran\u00e1, Mato Grosso, Acre e Roraima.<\/p>\n<p>Contudo, em alguns estados foi decretado o retorno das atividades pedag\u00f3gicas remotas. O governo de Mato Grosso havia determinado a volta nessa modalidade para a educa\u00e7\u00e3o b\u00e1sica no in\u00edcio<span id=\"OBJ_PREFIX_DWT4315_com_zimbra_date\" role=\"link\">\u00a0de agosto<\/span>, mesma situa\u00e7\u00e3o do Amap\u00e1. No estado, as aulas em casa foram permitidas tamb\u00e9m para os alunos da Universidade Estadual (Ueap).<\/p>\n<p>No Tocantins, o ensino remoto foi definido para os alunos do ensino fundamental da rede estadual no dia\u00a0<span id=\"OBJ_PREFIX_DWT4316_com_zimbra_date\" role=\"link\"><span id=\"OBJ_PREFIX_DWT4319_com_zimbra_date\" role=\"link\">10 de setembro<\/span><\/span>. Em Alagoas, a retomada por meio de aulas remotas ocorreu no dia\u00a0<span id=\"OBJ_PREFIX_DWT4317_com_zimbra_date\" role=\"link\"><span id=\"OBJ_PREFIX_DWT4320_com_zimbra_date\" role=\"link\">17 de setembro<\/span><\/span>. Em Minas Gerais, foi autorizado o retorno das aulas pr\u00e1ticas dos cursos de sa\u00fade apenas, que passaram a ser consideradas servi\u00e7o essencial.<\/p>\n<p>No Rio de Janeiro, a volta \u00e0s aulas na rede particular est\u00e1 em disputa judicial, enquanto a regi\u00e3o metropolitana teve piora nos indicadores de risco para covid-19 e pode retroceder na classifica\u00e7\u00e3o.<\/p>\n<p><strong>Veja abaixo o levantamento completo:<\/strong><br \/>\n<em>(Clique nos estados para ver o conte\u00fado)<\/em><\/p>\n<h2><strong>Regi\u00e3o Norte<\/strong><\/h2>\n<div id=\"accordion\" class=\"panel-group\">\n<div class=\"panel panel-default\">\n<div class=\"panel-heading\">\n<h4 class=\"panel-title\"><a href=\"https:\/\/agenciabrasil.ebc.com.br\/economia\/noticia\/2020-09\/covid-maioria-dos-estados-segue-sem-aulas-presenciais#collapse1\" data-parent=\"#accordion\" data-toggle=\"collapse\">Acre<\/a><\/h4>\n<\/div>\n<\/div>\n<div class=\"panel panel-default\">\n<div class=\"panel-heading\">\n<h4 class=\"panel-title\"><a href=\"https:\/\/agenciabrasil.ebc.com.br\/economia\/noticia\/2020-09\/covid-maioria-dos-estados-segue-sem-aulas-presenciais#collapse2\" data-parent=\"#accordion\" data-toggle=\"collapse\">Amazonas<\/a><\/h4>\n<\/div>\n<\/div>\n<div class=\"panel panel-default\">\n<div class=\"panel-heading\">\n<h4 class=\"panel-title\"><a href=\"https:\/\/agenciabrasil.ebc.com.br\/economia\/noticia\/2020-09\/covid-maioria-dos-estados-segue-sem-aulas-presenciais#collapse3\" data-parent=\"#accordion\" data-toggle=\"collapse\">Amap\u00e1<\/a><\/h4>\n<\/div>\n<\/div>\n<div class=\"panel panel-default\">\n<div class=\"panel-heading\">\n<h4 class=\"panel-title\"><a href=\"https:\/\/agenciabrasil.ebc.com.br\/economia\/noticia\/2020-09\/covid-maioria-dos-estados-segue-sem-aulas-presenciais#collapse4\" data-parent=\"#accordion\" data-toggle=\"collapse\">Par\u00e1<\/a><\/h4>\n<\/div>\n<\/div>\n<div class=\"panel panel-default\">\n<div class=\"panel-heading\">\n<h4 class=\"panel-title\"><a href=\"https:\/\/agenciabrasil.ebc.com.br\/economia\/noticia\/2020-09\/covid-maioria-dos-estados-segue-sem-aulas-presenciais#collapse5\" data-parent=\"#accordion\" data-toggle=\"collapse\">Rond\u00f4nia<\/a><\/h4>\n<\/div>\n<\/div>\n<div class=\"panel panel-default\">\n<div class=\"panel-heading\">\n<h4 class=\"panel-title\"><a href=\"https:\/\/agenciabrasil.ebc.com.br\/economia\/noticia\/2020-09\/covid-maioria-dos-estados-segue-sem-aulas-presenciais#collapse6\" data-parent=\"#accordion\" data-toggle=\"collapse\">Roraima<\/a><\/h4>\n<\/div>\n<\/div>\n<div class=\"panel panel-default\">\n<div class=\"panel-heading\">\n<h4 class=\"panel-title\"><a href=\"https:\/\/agenciabrasil.ebc.com.br\/economia\/noticia\/2020-09\/covid-maioria-dos-estados-segue-sem-aulas-presenciais#collapse7\" data-parent=\"#accordion\" data-toggle=\"collapse\">Tocantins<\/a><\/h4>\n<\/div>\n<\/div>\n<h2><strong>Regi\u00e3o Nordeste<\/strong><\/h2>\n<div class=\"panel panel-default\">\n<div class=\"panel-heading\">\n<h4 class=\"panel-title\"><a href=\"https:\/\/agenciabrasil.ebc.com.br\/economia\/noticia\/2020-09\/covid-maioria-dos-estados-segue-sem-aulas-presenciais#collapse31\" data-parent=\"#accordion\" data-toggle=\"collapse\">Alagoas<\/a><\/h4>\n<\/div>\n<\/div>\n<div class=\"panel panel-default\">\n<div class=\"panel-heading\">\n<h4 class=\"panel-title\"><a href=\"https:\/\/agenciabrasil.ebc.com.br\/economia\/noticia\/2020-09\/covid-maioria-dos-estados-segue-sem-aulas-presenciais#collapse12\" data-parent=\"#accordion\" data-toggle=\"collapse\">Bahia<\/a><\/h4>\n<\/div>\n<\/div>\n<div class=\"panel panel-default\">\n<div class=\"panel-heading\">\n<h4 class=\"panel-title\"><a href=\"https:\/\/agenciabrasil.ebc.com.br\/economia\/noticia\/2020-09\/covid-maioria-dos-estados-segue-sem-aulas-presenciais#collapse16\" data-parent=\"#accordion\" data-toggle=\"collapse\">Cear\u00e1<\/a><\/h4>\n<\/div>\n<\/div>\n<div class=\"panel panel-default\">\n<div class=\"panel-heading\">\n<h4 class=\"panel-title\"><a href=\"https:\/\/agenciabrasil.ebc.com.br\/economia\/noticia\/2020-09\/covid-maioria-dos-estados-segue-sem-aulas-presenciais#collapse13\" data-parent=\"#accordion\" data-toggle=\"collapse\">Maranh\u00e3o<\/a><\/h4>\n<\/div>\n<\/div>\n<div class=\"panel panel-default\">\n<div class=\"panel-heading\">\n<h4 class=\"panel-title\"><a href=\"https:\/\/agenciabrasil.ebc.com.br\/economia\/noticia\/2020-09\/covid-maioria-dos-estados-segue-sem-aulas-presenciais#collapse17\" data-parent=\"#accordion\" data-toggle=\"collapse\">Para\u00edba<\/a><\/h4>\n<\/div>\n<\/div>\n<div class=\"panel panel-default\">\n<div class=\"panel-heading\">\n<h4 class=\"panel-title\"><a href=\"https:\/\/agenciabrasil.ebc.com.br\/economia\/noticia\/2020-09\/covid-maioria-dos-estados-segue-sem-aulas-presenciais#collapse19\" data-parent=\"#accordion\" data-toggle=\"collapse\">Pernambuco<\/a><\/h4>\n<\/div>\n<\/div>\n<div class=\"panel panel-default\">\n<div class=\"panel-heading\">\n<h4 class=\"panel-title\"><a href=\"https:\/\/agenciabrasil.ebc.com.br\/economia\/noticia\/2020-09\/covid-maioria-dos-estados-segue-sem-aulas-presenciais#collapse32\" data-parent=\"#accordion\" data-toggle=\"collapse\">Piau\u00ed<\/a><\/h4>\n<\/div>\n<\/div>\n<div class=\"panel panel-default\">\n<div class=\"panel-heading\">\n<h4 class=\"panel-title\"><a href=\"https:\/\/agenciabrasil.ebc.com.br\/economia\/noticia\/2020-09\/covid-maioria-dos-estados-segue-sem-aulas-presenciais#collapse15\" data-parent=\"#accordion\" data-toggle=\"collapse\">Rio Grande do Norte<\/a><\/h4>\n<\/div>\n<\/div>\n<div class=\"panel panel-default\">\n<div class=\"panel-heading\">\n<h4 class=\"panel-title\"><a href=\"https:\/\/agenciabrasil.ebc.com.br\/economia\/noticia\/2020-09\/covid-maioria-dos-estados-segue-sem-aulas-presenciais#collapse20\" data-parent=\"#accordion\" data-toggle=\"collapse\">Sergipe<\/a><\/h4>\n<\/div>\n<\/div>\n<h2><strong>Regi\u00e3o Centro-Oeste<\/strong><\/h2>\n<div class=\"panel panel-default\">\n<div class=\"panel-heading\">\n<h4 class=\"panel-title\"><a href=\"https:\/\/agenciabrasil.ebc.com.br\/economia\/noticia\/2020-09\/covid-maioria-dos-estados-segue-sem-aulas-presenciais#collapse8\" data-parent=\"#accordion\" data-toggle=\"collapse\">Distrito Federal<\/a><\/h4>\n<\/div>\n<\/div>\n<div class=\"panel panel-default\">\n<div class=\"panel-heading\">\n<h4 class=\"panel-title\"><a href=\"https:\/\/agenciabrasil.ebc.com.br\/economia\/noticia\/2020-09\/covid-maioria-dos-estados-segue-sem-aulas-presenciais#collapse9\" data-parent=\"#accordion\" data-toggle=\"collapse\">Goi\u00e1s<\/a><\/h4>\n<\/div>\n<\/div>\n<div class=\"panel panel-default\">\n<div class=\"panel-heading\">\n<h4 class=\"panel-title\"><a href=\"https:\/\/agenciabrasil.ebc.com.br\/economia\/noticia\/2020-09\/covid-maioria-dos-estados-segue-sem-aulas-presenciais#collapse10\" data-parent=\"#accordion\" data-toggle=\"collapse\">Mato Grosso<\/a><\/h4>\n<\/div>\n<\/div>\n<div class=\"panel panel-default\">\n<div class=\"panel-heading\">\n<h4 class=\"panel-title\"><a href=\"https:\/\/agenciabrasil.ebc.com.br\/economia\/noticia\/2020-09\/covid-maioria-dos-estados-segue-sem-aulas-presenciais#collapse11\" data-parent=\"#accordion\" data-toggle=\"collapse\">Mato Grosso do Sul<\/a><\/h4>\n<\/div>\n<\/div>\n<h2><strong>Regi\u00e3o Sudeste<\/strong><\/h2>\n<div class=\"panel panel-default\">\n<div class=\"panel-heading\">\n<h4 class=\"panel-title\"><a href=\"https:\/\/agenciabrasil.ebc.com.br\/economia\/noticia\/2020-09\/covid-maioria-dos-estados-segue-sem-aulas-presenciais#collapse22\" data-parent=\"#accordion\" data-toggle=\"collapse\">Minas Gerais<\/a><\/h4>\n<\/div>\n<\/div>\n<div class=\"panel panel-default\">\n<div class=\"panel-heading\">\n<h4 class=\"panel-title\"><a href=\"https:\/\/agenciabrasil.ebc.com.br\/economia\/noticia\/2020-09\/covid-maioria-dos-estados-segue-sem-aulas-presenciais#collapse24\" data-parent=\"#accordion\" data-toggle=\"collapse\">Rio de Janeiro<\/a><\/h4>\n<\/div>\n<\/div>\n<h2><strong>Regi\u00e3o Sul<\/strong><\/h2>\n<div class=\"panel panel-default\">\n<div class=\"panel-heading\">\n<h4 class=\"panel-title\"><a href=\"https:\/\/agenciabrasil.ebc.com.br\/economia\/noticia\/2020-09\/covid-maioria-dos-estados-segue-sem-aulas-presenciais#collapse25\" data-parent=\"#accordion\" data-toggle=\"collapse\">Paran\u00e1<\/a><\/h4>\n<\/div>\n<\/div>\n<div class=\"panel panel-default\">\n<div class=\"panel-heading\">\n<h4 class=\"panel-title\"><a href=\"https:\/\/agenciabrasil.ebc.com.br\/economia\/noticia\/2020-09\/covid-maioria-dos-estados-segue-sem-aulas-presenciais#collapse26\" data-parent=\"#accordion\" data-toggle=\"collapse\">Rio Grande do Sul<\/a><\/h4>\n<\/div>\n<\/div>\n<div class=\"panel panel-default\">\n<div class=\"panel-heading\">\n<h4 class=\"panel-title\"><a href=\"https:\/\/agenciabrasil.ebc.com.br\/economia\/noticia\/2020-09\/covid-maioria-dos-estados-segue-sem-aulas-presenciais#collapse27\" data-parent=\"#accordion\" data-toggle=\"collapse\">Santa Catarina<\/a><\/h4>\n<\/div>\n<\/div>\n<\/div>\n<\/div>\n<\/div>\n<\/div>\n","protected":false},"excerpt":{"rendered":"<p>Veja a evolu\u00e7\u00e3o da retomada em todos os estados brasileiros Jonas Valente, Ludmilla Souza e Akemi Nitahara &#8211; Rep\u00f3rteres da Ag\u00eancia Brasil &#8211; Bras\u00edlia Atualizado em<span class=\"excerpt-hellip\"> [\u2026]<\/span><\/p>\n","protected":false},"author":10,"featured_media":10547,"comment_status":"open","ping_status":"open","sticky":false,"template":"","format":"standard","meta":{"_jetpack_memberships_contains_paid_content":false,"footnotes":"","jetpack_publicize_message":"","jetpack_publicize_feature_enabled":true,"jetpack_social_post_already_shared":false,"jetpack_social_options":{"image_generator_settings":{"template":"highway","default_image_id":0,"enabled":false},"version":2}},"categories":[53,44],"tags":[],"class_list":["post-10541","post","type-post","status-publish","format-standard","has-post-thumbnail","hentry","category-brasil","category-noticias"],"yoast_head":"<!-- This site is optimized with the Yoast SEO plugin v25.6 - https:\/\/yoast.com\/wordpress\/plugins\/seo\/ -->\n<title>Covid-19: maioria dos estados segue sem aulas presenciais - VerdadeOn<\/title>\n<meta name=\"robots\" content=\"index, follow, max-snippet:-1, max-image-preview:large, max-video-preview:-1\" \/>\n<link rel=\"canonical\" href=\"https:\/\/verdadeon.com.br\/portal\/2020\/09\/21\/covid-19-maioria-dos-estados-segue-sem-aulas-presenciais\/\" \/>\n<meta property=\"og:locale\" content=\"pt_BR\" \/>\n<meta property=\"og:type\" content=\"article\" \/>\n<meta property=\"og:title\" content=\"Covid-19: maioria dos estados segue sem aulas presenciais - VerdadeOn\" \/>\n<meta property=\"og:description\" content=\"Veja a evolu\u00e7\u00e3o da retomada em todos os estados brasileiros Jonas Valente, Ludmilla Souza e Akemi Nitahara &#8211; Rep\u00f3rteres da Ag\u00eancia Brasil &#8211; Bras\u00edlia Atualizado em [\u2026]\" \/>\n<meta property=\"og:url\" content=\"https:\/\/verdadeon.com.br\/portal\/2020\/09\/21\/covid-19-maioria-dos-estados-segue-sem-aulas-presenciais\/\" \/>\n<meta property=\"og:site_name\" content=\"VerdadeOn\" \/>\n<meta property=\"article:published_time\" content=\"2020-09-21T16:57:39+00:00\" \/>\n<meta property=\"article:modified_time\" content=\"2020-09-21T18:33:08+00:00\" \/>\n<meta property=\"og:image\" content=\"https:\/\/verdadeon.com.br\/portal\/wp-content\/uploads\/2020\/09\/2020-03-13t145129z_1265676104_rc22jf9wi6m7_rtrmadp_3_health-coronavirus-brazil.jpg\" \/>\n\t<meta property=\"og:image:width\" content=\"1000\" \/>\n\t<meta property=\"og:image:height\" content=\"670\" \/>\n\t<meta property=\"og:image:type\" content=\"image\/jpeg\" \/>\n<meta name=\"author\" content=\"Redacao VerdadeOn\" \/>\n<meta name=\"twitter:card\" content=\"summary_large_image\" \/>\n<meta name=\"twitter:label1\" content=\"Escrito por\" \/>\n\t<meta name=\"twitter:data1\" content=\"Redacao VerdadeOn\" \/>\n\t<meta name=\"twitter:label2\" content=\"Est. tempo de leitura\" \/>\n\t<meta name=\"twitter:data2\" content=\"2 minutos\" \/>\n<script type=\"application\/ld+json\" class=\"yoast-schema-graph\">{\"@context\":\"https:\/\/schema.org\",\"@graph\":[{\"@type\":\"WebPage\",\"@id\":\"https:\/\/verdadeon.com.br\/portal\/2020\/09\/21\/covid-19-maioria-dos-estados-segue-sem-aulas-presenciais\/\",\"url\":\"https:\/\/verdadeon.com.br\/portal\/2020\/09\/21\/covid-19-maioria-dos-estados-segue-sem-aulas-presenciais\/\",\"name\":\"Covid-19: maioria dos estados segue sem aulas presenciais - VerdadeOn\",\"isPartOf\":{\"@id\":\"https:\/\/verdadeon.com.br\/portal\/#website\"},\"primaryImageOfPage\":{\"@id\":\"https:\/\/verdadeon.com.br\/portal\/2020\/09\/21\/covid-19-maioria-dos-estados-segue-sem-aulas-presenciais\/#primaryimage\"},\"image\":{\"@id\":\"https:\/\/verdadeon.com.br\/portal\/2020\/09\/21\/covid-19-maioria-dos-estados-segue-sem-aulas-presenciais\/#primaryimage\"},\"thumbnailUrl\":\"https:\/\/i0.wp.com\/verdadeon.com.br\/portal\/wp-content\/uploads\/2020\/09\/2020-03-13t145129z_1265676104_rc22jf9wi6m7_rtrmadp_3_health-coronavirus-brazil.jpg?fit=1000%2C670&ssl=1\",\"datePublished\":\"2020-09-21T16:57:39+00:00\",\"dateModified\":\"2020-09-21T18:33:08+00:00\",\"author\":{\"@id\":\"https:\/\/verdadeon.com.br\/portal\/#\/schema\/person\/a5060ad1e9ea3df545188fc93ce43d2f\"},\"breadcrumb\":{\"@id\":\"https:\/\/verdadeon.com.br\/portal\/2020\/09\/21\/covid-19-maioria-dos-estados-segue-sem-aulas-presenciais\/#breadcrumb\"},\"inLanguage\":\"pt-BR\",\"potentialAction\":[{\"@type\":\"ReadAction\",\"target\":[\"https:\/\/verdadeon.com.br\/portal\/2020\/09\/21\/covid-19-maioria-dos-estados-segue-sem-aulas-presenciais\/\"]}]},{\"@type\":\"ImageObject\",\"inLanguage\":\"pt-BR\",\"@id\":\"https:\/\/verdadeon.com.br\/portal\/2020\/09\/21\/covid-19-maioria-dos-estados-segue-sem-aulas-presenciais\/#primaryimage\",\"url\":\"https:\/\/i0.wp.com\/verdadeon.com.br\/portal\/wp-content\/uploads\/2020\/09\/2020-03-13t145129z_1265676104_rc22jf9wi6m7_rtrmadp_3_health-coronavirus-brazil.jpg?fit=1000%2C670&ssl=1\",\"contentUrl\":\"https:\/\/i0.wp.com\/verdadeon.com.br\/portal\/wp-content\/uploads\/2020\/09\/2020-03-13t145129z_1265676104_rc22jf9wi6m7_rtrmadp_3_health-coronavirus-brazil.jpg?fit=1000%2C670&ssl=1\",\"width\":1000,\"height\":670},{\"@type\":\"BreadcrumbList\",\"@id\":\"https:\/\/verdadeon.com.br\/portal\/2020\/09\/21\/covid-19-maioria-dos-estados-segue-sem-aulas-presenciais\/#breadcrumb\",\"itemListElement\":[{\"@type\":\"ListItem\",\"position\":1,\"name\":\"In\u00edcio\",\"item\":\"https:\/\/verdadeon.com.br\/portal\/\"},{\"@type\":\"ListItem\",\"position\":2,\"name\":\"Covid-19: maioria dos estados segue sem aulas presenciais\"}]},{\"@type\":\"WebSite\",\"@id\":\"https:\/\/verdadeon.com.br\/portal\/#website\",\"url\":\"https:\/\/verdadeon.com.br\/portal\/\",\"name\":\"VerdadeOn\",\"description\":\"Not\u00edcias di\u00e1rias sobre Franca, Regi\u00e3o, Esporte, Cultura, Cotidiano, Colunas. Cobertura nos principais eventos da cidade \u00e9 aqui - Verdadeon Franca\",\"potentialAction\":[{\"@type\":\"SearchAction\",\"target\":{\"@type\":\"EntryPoint\",\"urlTemplate\":\"https:\/\/verdadeon.com.br\/portal\/?s={search_term_string}\"},\"query-input\":{\"@type\":\"PropertyValueSpecification\",\"valueRequired\":true,\"valueName\":\"search_term_string\"}}],\"inLanguage\":\"pt-BR\"},{\"@type\":\"Person\",\"@id\":\"https:\/\/verdadeon.com.br\/portal\/#\/schema\/person\/a5060ad1e9ea3df545188fc93ce43d2f\",\"name\":\"Redacao VerdadeOn\",\"image\":{\"@type\":\"ImageObject\",\"inLanguage\":\"pt-BR\",\"@id\":\"https:\/\/verdadeon.com.br\/portal\/#\/schema\/person\/image\/\",\"url\":\"https:\/\/secure.gravatar.com\/avatar\/459a9613caaaf07f582c3d0841eea68bdd66f533e465e6ba8b9cb45619572cf4?s=96&d=mm&r=g\",\"contentUrl\":\"https:\/\/secure.gravatar.com\/avatar\/459a9613caaaf07f582c3d0841eea68bdd66f533e465e6ba8b9cb45619572cf4?s=96&d=mm&r=g\",\"caption\":\"Redacao VerdadeOn\"},\"url\":\"https:\/\/verdadeon.com.br\/portal\/author\/redacao\/\"}]}<\/script>\n<!-- \/ Yoast SEO plugin. -->","yoast_head_json":{"title":"Covid-19: maioria dos estados segue sem aulas presenciais - VerdadeOn","robots":{"index":"index","follow":"follow","max-snippet":"max-snippet:-1","max-image-preview":"max-image-preview:large","max-video-preview":"max-video-preview:-1"},"canonical":"https:\/\/verdadeon.com.br\/portal\/2020\/09\/21\/covid-19-maioria-dos-estados-segue-sem-aulas-presenciais\/","og_locale":"pt_BR","og_type":"article","og_title":"Covid-19: maioria dos estados segue sem aulas presenciais - VerdadeOn","og_description":"Veja a evolu\u00e7\u00e3o da retomada em todos os estados brasileiros Jonas Valente, Ludmilla Souza e Akemi Nitahara &#8211; Rep\u00f3rteres da Ag\u00eancia Brasil &#8211; Bras\u00edlia Atualizado em [\u2026]","og_url":"https:\/\/verdadeon.com.br\/portal\/2020\/09\/21\/covid-19-maioria-dos-estados-segue-sem-aulas-presenciais\/","og_site_name":"VerdadeOn","article_published_time":"2020-09-21T16:57:39+00:00","article_modified_time":"2020-09-21T18:33:08+00:00","og_image":[{"width":1000,"height":670,"url":"https:\/\/verdadeon.com.br\/portal\/wp-content\/uploads\/2020\/09\/2020-03-13t145129z_1265676104_rc22jf9wi6m7_rtrmadp_3_health-coronavirus-brazil.jpg","type":"image\/jpeg"}],"author":"Redacao VerdadeOn","twitter_card":"summary_large_image","twitter_misc":{"Escrito por":"Redacao VerdadeOn","Est. tempo de leitura":"2 minutos"},"schema":{"@context":"https:\/\/schema.org","@graph":[{"@type":"WebPage","@id":"https:\/\/verdadeon.com.br\/portal\/2020\/09\/21\/covid-19-maioria-dos-estados-segue-sem-aulas-presenciais\/","url":"https:\/\/verdadeon.com.br\/portal\/2020\/09\/21\/covid-19-maioria-dos-estados-segue-sem-aulas-presenciais\/","name":"Covid-19: maioria dos estados segue sem aulas presenciais - VerdadeOn","isPartOf":{"@id":"https:\/\/verdadeon.com.br\/portal\/#website"},"primaryImageOfPage":{"@id":"https:\/\/verdadeon.com.br\/portal\/2020\/09\/21\/covid-19-maioria-dos-estados-segue-sem-aulas-presenciais\/#primaryimage"},"image":{"@id":"https:\/\/verdadeon.com.br\/portal\/2020\/09\/21\/covid-19-maioria-dos-estados-segue-sem-aulas-presenciais\/#primaryimage"},"thumbnailUrl":"https:\/\/i0.wp.com\/verdadeon.com.br\/portal\/wp-content\/uploads\/2020\/09\/2020-03-13t145129z_1265676104_rc22jf9wi6m7_rtrmadp_3_health-coronavirus-brazil.jpg?fit=1000%2C670&ssl=1","datePublished":"2020-09-21T16:57:39+00:00","dateModified":"2020-09-21T18:33:08+00:00","author":{"@id":"https:\/\/verdadeon.com.br\/portal\/#\/schema\/person\/a5060ad1e9ea3df545188fc93ce43d2f"},"breadcrumb":{"@id":"https:\/\/verdadeon.com.br\/portal\/2020\/09\/21\/covid-19-maioria-dos-estados-segue-sem-aulas-presenciais\/#breadcrumb"},"inLanguage":"pt-BR","potentialAction":[{"@type":"ReadAction","target":["https:\/\/verdadeon.com.br\/portal\/2020\/09\/21\/covid-19-maioria-dos-estados-segue-sem-aulas-presenciais\/"]}]},{"@type":"ImageObject","inLanguage":"pt-BR","@id":"https:\/\/verdadeon.com.br\/portal\/2020\/09\/21\/covid-19-maioria-dos-estados-segue-sem-aulas-presenciais\/#primaryimage","url":"https:\/\/i0.wp.com\/verdadeon.com.br\/portal\/wp-content\/uploads\/2020\/09\/2020-03-13t145129z_1265676104_rc22jf9wi6m7_rtrmadp_3_health-coronavirus-brazil.jpg?fit=1000%2C670&ssl=1","contentUrl":"https:\/\/i0.wp.com\/verdadeon.com.br\/portal\/wp-content\/uploads\/2020\/09\/2020-03-13t145129z_1265676104_rc22jf9wi6m7_rtrmadp_3_health-coronavirus-brazil.jpg?fit=1000%2C670&ssl=1","width":1000,"height":670},{"@type":"BreadcrumbList","@id":"https:\/\/verdadeon.com.br\/portal\/2020\/09\/21\/covid-19-maioria-dos-estados-segue-sem-aulas-presenciais\/#breadcrumb","itemListElement":[{"@type":"ListItem","position":1,"name":"In\u00edcio","item":"https:\/\/verdadeon.com.br\/portal\/"},{"@type":"ListItem","position":2,"name":"Covid-19: maioria dos estados segue sem aulas presenciais"}]},{"@type":"WebSite","@id":"https:\/\/verdadeon.com.br\/portal\/#website","url":"https:\/\/verdadeon.com.br\/portal\/","name":"VerdadeOn","description":"Not\u00edcias di\u00e1rias sobre Franca, Regi\u00e3o, Esporte, Cultura, Cotidiano, Colunas. Cobertura nos principais eventos da cidade \u00e9 aqui - Verdadeon Franca","potentialAction":[{"@type":"SearchAction","target":{"@type":"EntryPoint","urlTemplate":"https:\/\/verdadeon.com.br\/portal\/?s={search_term_string}"},"query-input":{"@type":"PropertyValueSpecification","valueRequired":true,"valueName":"search_term_string"}}],"inLanguage":"pt-BR"},{"@type":"Person","@id":"https:\/\/verdadeon.com.br\/portal\/#\/schema\/person\/a5060ad1e9ea3df545188fc93ce43d2f","name":"Redacao VerdadeOn","image":{"@type":"ImageObject","inLanguage":"pt-BR","@id":"https:\/\/verdadeon.com.br\/portal\/#\/schema\/person\/image\/","url":"https:\/\/secure.gravatar.com\/avatar\/459a9613caaaf07f582c3d0841eea68bdd66f533e465e6ba8b9cb45619572cf4?s=96&d=mm&r=g","contentUrl":"https:\/\/secure.gravatar.com\/avatar\/459a9613caaaf07f582c3d0841eea68bdd66f533e465e6ba8b9cb45619572cf4?s=96&d=mm&r=g","caption":"Redacao VerdadeOn"},"url":"https:\/\/verdadeon.com.br\/portal\/author\/redacao\/"}]}},"jetpack_publicize_connections":[],"jetpack_featured_media_url":"https:\/\/i0.wp.com\/verdadeon.com.br\/portal\/wp-content\/uploads\/2020\/09\/2020-03-13t145129z_1265676104_rc22jf9wi6m7_rtrmadp_3_health-coronavirus-brazil.jpg?fit=1000%2C670&ssl=1","jetpack_sharing_enabled":true,"_links":{"self":[{"href":"https:\/\/verdadeon.com.br\/portal\/wp-json\/wp\/v2\/posts\/10541","targetHints":{"allow":["GET"]}}],"collection":[{"href":"https:\/\/verdadeon.com.br\/portal\/wp-json\/wp\/v2\/posts"}],"about":[{"href":"https:\/\/verdadeon.com.br\/portal\/wp-json\/wp\/v2\/types\/post"}],"author":[{"embeddable":true,"href":"https:\/\/verdadeon.com.br\/portal\/wp-json\/wp\/v2\/users\/10"}],"replies":[{"embeddable":true,"href":"https:\/\/verdadeon.com.br\/portal\/wp-json\/wp\/v2\/comments?post=10541"}],"version-history":[{"count":0,"href":"https:\/\/verdadeon.com.br\/portal\/wp-json\/wp\/v2\/posts\/10541\/revisions"}],"wp:featuredmedia":[{"embeddable":true,"href":"https:\/\/verdadeon.com.br\/portal\/wp-json\/wp\/v2\/media\/10547"}],"wp:attachment":[{"href":"https:\/\/verdadeon.com.br\/portal\/wp-json\/wp\/v2\/media?parent=10541"}],"wp:term":[{"taxonomy":"category","embeddable":true,"href":"https:\/\/verdadeon.com.br\/portal\/wp-json\/wp\/v2\/categories?post=10541"},{"taxonomy":"post_tag","embeddable":true,"href":"https:\/\/verdadeon.com.br\/portal\/wp-json\/wp\/v2\/tags?post=10541"}],"curies":[{"name":"wp","href":"https:\/\/api.w.org\/{rel}","templated":true}]}}