{"id":10540,"date":"2020-09-21T13:56:37","date_gmt":"2020-09-21T16:56:37","guid":{"rendered":"http:\/\/verdadeon.com.br\/portal\/?p=10540"},"modified":"2020-09-21T13:56:37","modified_gmt":"2020-09-21T16:56:37","slug":"governo-lanca-cartilha-para-criancas-com-autismo","status":"publish","type":"post","link":"https:\/\/verdadeon.com.br\/portal\/2020\/09\/21\/governo-lanca-cartilha-para-criancas-com-autismo\/","title":{"rendered":"Governo lan\u00e7a cartilha para crian\u00e7as com autismo"},"content":{"rendered":"<div class=\"col-lg-12 mb-3\">\n<div class=\"row\">\n<h3 class=\"col-10 offset-1 animated fadeInDown dealy-900 display-8 display-md-8 alt-font font-italic my-1 text-center\">Mais de 45 milh\u00f5es de brasileiros t\u00eam algum tipo de defici\u00eancia<\/h3>\n<\/div>\n<p>Andreia Verd\u00e9lio \u2013 Rep\u00f3rter da Ag\u00eancia Brasil &#8211; Bras\u00edlia<\/p><\/div>\n<div class=\"col-xl-7 offset-xl-1 col-lg-8 offset-lg-0 col-md-10 offset-md-1 mb-3\">\n<div class=\"post-item alt-font\">\n<div class=\"post-item-wrap\">\n<p>O governo federal lan\u00e7ou hoje (21) uma cartilha de brincadeiras para crian\u00e7as com transtornos do espectro autista (TEA), para marcar o Dia Nacional de Luta da Pessoa com Defici\u00eancia, celebrado nesta segunda-feira (21). O documento, elaborado por terapeutas educacionais especializados em integra\u00e7\u00e3o sensorial, traz orienta\u00e7\u00f5es de atividades a serem desenvolvidas em casa e visa auxiliar as fam\u00edlias nesse per\u00edodo de afastamento social.<img data-recalc-dims=\"1\" decoding=\"async\" src=\"https:\/\/i0.wp.com\/agenciabrasil.ebc.com.br\/ebc.png?w=1220&#038;ssl=1\" \/><img data-recalc-dims=\"1\" decoding=\"async\" src=\"https:\/\/i0.wp.com\/agenciabrasil.ebc.com.br\/ebc.gif?w=1220&#038;ssl=1\" \/><\/p>\n<p>\u201cA cartilha ensina como modular as necessidades espec\u00edficas da crian\u00e7a com autismo com coisas que a fam\u00edlia vai ter independente da classe social, do lugar que mora, como frutas e pe\u00e7as de vestimenta\u201d, explicou, em entrevista \u00e0 Ag\u00eancia Brasil, o coordenador-geral de Promo\u00e7\u00e3o dos Direitos da Pessoa com Defici\u00eancia, do Minist\u00e9rio da Mulher, da Fam\u00edlia e dos Direitos Humanos, Jos\u00e9 Naum de Mesquita Chagas.<\/p>\n<p>De acordo com ele, nesse contexto de reclus\u00e3o em raz\u00e3o da pandemia da covid-19, as fam\u00edlias t\u00eam vividos conflitos no meio em que vivem porque muitas pessoas n\u00e3o compreendem as peculiaridades das crian\u00e7as com TEA. \u201c\u00c9 importante que a sociedade reconhe\u00e7a e aceite essa caracter\u00edstica individual da crian\u00e7a com autismo, no sentido de auxiliar a conviv\u00eancia, j\u00e1 que esse processo ajuda a modular essa crian\u00e7a para que ela vivencie menos momentos cr\u00edticos durante esse tempo e consiga se integrar melhor\u201d, disse.<\/p>\n<p>O autismo \u00e9, em geral, marcado por dist\u00farbios na intera\u00e7\u00e3o social, dificuldades na comunica\u00e7\u00e3o e quest\u00f5es comportamentais, como a\u00e7\u00f5es repetitivas. Por ser um transtorno com diferentes n\u00edveis de comprometimento, recebe o nome de espectro autista.<\/p>\n<p>A cartilha estar\u00e1 dispon\u00edvel na\u00a0<a href=\"https:\/\/www.gov.br\/mdh\/pt-br\" target=\"_blank\" rel=\"noopener noreferrer\">p\u00e1gina do Minist\u00e9rio da Mulher, da Fam\u00edlia e dos Direitos Humanos<\/a>.<\/p>\n<h2>Campanha<\/h2>\n<p>No Brasil, mais de 45 milh\u00f5es de pessoas t\u00eam algum tipo de defici\u00eancia, o que corresponde a quase 24% da popula\u00e7\u00e3o, de acordo com o Instituto Brasileiro de Geografia e Estat\u00edstica (IBGE). Para marcar o dia, o\u00a0<a href=\"https:\/\/www.youtube.com\/watch?v=dzIJRGUwXPo\" target=\"_blank\" rel=\"noopener noreferrer\">minist\u00e9rio realizou um evento virtual<\/a>\u00a0para conscientizar sobre a import\u00e2ncia da inclus\u00e3o das pessoas com defici\u00eancia na sociedade.<\/p>\n<p>Al\u00e9m da cartilha, foi lan\u00e7ada a campanha Eu Respeito!, iniciativa que convida pessoas an\u00f4nimas e famosas, com ou sem defici\u00eancia, a gravarem v\u00eddeos falando que respeitam alguma particularidade do universo das pessoas com defici\u00eancia. \u201cEssa campanha vai trabalhar a quest\u00e3o dos direitos b\u00e1sicos do dia a dia, como, por exemplo, acesso a \u00e1reas de estacionamento, que n\u00e3o \u00e9 privil\u00e9gio, mas uma necessidade, \u00e9 uma equipara\u00e7\u00e3o de oportunidades visto as dificuldades elevadas de uma pessoa com defici\u00eancia em detrimento a uma que n\u00e3o tem\u201d, disse Chagas.<\/p>\n<p>Para o coordenador, a sociedade brasileira j\u00e1 est\u00e1 em uma gera\u00e7\u00e3o de transi\u00e7\u00e3o, em que conceitos de que a defici\u00eancia \u00e9 uma desvantagem est\u00e3o ficando para tr\u00e1s. \u201cA defici\u00eancia \u00e9 uma caracter\u00edstica pessoal, assim como nossa altura, tom de pele, tipo de cabelo, que n\u00e3o agrega e nem diminui valor. O que somos \u00e9 um conjunto de nossas caracter\u00edsticas e n\u00e3o apenas uma delas\u201d, destacou.<\/p>\n<p>Segundo Chagas, a inclus\u00e3o escolar fortalece muito esse processo de mudan\u00e7a pragm\u00e1tica na sociedade. \u201cAntes, as pessoas com defici\u00eancia eram segregadas, ent\u00e3o as pessoas sem defici\u00eancia n\u00e3o tinha a oportunidade de vivenciar e aprender em conjunto. A inclus\u00e3o possibilita que essa crian\u00e7a sem defici\u00eancia j\u00e1 absorva essa naturalidade, de integrar, de ter amizades com outro menino ou menina com defici\u00eancia como qualquer outro\u201d, explicou.<\/p>\n<p>Ele destacou ainda que essas conquistas iniciais n\u00e3o se deram sozinhas, mas pelo m\u00e9rito e luta dos movimentos das pessoas com defici\u00eancia, que t\u00eam pautado o assunto ao longo dos anos.<\/p>\n<p><iframe loading=\"lazy\" src=\"https:\/\/www.youtube.com\/embed\/dzIJRGUwXPo\" width=\"560\" height=\"315\" frameborder=\"0\" allowfullscreen=\"allowfullscreen\" data-mce-fragment=\"1\"><\/iframe><\/p>\n<\/div>\n<p class=\"alt-font font-italic my-2 small text-info\">Edi\u00e7\u00e3o: Fernando Fraga<\/p>\n<\/div>\n<\/div>\n","protected":false},"excerpt":{"rendered":"<p>Mais de 45 milh\u00f5es de brasileiros t\u00eam algum tipo de defici\u00eancia Andreia Verd\u00e9lio \u2013 Rep\u00f3rter da Ag\u00eancia Brasil &#8211; Bras\u00edlia O governo federal lan\u00e7ou hoje (21)<span class=\"excerpt-hellip\"> [\u2026]<\/span><\/p>\n","protected":false},"author":10,"featured_media":10548,"comment_status":"open","ping_status":"open","sticky":false,"template":"","format":"standard","meta":{"_jetpack_memberships_contains_paid_content":false,"footnotes":"","jetpack_publicize_message":"","jetpack_publicize_feature_enabled":true,"jetpack_social_post_already_shared":false,"jetpack_social_options":{"image_generator_settings":{"template":"highway","default_image_id":0,"enabled":false},"version":2}},"categories":[53,44],"tags":[],"class_list":["post-10540","post","type-post","status-publish","format-standard","has-post-thumbnail","hentry","category-brasil","category-noticias"],"yoast_head":"<!-- This site is optimized with the Yoast SEO plugin v25.6 - https:\/\/yoast.com\/wordpress\/plugins\/seo\/ -->\n<title>Governo lan\u00e7a cartilha para crian\u00e7as com autismo - VerdadeOn<\/title>\n<meta name=\"robots\" content=\"index, follow, max-snippet:-1, max-image-preview:large, max-video-preview:-1\" \/>\n<link rel=\"canonical\" href=\"https:\/\/verdadeon.com.br\/portal\/2020\/09\/21\/governo-lanca-cartilha-para-criancas-com-autismo\/\" \/>\n<meta property=\"og:locale\" content=\"pt_BR\" \/>\n<meta property=\"og:type\" content=\"article\" \/>\n<meta property=\"og:title\" content=\"Governo lan\u00e7a cartilha para crian\u00e7as com autismo - VerdadeOn\" \/>\n<meta property=\"og:description\" content=\"Mais de 45 milh\u00f5es de brasileiros t\u00eam algum tipo de defici\u00eancia Andreia Verd\u00e9lio \u2013 Rep\u00f3rter da Ag\u00eancia Brasil &#8211; Bras\u00edlia O governo federal lan\u00e7ou hoje (21) [\u2026]\" \/>\n<meta property=\"og:url\" content=\"https:\/\/verdadeon.com.br\/portal\/2020\/09\/21\/governo-lanca-cartilha-para-criancas-com-autismo\/\" \/>\n<meta property=\"og:site_name\" content=\"VerdadeOn\" \/>\n<meta property=\"article:published_time\" content=\"2020-09-21T16:56:37+00:00\" \/>\n<meta property=\"og:image\" content=\"https:\/\/verdadeon.com.br\/portal\/wp-content\/uploads\/2020\/09\/autismo.jpg\" \/>\n\t<meta property=\"og:image:width\" content=\"1000\" \/>\n\t<meta property=\"og:image:height\" content=\"670\" \/>\n\t<meta property=\"og:image:type\" content=\"image\/jpeg\" \/>\n<meta name=\"author\" content=\"Redacao VerdadeOn\" \/>\n<meta name=\"twitter:card\" content=\"summary_large_image\" \/>\n<meta name=\"twitter:label1\" content=\"Escrito por\" \/>\n\t<meta name=\"twitter:data1\" content=\"Redacao VerdadeOn\" \/>\n\t<meta name=\"twitter:label2\" content=\"Est. tempo de leitura\" \/>\n\t<meta name=\"twitter:data2\" content=\"3 minutos\" \/>\n<script type=\"application\/ld+json\" class=\"yoast-schema-graph\">{\"@context\":\"https:\/\/schema.org\",\"@graph\":[{\"@type\":\"WebPage\",\"@id\":\"https:\/\/verdadeon.com.br\/portal\/2020\/09\/21\/governo-lanca-cartilha-para-criancas-com-autismo\/\",\"url\":\"https:\/\/verdadeon.com.br\/portal\/2020\/09\/21\/governo-lanca-cartilha-para-criancas-com-autismo\/\",\"name\":\"Governo lan\u00e7a cartilha para crian\u00e7as com autismo - VerdadeOn\",\"isPartOf\":{\"@id\":\"https:\/\/verdadeon.com.br\/portal\/#website\"},\"primaryImageOfPage\":{\"@id\":\"https:\/\/verdadeon.com.br\/portal\/2020\/09\/21\/governo-lanca-cartilha-para-criancas-com-autismo\/#primaryimage\"},\"image\":{\"@id\":\"https:\/\/verdadeon.com.br\/portal\/2020\/09\/21\/governo-lanca-cartilha-para-criancas-com-autismo\/#primaryimage\"},\"thumbnailUrl\":\"https:\/\/i0.wp.com\/verdadeon.com.br\/portal\/wp-content\/uploads\/2020\/09\/autismo.jpg?fit=1000%2C670&ssl=1\",\"datePublished\":\"2020-09-21T16:56:37+00:00\",\"author\":{\"@id\":\"https:\/\/verdadeon.com.br\/portal\/#\/schema\/person\/a5060ad1e9ea3df545188fc93ce43d2f\"},\"breadcrumb\":{\"@id\":\"https:\/\/verdadeon.com.br\/portal\/2020\/09\/21\/governo-lanca-cartilha-para-criancas-com-autismo\/#breadcrumb\"},\"inLanguage\":\"pt-BR\",\"potentialAction\":[{\"@type\":\"ReadAction\",\"target\":[\"https:\/\/verdadeon.com.br\/portal\/2020\/09\/21\/governo-lanca-cartilha-para-criancas-com-autismo\/\"]}]},{\"@type\":\"ImageObject\",\"inLanguage\":\"pt-BR\",\"@id\":\"https:\/\/verdadeon.com.br\/portal\/2020\/09\/21\/governo-lanca-cartilha-para-criancas-com-autismo\/#primaryimage\",\"url\":\"https:\/\/i0.wp.com\/verdadeon.com.br\/portal\/wp-content\/uploads\/2020\/09\/autismo.jpg?fit=1000%2C670&ssl=1\",\"contentUrl\":\"https:\/\/i0.wp.com\/verdadeon.com.br\/portal\/wp-content\/uploads\/2020\/09\/autismo.jpg?fit=1000%2C670&ssl=1\",\"width\":1000,\"height\":670,\"caption\":\"Rio de Janeiro - 8\u00aa Caminhada do Dia Mundial da Conscientiza\u00e7\u00e3o do Autismo, promovida pelo Grupo Mundo Azul, no Leblon, zona sul da cidade. O grupo luta por centros de tratamento e reabilita\u00e7\u00e3o para autistas, por atendimento multidisciplinar diagn\u00f3stico precoce, educa\u00e7\u00e3o especial, al\u00e9m de lar terap\u00eautico para os \u00f3rf\u00e3os (T\u00e2nia R\u00eago\/Ag\u00eancia Brasil)\"},{\"@type\":\"BreadcrumbList\",\"@id\":\"https:\/\/verdadeon.com.br\/portal\/2020\/09\/21\/governo-lanca-cartilha-para-criancas-com-autismo\/#breadcrumb\",\"itemListElement\":[{\"@type\":\"ListItem\",\"position\":1,\"name\":\"In\u00edcio\",\"item\":\"https:\/\/verdadeon.com.br\/portal\/\"},{\"@type\":\"ListItem\",\"position\":2,\"name\":\"Governo lan\u00e7a cartilha para crian\u00e7as com autismo\"}]},{\"@type\":\"WebSite\",\"@id\":\"https:\/\/verdadeon.com.br\/portal\/#website\",\"url\":\"https:\/\/verdadeon.com.br\/portal\/\",\"name\":\"VerdadeOn\",\"description\":\"Not\u00edcias di\u00e1rias sobre Franca, Regi\u00e3o, Esporte, Cultura, Cotidiano, Colunas. Cobertura nos principais eventos da cidade \u00e9 aqui - Verdadeon Franca\",\"potentialAction\":[{\"@type\":\"SearchAction\",\"target\":{\"@type\":\"EntryPoint\",\"urlTemplate\":\"https:\/\/verdadeon.com.br\/portal\/?s={search_term_string}\"},\"query-input\":{\"@type\":\"PropertyValueSpecification\",\"valueRequired\":true,\"valueName\":\"search_term_string\"}}],\"inLanguage\":\"pt-BR\"},{\"@type\":\"Person\",\"@id\":\"https:\/\/verdadeon.com.br\/portal\/#\/schema\/person\/a5060ad1e9ea3df545188fc93ce43d2f\",\"name\":\"Redacao VerdadeOn\",\"image\":{\"@type\":\"ImageObject\",\"inLanguage\":\"pt-BR\",\"@id\":\"https:\/\/verdadeon.com.br\/portal\/#\/schema\/person\/image\/\",\"url\":\"https:\/\/secure.gravatar.com\/avatar\/459a9613caaaf07f582c3d0841eea68bdd66f533e465e6ba8b9cb45619572cf4?s=96&d=mm&r=g\",\"contentUrl\":\"https:\/\/secure.gravatar.com\/avatar\/459a9613caaaf07f582c3d0841eea68bdd66f533e465e6ba8b9cb45619572cf4?s=96&d=mm&r=g\",\"caption\":\"Redacao VerdadeOn\"},\"url\":\"https:\/\/verdadeon.com.br\/portal\/author\/redacao\/\"}]}<\/script>\n<!-- \/ Yoast SEO plugin. -->","yoast_head_json":{"title":"Governo lan\u00e7a cartilha para crian\u00e7as com autismo - VerdadeOn","robots":{"index":"index","follow":"follow","max-snippet":"max-snippet:-1","max-image-preview":"max-image-preview:large","max-video-preview":"max-video-preview:-1"},"canonical":"https:\/\/verdadeon.com.br\/portal\/2020\/09\/21\/governo-lanca-cartilha-para-criancas-com-autismo\/","og_locale":"pt_BR","og_type":"article","og_title":"Governo lan\u00e7a cartilha para crian\u00e7as com autismo - VerdadeOn","og_description":"Mais de 45 milh\u00f5es de brasileiros t\u00eam algum tipo de defici\u00eancia Andreia Verd\u00e9lio \u2013 Rep\u00f3rter da Ag\u00eancia Brasil &#8211; Bras\u00edlia O governo federal lan\u00e7ou hoje (21) [\u2026]","og_url":"https:\/\/verdadeon.com.br\/portal\/2020\/09\/21\/governo-lanca-cartilha-para-criancas-com-autismo\/","og_site_name":"VerdadeOn","article_published_time":"2020-09-21T16:56:37+00:00","og_image":[{"width":1000,"height":670,"url":"https:\/\/verdadeon.com.br\/portal\/wp-content\/uploads\/2020\/09\/autismo.jpg","type":"image\/jpeg"}],"author":"Redacao VerdadeOn","twitter_card":"summary_large_image","twitter_misc":{"Escrito por":"Redacao VerdadeOn","Est. tempo de leitura":"3 minutos"},"schema":{"@context":"https:\/\/schema.org","@graph":[{"@type":"WebPage","@id":"https:\/\/verdadeon.com.br\/portal\/2020\/09\/21\/governo-lanca-cartilha-para-criancas-com-autismo\/","url":"https:\/\/verdadeon.com.br\/portal\/2020\/09\/21\/governo-lanca-cartilha-para-criancas-com-autismo\/","name":"Governo lan\u00e7a cartilha para crian\u00e7as com autismo - VerdadeOn","isPartOf":{"@id":"https:\/\/verdadeon.com.br\/portal\/#website"},"primaryImageOfPage":{"@id":"https:\/\/verdadeon.com.br\/portal\/2020\/09\/21\/governo-lanca-cartilha-para-criancas-com-autismo\/#primaryimage"},"image":{"@id":"https:\/\/verdadeon.com.br\/portal\/2020\/09\/21\/governo-lanca-cartilha-para-criancas-com-autismo\/#primaryimage"},"thumbnailUrl":"https:\/\/i0.wp.com\/verdadeon.com.br\/portal\/wp-content\/uploads\/2020\/09\/autismo.jpg?fit=1000%2C670&ssl=1","datePublished":"2020-09-21T16:56:37+00:00","author":{"@id":"https:\/\/verdadeon.com.br\/portal\/#\/schema\/person\/a5060ad1e9ea3df545188fc93ce43d2f"},"breadcrumb":{"@id":"https:\/\/verdadeon.com.br\/portal\/2020\/09\/21\/governo-lanca-cartilha-para-criancas-com-autismo\/#breadcrumb"},"inLanguage":"pt-BR","potentialAction":[{"@type":"ReadAction","target":["https:\/\/verdadeon.com.br\/portal\/2020\/09\/21\/governo-lanca-cartilha-para-criancas-com-autismo\/"]}]},{"@type":"ImageObject","inLanguage":"pt-BR","@id":"https:\/\/verdadeon.com.br\/portal\/2020\/09\/21\/governo-lanca-cartilha-para-criancas-com-autismo\/#primaryimage","url":"https:\/\/i0.wp.com\/verdadeon.com.br\/portal\/wp-content\/uploads\/2020\/09\/autismo.jpg?fit=1000%2C670&ssl=1","contentUrl":"https:\/\/i0.wp.com\/verdadeon.com.br\/portal\/wp-content\/uploads\/2020\/09\/autismo.jpg?fit=1000%2C670&ssl=1","width":1000,"height":670,"caption":"Rio de Janeiro - 8\u00aa Caminhada do Dia Mundial da Conscientiza\u00e7\u00e3o do Autismo, promovida pelo Grupo Mundo Azul, no Leblon, zona sul da cidade. O grupo luta por centros de tratamento e reabilita\u00e7\u00e3o para autistas, por atendimento multidisciplinar diagn\u00f3stico precoce, educa\u00e7\u00e3o especial, al\u00e9m de lar terap\u00eautico para os \u00f3rf\u00e3os (T\u00e2nia R\u00eago\/Ag\u00eancia Brasil)"},{"@type":"BreadcrumbList","@id":"https:\/\/verdadeon.com.br\/portal\/2020\/09\/21\/governo-lanca-cartilha-para-criancas-com-autismo\/#breadcrumb","itemListElement":[{"@type":"ListItem","position":1,"name":"In\u00edcio","item":"https:\/\/verdadeon.com.br\/portal\/"},{"@type":"ListItem","position":2,"name":"Governo lan\u00e7a cartilha para crian\u00e7as com autismo"}]},{"@type":"WebSite","@id":"https:\/\/verdadeon.com.br\/portal\/#website","url":"https:\/\/verdadeon.com.br\/portal\/","name":"VerdadeOn","description":"Not\u00edcias di\u00e1rias sobre Franca, Regi\u00e3o, Esporte, Cultura, Cotidiano, Colunas. Cobertura nos principais eventos da cidade \u00e9 aqui - Verdadeon Franca","potentialAction":[{"@type":"SearchAction","target":{"@type":"EntryPoint","urlTemplate":"https:\/\/verdadeon.com.br\/portal\/?s={search_term_string}"},"query-input":{"@type":"PropertyValueSpecification","valueRequired":true,"valueName":"search_term_string"}}],"inLanguage":"pt-BR"},{"@type":"Person","@id":"https:\/\/verdadeon.com.br\/portal\/#\/schema\/person\/a5060ad1e9ea3df545188fc93ce43d2f","name":"Redacao VerdadeOn","image":{"@type":"ImageObject","inLanguage":"pt-BR","@id":"https:\/\/verdadeon.com.br\/portal\/#\/schema\/person\/image\/","url":"https:\/\/secure.gravatar.com\/avatar\/459a9613caaaf07f582c3d0841eea68bdd66f533e465e6ba8b9cb45619572cf4?s=96&d=mm&r=g","contentUrl":"https:\/\/secure.gravatar.com\/avatar\/459a9613caaaf07f582c3d0841eea68bdd66f533e465e6ba8b9cb45619572cf4?s=96&d=mm&r=g","caption":"Redacao VerdadeOn"},"url":"https:\/\/verdadeon.com.br\/portal\/author\/redacao\/"}]}},"jetpack_publicize_connections":[],"jetpack_featured_media_url":"https:\/\/i0.wp.com\/verdadeon.com.br\/portal\/wp-content\/uploads\/2020\/09\/autismo.jpg?fit=1000%2C670&ssl=1","jetpack_sharing_enabled":true,"_links":{"self":[{"href":"https:\/\/verdadeon.com.br\/portal\/wp-json\/wp\/v2\/posts\/10540","targetHints":{"allow":["GET"]}}],"collection":[{"href":"https:\/\/verdadeon.com.br\/portal\/wp-json\/wp\/v2\/posts"}],"about":[{"href":"https:\/\/verdadeon.com.br\/portal\/wp-json\/wp\/v2\/types\/post"}],"author":[{"embeddable":true,"href":"https:\/\/verdadeon.com.br\/portal\/wp-json\/wp\/v2\/users\/10"}],"replies":[{"embeddable":true,"href":"https:\/\/verdadeon.com.br\/portal\/wp-json\/wp\/v2\/comments?post=10540"}],"version-history":[{"count":0,"href":"https:\/\/verdadeon.com.br\/portal\/wp-json\/wp\/v2\/posts\/10540\/revisions"}],"wp:featuredmedia":[{"embeddable":true,"href":"https:\/\/verdadeon.com.br\/portal\/wp-json\/wp\/v2\/media\/10548"}],"wp:attachment":[{"href":"https:\/\/verdadeon.com.br\/portal\/wp-json\/wp\/v2\/media?parent=10540"}],"wp:term":[{"taxonomy":"category","embeddable":true,"href":"https:\/\/verdadeon.com.br\/portal\/wp-json\/wp\/v2\/categories?post=10540"},{"taxonomy":"post_tag","embeddable":true,"href":"https:\/\/verdadeon.com.br\/portal\/wp-json\/wp\/v2\/tags?post=10540"}],"curies":[{"name":"wp","href":"https:\/\/api.w.org\/{rel}","templated":true}]}}