{"id":10351,"date":"2020-09-15T10:12:29","date_gmt":"2020-09-15T13:12:29","guid":{"rendered":"http:\/\/verdadeon.com.br\/portal\/?p=10351"},"modified":"2020-09-15T10:12:29","modified_gmt":"2020-09-15T13:12:29","slug":"politica-x-politicagem","status":"publish","type":"post","link":"https:\/\/verdadeon.com.br\/portal\/2020\/09\/15\/politica-x-politicagem\/","title":{"rendered":"Pol\u00edtica x Politicagem"},"content":{"rendered":"<p class=\"p1\"><span class=\"s1\">As elei\u00e7\u00f5es se aproximam e com elas os pol\u00edticos e as politicagem reaparecem. Todo ser humano \u00e9 um ser pol\u00edtico e isso \u00e9 salutar. Todos devemos ser respons\u00e1veis pela sociedade que desejamos ter, mas, por for\u00e7a do modelo representativo que adotamos, concedemos, como cidad\u00e3os, mandato para que \u201cpol\u00edticos\u201d nos representem e fa\u00e7am as melhores escolhas para a coletividade. Pol\u00edtica \u00e9 a arte de buscar e realizar o bem comum. Precisamos de uma sociedade que seja mais justa, inclusiva e igualit\u00e1ria e, para tanto, \u00e9 necess\u00e1rio pol\u00edticas p\u00fablicas para que esse objetivo seja alcan\u00e7ado. A palavra pol\u00edtica e pol\u00edtico nos \u00e9 apresentada como algo negativo, pejorativo, desprez\u00edvel e esse efeito de sentido acaba por retirar da vida p\u00fablica algumas pessoas honradas e \u00e9ticas que n\u00e3o desejam vincular as suas imagens as dos pol\u00edticos. \u00c9 um grande erro pensar e agir desse modo, pois, desta forma, permitimos que alguns pol\u00edticos se tornem \u201cprofissionais\u201d e utilizem da pol\u00edtica para fazer politicagem. H\u00e1 uma imensa diferente entre pol\u00edtica e politicagem. A primeira remete as estrat\u00e9gias bem pensadas para alcan\u00e7ar os interesses comuns da sociedade. A segunda remete as estrat\u00e9gias dos maus pol\u00edticos que visam o benef\u00edcio pr\u00f3prio ou de algum grupo espec\u00edfico. A politicagem est\u00e1 diretamente ligada a corrup\u00e7\u00e3o, a falta de car\u00e1ter, de cidadania e civilidade. \u00c9 inaceit\u00e1vel ver o \u00edndice de corrup\u00e7\u00e3o existente em nosso pa\u00eds. \u00c9 inaceit\u00e1vel ver desvios de dinheiro da sa\u00fade, da educa\u00e7\u00e3o, da assist\u00eancia social para benef\u00edcio pr\u00f3prio. A condena\u00e7\u00e3o por corrup\u00e7\u00e3o deveria banir da vida p\u00fablica todo e qualquer pol\u00edtico, pois o mau pol\u00edtico destr\u00f3i a sociedade, tal como um c\u00e2ncer destr\u00f3i o ser humano. Uma das formas de se constatar a politicagem \u00e9 por meio da an\u00e1lise do car\u00e1ter do pol\u00edtico e, uma conduta que me chama a aten\u00e7\u00e3o \u00e9 a das pessoas inimigas, que falavam maus uma das outras, e agora, em nome da pol\u00edtica, se tornam, num passe de m\u00e1gica, os melhores amigos, fazem elogios e trocam afagos em p\u00fablico. Postam fotos juntos como se estivessem em busca do bem comum, mas esse bem comum e o \u201ccomum para eles\u201d e n\u00e3o para a sociedade. N\u00e3o podemos desconhecer a for\u00e7a do perd\u00e3o; \u00e9 realmente libertador, mas tamb\u00e9m n\u00e3o desprezemos a hipocrisia inerente ao ser humano sem car\u00e1ter. Para mim, quando vejo essa conduta (de inimigo capital para amigo \u00edntimo no contexto da pol\u00edtica), por melhor que a pessoa do pol\u00edtico possa ser, imediatamente, ela deixa de ter qualquer valor. Acredito que a pessoa que n\u00e3o tem car\u00e1ter no trato consigo mesmo, jamais ter\u00e1 car\u00e1ter na vida p\u00fablica. Todos nos cometemos erros, mas os desvios de car\u00e1ter, para mim, n\u00e3o s\u00e3o erros, mas s\u00e3o apenas reflexos de uma personalidade corrompida. Enfim&#8230; n\u00e3o podemos confundir pol\u00edtica com politicagem. N\u00e3o podemos votar, dar cr\u00e9dito para quem at\u00e9 pouco tempo atr\u00e1s destilava \u00f3dio e agora passou a manifestar amor. O contexto pol\u00edtico diz muito sobre os pol\u00edticos, da mesma forma que as articula\u00e7\u00f5es pol\u00edticas revelam os pactos realizados. Espero que cada um de n\u00f3s, eleitores, prestemos aten\u00e7\u00e3o no contexto pol\u00edtico em que vivemos e n\u00e3o escolhamos como representantes pessoas com desvio de car\u00e1ter. A escolha \u00e9 nossa. Temos os pol\u00edticos que merecemos, mas isso pode ser mudado!<\/span><\/p>\n<p>&nbsp;<\/p>\n<p class=\"p1\">Acir de Matos Gomes<br \/>\nAdvogado e vice-presidente da subse\u00e7\u00e3o da OAB-Franca<\/p>\n","protected":false},"excerpt":{"rendered":"<p>As elei\u00e7\u00f5es se aproximam e com elas os pol\u00edticos e as politicagem reaparecem. Todo ser humano \u00e9 um ser pol\u00edtico e isso \u00e9 salutar. Todos devemos<span class=\"excerpt-hellip\"> [\u2026]<\/span><\/p>\n","protected":false},"author":10,"featured_media":0,"comment_status":"open","ping_status":"open","sticky":false,"template":"","format":"standard","meta":{"_jetpack_memberships_contains_paid_content":false,"footnotes":"","jetpack_publicize_message":"","jetpack_publicize_feature_enabled":true,"jetpack_social_post_already_shared":false,"jetpack_social_options":{"image_generator_settings":{"template":"highway","default_image_id":0,"enabled":false},"version":2}},"categories":[92],"tags":[],"class_list":["post-10351","post","type-post","status-publish","format-standard","hentry","category-colunista"],"yoast_head":"<!-- This site is optimized with the Yoast SEO plugin v25.6 - https:\/\/yoast.com\/wordpress\/plugins\/seo\/ -->\n<title>Pol\u00edtica x Politicagem - VerdadeOn<\/title>\n<meta name=\"robots\" content=\"index, follow, max-snippet:-1, max-image-preview:large, max-video-preview:-1\" \/>\n<link rel=\"canonical\" href=\"https:\/\/verdadeon.com.br\/portal\/2020\/09\/15\/politica-x-politicagem\/\" \/>\n<meta property=\"og:locale\" content=\"pt_BR\" \/>\n<meta property=\"og:type\" content=\"article\" \/>\n<meta property=\"og:title\" content=\"Pol\u00edtica x Politicagem - VerdadeOn\" \/>\n<meta property=\"og:description\" content=\"As elei\u00e7\u00f5es se aproximam e com elas os pol\u00edticos e as politicagem reaparecem. Todo ser humano \u00e9 um ser pol\u00edtico e isso \u00e9 salutar. Todos devemos [\u2026]\" \/>\n<meta property=\"og:url\" content=\"https:\/\/verdadeon.com.br\/portal\/2020\/09\/15\/politica-x-politicagem\/\" \/>\n<meta property=\"og:site_name\" content=\"VerdadeOn\" \/>\n<meta property=\"article:published_time\" content=\"2020-09-15T13:12:29+00:00\" \/>\n<meta name=\"author\" content=\"Redacao VerdadeOn\" \/>\n<meta name=\"twitter:card\" content=\"summary_large_image\" \/>\n<meta name=\"twitter:label1\" content=\"Escrito por\" \/>\n\t<meta name=\"twitter:data1\" content=\"Redacao VerdadeOn\" \/>\n\t<meta name=\"twitter:label2\" content=\"Est. tempo de leitura\" \/>\n\t<meta name=\"twitter:data2\" content=\"3 minutos\" \/>\n<script type=\"application\/ld+json\" class=\"yoast-schema-graph\">{\"@context\":\"https:\/\/schema.org\",\"@graph\":[{\"@type\":\"WebPage\",\"@id\":\"https:\/\/verdadeon.com.br\/portal\/2020\/09\/15\/politica-x-politicagem\/\",\"url\":\"https:\/\/verdadeon.com.br\/portal\/2020\/09\/15\/politica-x-politicagem\/\",\"name\":\"Pol\u00edtica x Politicagem - VerdadeOn\",\"isPartOf\":{\"@id\":\"https:\/\/verdadeon.com.br\/portal\/#website\"},\"datePublished\":\"2020-09-15T13:12:29+00:00\",\"author\":{\"@id\":\"https:\/\/verdadeon.com.br\/portal\/#\/schema\/person\/a5060ad1e9ea3df545188fc93ce43d2f\"},\"breadcrumb\":{\"@id\":\"https:\/\/verdadeon.com.br\/portal\/2020\/09\/15\/politica-x-politicagem\/#breadcrumb\"},\"inLanguage\":\"pt-BR\",\"potentialAction\":[{\"@type\":\"ReadAction\",\"target\":[\"https:\/\/verdadeon.com.br\/portal\/2020\/09\/15\/politica-x-politicagem\/\"]}]},{\"@type\":\"BreadcrumbList\",\"@id\":\"https:\/\/verdadeon.com.br\/portal\/2020\/09\/15\/politica-x-politicagem\/#breadcrumb\",\"itemListElement\":[{\"@type\":\"ListItem\",\"position\":1,\"name\":\"In\u00edcio\",\"item\":\"https:\/\/verdadeon.com.br\/portal\/\"},{\"@type\":\"ListItem\",\"position\":2,\"name\":\"Pol\u00edtica x Politicagem\"}]},{\"@type\":\"WebSite\",\"@id\":\"https:\/\/verdadeon.com.br\/portal\/#website\",\"url\":\"https:\/\/verdadeon.com.br\/portal\/\",\"name\":\"VerdadeOn\",\"description\":\"Not\u00edcias di\u00e1rias sobre Franca, Regi\u00e3o, Esporte, Cultura, Cotidiano, Colunas. Cobertura nos principais eventos da cidade \u00e9 aqui - Verdadeon Franca\",\"potentialAction\":[{\"@type\":\"SearchAction\",\"target\":{\"@type\":\"EntryPoint\",\"urlTemplate\":\"https:\/\/verdadeon.com.br\/portal\/?s={search_term_string}\"},\"query-input\":{\"@type\":\"PropertyValueSpecification\",\"valueRequired\":true,\"valueName\":\"search_term_string\"}}],\"inLanguage\":\"pt-BR\"},{\"@type\":\"Person\",\"@id\":\"https:\/\/verdadeon.com.br\/portal\/#\/schema\/person\/a5060ad1e9ea3df545188fc93ce43d2f\",\"name\":\"Redacao VerdadeOn\",\"image\":{\"@type\":\"ImageObject\",\"inLanguage\":\"pt-BR\",\"@id\":\"https:\/\/verdadeon.com.br\/portal\/#\/schema\/person\/image\/\",\"url\":\"https:\/\/secure.gravatar.com\/avatar\/459a9613caaaf07f582c3d0841eea68bdd66f533e465e6ba8b9cb45619572cf4?s=96&d=mm&r=g\",\"contentUrl\":\"https:\/\/secure.gravatar.com\/avatar\/459a9613caaaf07f582c3d0841eea68bdd66f533e465e6ba8b9cb45619572cf4?s=96&d=mm&r=g\",\"caption\":\"Redacao VerdadeOn\"},\"url\":\"https:\/\/verdadeon.com.br\/portal\/author\/redacao\/\"}]}<\/script>\n<!-- \/ Yoast SEO plugin. -->","yoast_head_json":{"title":"Pol\u00edtica x Politicagem - VerdadeOn","robots":{"index":"index","follow":"follow","max-snippet":"max-snippet:-1","max-image-preview":"max-image-preview:large","max-video-preview":"max-video-preview:-1"},"canonical":"https:\/\/verdadeon.com.br\/portal\/2020\/09\/15\/politica-x-politicagem\/","og_locale":"pt_BR","og_type":"article","og_title":"Pol\u00edtica x Politicagem - VerdadeOn","og_description":"As elei\u00e7\u00f5es se aproximam e com elas os pol\u00edticos e as politicagem reaparecem. Todo ser humano \u00e9 um ser pol\u00edtico e isso \u00e9 salutar. Todos devemos [\u2026]","og_url":"https:\/\/verdadeon.com.br\/portal\/2020\/09\/15\/politica-x-politicagem\/","og_site_name":"VerdadeOn","article_published_time":"2020-09-15T13:12:29+00:00","author":"Redacao VerdadeOn","twitter_card":"summary_large_image","twitter_misc":{"Escrito por":"Redacao VerdadeOn","Est. tempo de leitura":"3 minutos"},"schema":{"@context":"https:\/\/schema.org","@graph":[{"@type":"WebPage","@id":"https:\/\/verdadeon.com.br\/portal\/2020\/09\/15\/politica-x-politicagem\/","url":"https:\/\/verdadeon.com.br\/portal\/2020\/09\/15\/politica-x-politicagem\/","name":"Pol\u00edtica x Politicagem - VerdadeOn","isPartOf":{"@id":"https:\/\/verdadeon.com.br\/portal\/#website"},"datePublished":"2020-09-15T13:12:29+00:00","author":{"@id":"https:\/\/verdadeon.com.br\/portal\/#\/schema\/person\/a5060ad1e9ea3df545188fc93ce43d2f"},"breadcrumb":{"@id":"https:\/\/verdadeon.com.br\/portal\/2020\/09\/15\/politica-x-politicagem\/#breadcrumb"},"inLanguage":"pt-BR","potentialAction":[{"@type":"ReadAction","target":["https:\/\/verdadeon.com.br\/portal\/2020\/09\/15\/politica-x-politicagem\/"]}]},{"@type":"BreadcrumbList","@id":"https:\/\/verdadeon.com.br\/portal\/2020\/09\/15\/politica-x-politicagem\/#breadcrumb","itemListElement":[{"@type":"ListItem","position":1,"name":"In\u00edcio","item":"https:\/\/verdadeon.com.br\/portal\/"},{"@type":"ListItem","position":2,"name":"Pol\u00edtica x Politicagem"}]},{"@type":"WebSite","@id":"https:\/\/verdadeon.com.br\/portal\/#website","url":"https:\/\/verdadeon.com.br\/portal\/","name":"VerdadeOn","description":"Not\u00edcias di\u00e1rias sobre Franca, Regi\u00e3o, Esporte, Cultura, Cotidiano, Colunas. Cobertura nos principais eventos da cidade \u00e9 aqui - Verdadeon Franca","potentialAction":[{"@type":"SearchAction","target":{"@type":"EntryPoint","urlTemplate":"https:\/\/verdadeon.com.br\/portal\/?s={search_term_string}"},"query-input":{"@type":"PropertyValueSpecification","valueRequired":true,"valueName":"search_term_string"}}],"inLanguage":"pt-BR"},{"@type":"Person","@id":"https:\/\/verdadeon.com.br\/portal\/#\/schema\/person\/a5060ad1e9ea3df545188fc93ce43d2f","name":"Redacao VerdadeOn","image":{"@type":"ImageObject","inLanguage":"pt-BR","@id":"https:\/\/verdadeon.com.br\/portal\/#\/schema\/person\/image\/","url":"https:\/\/secure.gravatar.com\/avatar\/459a9613caaaf07f582c3d0841eea68bdd66f533e465e6ba8b9cb45619572cf4?s=96&d=mm&r=g","contentUrl":"https:\/\/secure.gravatar.com\/avatar\/459a9613caaaf07f582c3d0841eea68bdd66f533e465e6ba8b9cb45619572cf4?s=96&d=mm&r=g","caption":"Redacao VerdadeOn"},"url":"https:\/\/verdadeon.com.br\/portal\/author\/redacao\/"}]}},"jetpack_publicize_connections":[],"jetpack_featured_media_url":"","jetpack_sharing_enabled":true,"_links":{"self":[{"href":"https:\/\/verdadeon.com.br\/portal\/wp-json\/wp\/v2\/posts\/10351","targetHints":{"allow":["GET"]}}],"collection":[{"href":"https:\/\/verdadeon.com.br\/portal\/wp-json\/wp\/v2\/posts"}],"about":[{"href":"https:\/\/verdadeon.com.br\/portal\/wp-json\/wp\/v2\/types\/post"}],"author":[{"embeddable":true,"href":"https:\/\/verdadeon.com.br\/portal\/wp-json\/wp\/v2\/users\/10"}],"replies":[{"embeddable":true,"href":"https:\/\/verdadeon.com.br\/portal\/wp-json\/wp\/v2\/comments?post=10351"}],"version-history":[{"count":0,"href":"https:\/\/verdadeon.com.br\/portal\/wp-json\/wp\/v2\/posts\/10351\/revisions"}],"wp:attachment":[{"href":"https:\/\/verdadeon.com.br\/portal\/wp-json\/wp\/v2\/media?parent=10351"}],"wp:term":[{"taxonomy":"category","embeddable":true,"href":"https:\/\/verdadeon.com.br\/portal\/wp-json\/wp\/v2\/categories?post=10351"},{"taxonomy":"post_tag","embeddable":true,"href":"https:\/\/verdadeon.com.br\/portal\/wp-json\/wp\/v2\/tags?post=10351"}],"curies":[{"name":"wp","href":"https:\/\/api.w.org\/{rel}","templated":true}]}}