{"id":10178,"date":"2020-09-01T10:55:04","date_gmt":"2020-09-01T13:55:04","guid":{"rendered":"http:\/\/verdadeon.com.br\/portal\/?p=10178"},"modified":"2020-09-01T10:55:04","modified_gmt":"2020-09-01T13:55:04","slug":"essencialismo","status":"publish","type":"post","link":"https:\/\/verdadeon.com.br\/portal\/2020\/09\/01\/essencialismo\/","title":{"rendered":"ESSENCIALISMO."},"content":{"rendered":"<p>&nbsp;<\/p>\n<p>Em tempos de pandemia eu acreditava que o meu ritmo de trabalho diminuiria e que poderia, enfim concluir tarefas e metas importantes que eu tinha estabelecido como prioridades; contudo, n\u00e3o \u00e9 isso que est\u00e1 acontecendo! Estou trabalhando muito mais, os compromissos aumentaram, projetos antigos encerram e novos surgiram. Fato \u00e9 que o tempo est\u00e1 voando e eu me questiono se a minha produtividade aumentou ou diminuiu. Comecei a ler o livro Essencialismo: a disciplinada busca por menos, do autor Greg McKeown. Logo no primeiro cap\u00edtulo: \u201cA sabedoria da vida consiste em eliminar o que n\u00e3o \u00e9 essencial\u201d, tem uma afirma\u00e7\u00e3o que vem ecoando na minha mente e no meu cora\u00e7\u00e3o, que se refere a proposta de valor b\u00e1sica do livro: \u201cs\u00f3 quando nos permitimos parar de tentar fazer tudo e deixar de dizer sim a todos \u00e9 que conseguimos oferecer nossa contribui\u00e7\u00e3o m\u00e1xima \u00e0quilo que realmente importa\u201d. Confesso que comecei a rever as minhas atividades que est\u00e3o num ritmo fren\u00e9tico, que, embora eu goste muito, sinto que precisa de revis\u00e3o, pois para <em>Dieter Rams<\/em> \u201c<em>Weniger aber besser<\/em>\u201d &#8211; \u201c\u00e9 menos por\u00e9m melhor\u201d. N\u00e3o se trata de fazer mais coisas, mas de fazer as coisas certas, dedicar tempo e energia para fazer o essencial. Para o autor <em>Greg McKeown<\/em>: \u201co essencialismo \u00e9 uma abordagem disciplinada e sistem\u00e1tica para determinar onde est\u00e1 o ponto m\u00e1ximo de contribui\u00e7\u00e3o de modo a tornar sua execu\u00e7\u00e3o algo que quase n\u00e3o demanda esfor\u00e7o\u201d. Esta li\u00e7\u00e3o eu estou buscando aplicar na minha vida: \u201cSe n\u00e3o estabelecermos prioridades, algu\u00e9m far\u00e1 isso por n\u00f3s\u201d. \u00a0Disso decorre a \u201cfadiga decis\u00f3ria: quanto mais escolhas somos for\u00e7ados a fazer, mais a qualidade das decis\u00f5es se deteriora.\u201d Ao olhar para as escolhas que tenho feito posso afirmar que muitas delas n\u00e3o s\u00e3o essenciais e que tenho dedicado tempo para atividades que poderiam ser delegadas ou n\u00e3o aceitas. Tendo dito muito sim, quando deveria dizer n\u00e3o. Fato \u00e9 que a vida \u00e9 \u00fanica, fant\u00e1stica e preciosa e se eu fa\u00e7o escolhas n\u00e3o essenciais acabo por perder o privil\u00e9gio de ter uma vida bem vivida. Adotar estas premissas me ajuda a escolher o essencial: \u201cEscolho fazer\u201d, \u201cS\u00f3 poucas coisas realmente importam\u201d e \u201cPosso fazer de tudo, mas n\u00e3o tudo\u201d. Para finalizar essa reflex\u00e3o, convido voc\u00ea leitor a reler este arrigo, a ler o livro Essencialismo, a fazer uma sincera an\u00e1lise das suas escolhas e a refletir com John Maxwell, \u201cN\u00e3o \u00e9 poss\u00edvel superestimar a desimport\u00e2ncia de quase tudo\u201d. O que \u00e9 de fato essencial? Est\u00e1 disposto a fazer menos para ganhar mais?<\/p>\n<p><img data-recalc-dims=\"1\" loading=\"lazy\" decoding=\"async\" class=\"alignnone wp-image-10181 size-full\" src=\"https:\/\/i0.wp.com\/verdadeon.com.br\/portal\/wp-content\/uploads\/2020\/09\/acir-matos-scaled.jpg?resize=1000%2C288\" alt=\"\" width=\"1000\" height=\"288\" srcset=\"https:\/\/i0.wp.com\/verdadeon.com.br\/portal\/wp-content\/uploads\/2020\/09\/acir-matos-scaled.jpg?w=1000&amp;ssl=1 1000w, https:\/\/i0.wp.com\/verdadeon.com.br\/portal\/wp-content\/uploads\/2020\/09\/acir-matos-scaled.jpg?resize=300%2C86&amp;ssl=1 300w, https:\/\/i0.wp.com\/verdadeon.com.br\/portal\/wp-content\/uploads\/2020\/09\/acir-matos-scaled.jpg?resize=768%2C221&amp;ssl=1 768w, https:\/\/i0.wp.com\/verdadeon.com.br\/portal\/wp-content\/uploads\/2020\/09\/acir-matos-scaled.jpg?resize=260%2C75&amp;ssl=1 260w, https:\/\/i0.wp.com\/verdadeon.com.br\/portal\/wp-content\/uploads\/2020\/09\/acir-matos-scaled.jpg?resize=50%2C14&amp;ssl=1 50w, https:\/\/i0.wp.com\/verdadeon.com.br\/portal\/wp-content\/uploads\/2020\/09\/acir-matos-scaled.jpg?resize=150%2C43&amp;ssl=1 150w\" sizes=\"auto, (max-width: 1000px) 100vw, 1000px\" \/><\/p>\n","protected":false},"excerpt":{"rendered":"<p>&nbsp; Em tempos de pandemia eu acreditava que o meu ritmo de trabalho diminuiria e que poderia, enfim concluir tarefas e metas importantes que eu tinha<span class=\"excerpt-hellip\"> [\u2026]<\/span><\/p>\n","protected":false},"author":10,"featured_media":0,"comment_status":"open","ping_status":"open","sticky":false,"template":"","format":"standard","meta":{"_jetpack_memberships_contains_paid_content":false,"footnotes":"","jetpack_publicize_message":"","jetpack_publicize_feature_enabled":true,"jetpack_social_post_already_shared":false,"jetpack_social_options":{"image_generator_settings":{"template":"highway","default_image_id":0,"enabled":false},"version":2}},"categories":[92],"tags":[],"class_list":["post-10178","post","type-post","status-publish","format-standard","hentry","category-colunista"],"yoast_head":"<!-- This site is optimized with the Yoast SEO plugin v25.6 - https:\/\/yoast.com\/wordpress\/plugins\/seo\/ -->\n<title>ESSENCIALISMO. - VerdadeOn<\/title>\n<meta name=\"robots\" content=\"index, follow, max-snippet:-1, max-image-preview:large, max-video-preview:-1\" \/>\n<link rel=\"canonical\" href=\"https:\/\/verdadeon.com.br\/portal\/2020\/09\/01\/essencialismo\/\" \/>\n<meta property=\"og:locale\" content=\"pt_BR\" \/>\n<meta property=\"og:type\" content=\"article\" \/>\n<meta property=\"og:title\" content=\"ESSENCIALISMO. - VerdadeOn\" \/>\n<meta property=\"og:description\" content=\"&nbsp; Em tempos de pandemia eu acreditava que o meu ritmo de trabalho diminuiria e que poderia, enfim concluir tarefas e metas importantes que eu tinha [\u2026]\" \/>\n<meta property=\"og:url\" content=\"https:\/\/verdadeon.com.br\/portal\/2020\/09\/01\/essencialismo\/\" \/>\n<meta property=\"og:site_name\" content=\"VerdadeOn\" \/>\n<meta property=\"article:published_time\" content=\"2020-09-01T13:55:04+00:00\" \/>\n<meta property=\"og:image\" content=\"http:\/\/verdadeon.com.br\/portal\/wp-content\/uploads\/2020\/09\/acir-matos-scaled.jpg\" \/>\n<meta name=\"author\" content=\"Redacao VerdadeOn\" \/>\n<meta name=\"twitter:card\" content=\"summary_large_image\" \/>\n<meta name=\"twitter:label1\" content=\"Escrito por\" \/>\n\t<meta name=\"twitter:data1\" content=\"Redacao VerdadeOn\" \/>\n\t<meta name=\"twitter:label2\" content=\"Est. tempo de leitura\" \/>\n\t<meta name=\"twitter:data2\" content=\"2 minutos\" \/>\n<script type=\"application\/ld+json\" class=\"yoast-schema-graph\">{\"@context\":\"https:\/\/schema.org\",\"@graph\":[{\"@type\":\"WebPage\",\"@id\":\"https:\/\/verdadeon.com.br\/portal\/2020\/09\/01\/essencialismo\/\",\"url\":\"https:\/\/verdadeon.com.br\/portal\/2020\/09\/01\/essencialismo\/\",\"name\":\"ESSENCIALISMO. - VerdadeOn\",\"isPartOf\":{\"@id\":\"https:\/\/verdadeon.com.br\/portal\/#website\"},\"primaryImageOfPage\":{\"@id\":\"https:\/\/verdadeon.com.br\/portal\/2020\/09\/01\/essencialismo\/#primaryimage\"},\"image\":{\"@id\":\"https:\/\/verdadeon.com.br\/portal\/2020\/09\/01\/essencialismo\/#primaryimage\"},\"thumbnailUrl\":\"http:\/\/verdadeon.com.br\/portal\/wp-content\/uploads\/2020\/09\/acir-matos-scaled.jpg\",\"datePublished\":\"2020-09-01T13:55:04+00:00\",\"author\":{\"@id\":\"https:\/\/verdadeon.com.br\/portal\/#\/schema\/person\/a5060ad1e9ea3df545188fc93ce43d2f\"},\"breadcrumb\":{\"@id\":\"https:\/\/verdadeon.com.br\/portal\/2020\/09\/01\/essencialismo\/#breadcrumb\"},\"inLanguage\":\"pt-BR\",\"potentialAction\":[{\"@type\":\"ReadAction\",\"target\":[\"https:\/\/verdadeon.com.br\/portal\/2020\/09\/01\/essencialismo\/\"]}]},{\"@type\":\"ImageObject\",\"inLanguage\":\"pt-BR\",\"@id\":\"https:\/\/verdadeon.com.br\/portal\/2020\/09\/01\/essencialismo\/#primaryimage\",\"url\":\"http:\/\/verdadeon.com.br\/portal\/wp-content\/uploads\/2020\/09\/acir-matos-scaled.jpg\",\"contentUrl\":\"http:\/\/verdadeon.com.br\/portal\/wp-content\/uploads\/2020\/09\/acir-matos-scaled.jpg\"},{\"@type\":\"BreadcrumbList\",\"@id\":\"https:\/\/verdadeon.com.br\/portal\/2020\/09\/01\/essencialismo\/#breadcrumb\",\"itemListElement\":[{\"@type\":\"ListItem\",\"position\":1,\"name\":\"In\u00edcio\",\"item\":\"https:\/\/verdadeon.com.br\/portal\/\"},{\"@type\":\"ListItem\",\"position\":2,\"name\":\"ESSENCIALISMO.\"}]},{\"@type\":\"WebSite\",\"@id\":\"https:\/\/verdadeon.com.br\/portal\/#website\",\"url\":\"https:\/\/verdadeon.com.br\/portal\/\",\"name\":\"VerdadeOn\",\"description\":\"Not\u00edcias di\u00e1rias sobre Franca, Regi\u00e3o, Esporte, Cultura, Cotidiano, Colunas. Cobertura nos principais eventos da cidade \u00e9 aqui - Verdadeon Franca\",\"potentialAction\":[{\"@type\":\"SearchAction\",\"target\":{\"@type\":\"EntryPoint\",\"urlTemplate\":\"https:\/\/verdadeon.com.br\/portal\/?s={search_term_string}\"},\"query-input\":{\"@type\":\"PropertyValueSpecification\",\"valueRequired\":true,\"valueName\":\"search_term_string\"}}],\"inLanguage\":\"pt-BR\"},{\"@type\":\"Person\",\"@id\":\"https:\/\/verdadeon.com.br\/portal\/#\/schema\/person\/a5060ad1e9ea3df545188fc93ce43d2f\",\"name\":\"Redacao VerdadeOn\",\"image\":{\"@type\":\"ImageObject\",\"inLanguage\":\"pt-BR\",\"@id\":\"https:\/\/verdadeon.com.br\/portal\/#\/schema\/person\/image\/\",\"url\":\"https:\/\/secure.gravatar.com\/avatar\/459a9613caaaf07f582c3d0841eea68bdd66f533e465e6ba8b9cb45619572cf4?s=96&d=mm&r=g\",\"contentUrl\":\"https:\/\/secure.gravatar.com\/avatar\/459a9613caaaf07f582c3d0841eea68bdd66f533e465e6ba8b9cb45619572cf4?s=96&d=mm&r=g\",\"caption\":\"Redacao VerdadeOn\"},\"url\":\"https:\/\/verdadeon.com.br\/portal\/author\/redacao\/\"}]}<\/script>\n<!-- \/ Yoast SEO plugin. -->","yoast_head_json":{"title":"ESSENCIALISMO. - VerdadeOn","robots":{"index":"index","follow":"follow","max-snippet":"max-snippet:-1","max-image-preview":"max-image-preview:large","max-video-preview":"max-video-preview:-1"},"canonical":"https:\/\/verdadeon.com.br\/portal\/2020\/09\/01\/essencialismo\/","og_locale":"pt_BR","og_type":"article","og_title":"ESSENCIALISMO. - VerdadeOn","og_description":"&nbsp; Em tempos de pandemia eu acreditava que o meu ritmo de trabalho diminuiria e que poderia, enfim concluir tarefas e metas importantes que eu tinha [\u2026]","og_url":"https:\/\/verdadeon.com.br\/portal\/2020\/09\/01\/essencialismo\/","og_site_name":"VerdadeOn","article_published_time":"2020-09-01T13:55:04+00:00","og_image":[{"url":"http:\/\/verdadeon.com.br\/portal\/wp-content\/uploads\/2020\/09\/acir-matos-scaled.jpg","type":"","width":"","height":""}],"author":"Redacao VerdadeOn","twitter_card":"summary_large_image","twitter_misc":{"Escrito por":"Redacao VerdadeOn","Est. tempo de leitura":"2 minutos"},"schema":{"@context":"https:\/\/schema.org","@graph":[{"@type":"WebPage","@id":"https:\/\/verdadeon.com.br\/portal\/2020\/09\/01\/essencialismo\/","url":"https:\/\/verdadeon.com.br\/portal\/2020\/09\/01\/essencialismo\/","name":"ESSENCIALISMO. - VerdadeOn","isPartOf":{"@id":"https:\/\/verdadeon.com.br\/portal\/#website"},"primaryImageOfPage":{"@id":"https:\/\/verdadeon.com.br\/portal\/2020\/09\/01\/essencialismo\/#primaryimage"},"image":{"@id":"https:\/\/verdadeon.com.br\/portal\/2020\/09\/01\/essencialismo\/#primaryimage"},"thumbnailUrl":"http:\/\/verdadeon.com.br\/portal\/wp-content\/uploads\/2020\/09\/acir-matos-scaled.jpg","datePublished":"2020-09-01T13:55:04+00:00","author":{"@id":"https:\/\/verdadeon.com.br\/portal\/#\/schema\/person\/a5060ad1e9ea3df545188fc93ce43d2f"},"breadcrumb":{"@id":"https:\/\/verdadeon.com.br\/portal\/2020\/09\/01\/essencialismo\/#breadcrumb"},"inLanguage":"pt-BR","potentialAction":[{"@type":"ReadAction","target":["https:\/\/verdadeon.com.br\/portal\/2020\/09\/01\/essencialismo\/"]}]},{"@type":"ImageObject","inLanguage":"pt-BR","@id":"https:\/\/verdadeon.com.br\/portal\/2020\/09\/01\/essencialismo\/#primaryimage","url":"http:\/\/verdadeon.com.br\/portal\/wp-content\/uploads\/2020\/09\/acir-matos-scaled.jpg","contentUrl":"http:\/\/verdadeon.com.br\/portal\/wp-content\/uploads\/2020\/09\/acir-matos-scaled.jpg"},{"@type":"BreadcrumbList","@id":"https:\/\/verdadeon.com.br\/portal\/2020\/09\/01\/essencialismo\/#breadcrumb","itemListElement":[{"@type":"ListItem","position":1,"name":"In\u00edcio","item":"https:\/\/verdadeon.com.br\/portal\/"},{"@type":"ListItem","position":2,"name":"ESSENCIALISMO."}]},{"@type":"WebSite","@id":"https:\/\/verdadeon.com.br\/portal\/#website","url":"https:\/\/verdadeon.com.br\/portal\/","name":"VerdadeOn","description":"Not\u00edcias di\u00e1rias sobre Franca, Regi\u00e3o, Esporte, Cultura, Cotidiano, Colunas. Cobertura nos principais eventos da cidade \u00e9 aqui - Verdadeon Franca","potentialAction":[{"@type":"SearchAction","target":{"@type":"EntryPoint","urlTemplate":"https:\/\/verdadeon.com.br\/portal\/?s={search_term_string}"},"query-input":{"@type":"PropertyValueSpecification","valueRequired":true,"valueName":"search_term_string"}}],"inLanguage":"pt-BR"},{"@type":"Person","@id":"https:\/\/verdadeon.com.br\/portal\/#\/schema\/person\/a5060ad1e9ea3df545188fc93ce43d2f","name":"Redacao VerdadeOn","image":{"@type":"ImageObject","inLanguage":"pt-BR","@id":"https:\/\/verdadeon.com.br\/portal\/#\/schema\/person\/image\/","url":"https:\/\/secure.gravatar.com\/avatar\/459a9613caaaf07f582c3d0841eea68bdd66f533e465e6ba8b9cb45619572cf4?s=96&d=mm&r=g","contentUrl":"https:\/\/secure.gravatar.com\/avatar\/459a9613caaaf07f582c3d0841eea68bdd66f533e465e6ba8b9cb45619572cf4?s=96&d=mm&r=g","caption":"Redacao VerdadeOn"},"url":"https:\/\/verdadeon.com.br\/portal\/author\/redacao\/"}]}},"jetpack_publicize_connections":[],"jetpack_featured_media_url":"","jetpack_sharing_enabled":true,"_links":{"self":[{"href":"https:\/\/verdadeon.com.br\/portal\/wp-json\/wp\/v2\/posts\/10178","targetHints":{"allow":["GET"]}}],"collection":[{"href":"https:\/\/verdadeon.com.br\/portal\/wp-json\/wp\/v2\/posts"}],"about":[{"href":"https:\/\/verdadeon.com.br\/portal\/wp-json\/wp\/v2\/types\/post"}],"author":[{"embeddable":true,"href":"https:\/\/verdadeon.com.br\/portal\/wp-json\/wp\/v2\/users\/10"}],"replies":[{"embeddable":true,"href":"https:\/\/verdadeon.com.br\/portal\/wp-json\/wp\/v2\/comments?post=10178"}],"version-history":[{"count":0,"href":"https:\/\/verdadeon.com.br\/portal\/wp-json\/wp\/v2\/posts\/10178\/revisions"}],"wp:attachment":[{"href":"https:\/\/verdadeon.com.br\/portal\/wp-json\/wp\/v2\/media?parent=10178"}],"wp:term":[{"taxonomy":"category","embeddable":true,"href":"https:\/\/verdadeon.com.br\/portal\/wp-json\/wp\/v2\/categories?post=10178"},{"taxonomy":"post_tag","embeddable":true,"href":"https:\/\/verdadeon.com.br\/portal\/wp-json\/wp\/v2\/tags?post=10178"}],"curies":[{"name":"wp","href":"https:\/\/api.w.org\/{rel}","templated":true}]}}