{"id":10042,"date":"2020-08-27T16:22:35","date_gmt":"2020-08-27T19:22:35","guid":{"rendered":"http:\/\/verdadeon.com.br\/portal\/?p=10042"},"modified":"2020-08-27T16:22:35","modified_gmt":"2020-08-27T19:22:35","slug":"franca-basquete-estreia-no-paulista-contra-bauru-no-dia-1-de-outubro","status":"publish","type":"post","link":"https:\/\/verdadeon.com.br\/portal\/2020\/08\/27\/franca-basquete-estreia-no-paulista-contra-bauru-no-dia-1-de-outubro\/","title":{"rendered":"Franca Basquete estreia no Paulista contra Bauru no dia 1\u00b0 de outubro"},"content":{"rendered":"<h2>Tabela da competi\u00e7\u00e3o foi divulgada na quarta pela Federa\u00e7\u00e3o Paulista de Basquete<\/h2>\n<p>O Sesi Franca Basquete j\u00e1 sabe a data e o advers\u00e1rio da primeira partida do Campeonato Paulista 2020. No dia 1\u00b0 de outubro, a equipe comandada por Helnho Garcia entra em quadra, fora de casa, para enfrentar o Bauru. A FPB (Federa\u00e7\u00e3o Paulista de Basquete) anunciou na noite da \u00faltima quarta-feira (26) a tabela e o regulamento para a competi\u00e7\u00e3o estadual. Ser\u00e3o 11 times divididos em dois grupos. Franca tamb\u00e9m ter\u00e1 como rivais a Liga Sorocabana, S\u00e3o Jo\u00e3o e Mogi das Cruzes.<\/p>\n<p>A competi\u00e7\u00e3o ser\u00e1 disputada em &#8220;tiro curto&#8221;, ou seja, com prazo curto de dura\u00e7\u00e3o. A decis\u00e3o est\u00e1 prevista para acontecer j\u00e1 em novembro. A data deve ser definida para entre os dias 7 e 10. Na segunda chave est\u00e3o Osasco, Corinthians, Pinheiros, S\u00e3o Paulo, Paulistano e S\u00e3o Jos\u00e9.<\/p>\n<p>Franca conquistou a ta\u00e7a das duas \u00faltimas temporadas no Campeonato Paulista. Para este ano, a dire\u00e7\u00e3o do clube afirma que espera lutar por mais um t\u00edtulo. &#8220;Como em qualquer competi\u00e7\u00e3o que um clube como o Sesi Franca entra, a expectativa \u00e9 de brigar pelas primeiras posi\u00e7\u00f5es e buscar o t\u00edtulo. Isso nunca vai sair da cabe\u00e7a de um time com essa tradi\u00e7\u00e3o. Claro que \u00e9 uma competi\u00e7\u00e3o com outras equipes de qualidade e uma temporada diferenciada, mas esse \u00e9 o pensamento&#8221;, disse Lula Ferreira.<\/p>\n","protected":false},"excerpt":{"rendered":"<p>Tabela da competi\u00e7\u00e3o foi divulgada na quarta pela Federa\u00e7\u00e3o Paulista de Basquete O Sesi Franca Basquete j\u00e1 sabe a data e o advers\u00e1rio da primeira partida<span class=\"excerpt-hellip\"> [\u2026]<\/span><\/p>\n","protected":false},"author":10,"featured_media":10043,"comment_status":"open","ping_status":"open","sticky":false,"template":"","format":"standard","meta":{"_jetpack_memberships_contains_paid_content":false,"footnotes":"","jetpack_publicize_message":"","jetpack_publicize_feature_enabled":true,"jetpack_social_post_already_shared":false,"jetpack_social_options":{"image_generator_settings":{"template":"highway","default_image_id":0,"enabled":false},"version":2}},"categories":[29,44],"tags":[],"class_list":["post-10042","post","type-post","status-publish","format-standard","has-post-thumbnail","hentry","category-esportes","category-noticias"],"yoast_head":"<!-- This site is optimized with the Yoast SEO plugin v25.6 - https:\/\/yoast.com\/wordpress\/plugins\/seo\/ -->\n<title>Franca Basquete estreia no Paulista contra Bauru no dia 1\u00b0 de outubro - VerdadeOn<\/title>\n<meta name=\"robots\" content=\"index, follow, max-snippet:-1, max-image-preview:large, max-video-preview:-1\" \/>\n<link rel=\"canonical\" href=\"https:\/\/verdadeon.com.br\/portal\/2020\/08\/27\/franca-basquete-estreia-no-paulista-contra-bauru-no-dia-1-de-outubro\/\" \/>\n<meta property=\"og:locale\" content=\"pt_BR\" \/>\n<meta property=\"og:type\" content=\"article\" \/>\n<meta property=\"og:title\" content=\"Franca Basquete estreia no Paulista contra Bauru no dia 1\u00b0 de outubro - VerdadeOn\" \/>\n<meta property=\"og:description\" content=\"Tabela da competi\u00e7\u00e3o foi divulgada na quarta pela Federa\u00e7\u00e3o Paulista de Basquete O Sesi Franca Basquete j\u00e1 sabe a data e o advers\u00e1rio da primeira partida [\u2026]\" \/>\n<meta property=\"og:url\" content=\"https:\/\/verdadeon.com.br\/portal\/2020\/08\/27\/franca-basquete-estreia-no-paulista-contra-bauru-no-dia-1-de-outubro\/\" \/>\n<meta property=\"og:site_name\" content=\"VerdadeOn\" \/>\n<meta property=\"article:published_time\" content=\"2020-08-27T19:22:35+00:00\" \/>\n<meta property=\"og:image\" content=\"https:\/\/verdadeon.com.br\/portal\/wp-content\/uploads\/2020\/08\/WhatsApp-Image-2020-08-27-at-15.02.19.jpeg\" \/>\n\t<meta property=\"og:image:width\" content=\"1000\" \/>\n\t<meta property=\"og:image:height\" content=\"670\" \/>\n\t<meta property=\"og:image:type\" content=\"image\/jpeg\" \/>\n<meta name=\"author\" content=\"Redacao VerdadeOn\" \/>\n<meta name=\"twitter:card\" content=\"summary_large_image\" \/>\n<meta name=\"twitter:label1\" content=\"Escrito por\" \/>\n\t<meta name=\"twitter:data1\" content=\"Redacao VerdadeOn\" \/>\n\t<meta name=\"twitter:label2\" content=\"Est. tempo de leitura\" \/>\n\t<meta name=\"twitter:data2\" content=\"1 minuto\" \/>\n<script type=\"application\/ld+json\" class=\"yoast-schema-graph\">{\"@context\":\"https:\/\/schema.org\",\"@graph\":[{\"@type\":\"WebPage\",\"@id\":\"https:\/\/verdadeon.com.br\/portal\/2020\/08\/27\/franca-basquete-estreia-no-paulista-contra-bauru-no-dia-1-de-outubro\/\",\"url\":\"https:\/\/verdadeon.com.br\/portal\/2020\/08\/27\/franca-basquete-estreia-no-paulista-contra-bauru-no-dia-1-de-outubro\/\",\"name\":\"Franca Basquete estreia no Paulista contra Bauru no dia 1\u00b0 de outubro - VerdadeOn\",\"isPartOf\":{\"@id\":\"https:\/\/verdadeon.com.br\/portal\/#website\"},\"primaryImageOfPage\":{\"@id\":\"https:\/\/verdadeon.com.br\/portal\/2020\/08\/27\/franca-basquete-estreia-no-paulista-contra-bauru-no-dia-1-de-outubro\/#primaryimage\"},\"image\":{\"@id\":\"https:\/\/verdadeon.com.br\/portal\/2020\/08\/27\/franca-basquete-estreia-no-paulista-contra-bauru-no-dia-1-de-outubro\/#primaryimage\"},\"thumbnailUrl\":\"https:\/\/i0.wp.com\/verdadeon.com.br\/portal\/wp-content\/uploads\/2020\/08\/WhatsApp-Image-2020-08-27-at-15.02.19.jpeg?fit=1000%2C670&ssl=1\",\"datePublished\":\"2020-08-27T19:22:35+00:00\",\"author\":{\"@id\":\"https:\/\/verdadeon.com.br\/portal\/#\/schema\/person\/a5060ad1e9ea3df545188fc93ce43d2f\"},\"breadcrumb\":{\"@id\":\"https:\/\/verdadeon.com.br\/portal\/2020\/08\/27\/franca-basquete-estreia-no-paulista-contra-bauru-no-dia-1-de-outubro\/#breadcrumb\"},\"inLanguage\":\"pt-BR\",\"potentialAction\":[{\"@type\":\"ReadAction\",\"target\":[\"https:\/\/verdadeon.com.br\/portal\/2020\/08\/27\/franca-basquete-estreia-no-paulista-contra-bauru-no-dia-1-de-outubro\/\"]}]},{\"@type\":\"ImageObject\",\"inLanguage\":\"pt-BR\",\"@id\":\"https:\/\/verdadeon.com.br\/portal\/2020\/08\/27\/franca-basquete-estreia-no-paulista-contra-bauru-no-dia-1-de-outubro\/#primaryimage\",\"url\":\"https:\/\/i0.wp.com\/verdadeon.com.br\/portal\/wp-content\/uploads\/2020\/08\/WhatsApp-Image-2020-08-27-at-15.02.19.jpeg?fit=1000%2C670&ssl=1\",\"contentUrl\":\"https:\/\/i0.wp.com\/verdadeon.com.br\/portal\/wp-content\/uploads\/2020\/08\/WhatsApp-Image-2020-08-27-at-15.02.19.jpeg?fit=1000%2C670&ssl=1\",\"width\":1000,\"height\":670,\"caption\":\"Helinho Garcia destacou que as equipes do sul est\u00e3o fazendo bons jogos, e que time aposta na intensidade de jogo | Foto: Divulga\u00e7\u00e3o\"},{\"@type\":\"BreadcrumbList\",\"@id\":\"https:\/\/verdadeon.com.br\/portal\/2020\/08\/27\/franca-basquete-estreia-no-paulista-contra-bauru-no-dia-1-de-outubro\/#breadcrumb\",\"itemListElement\":[{\"@type\":\"ListItem\",\"position\":1,\"name\":\"In\u00edcio\",\"item\":\"https:\/\/verdadeon.com.br\/portal\/\"},{\"@type\":\"ListItem\",\"position\":2,\"name\":\"Franca Basquete estreia no Paulista contra Bauru no dia 1\u00b0 de outubro\"}]},{\"@type\":\"WebSite\",\"@id\":\"https:\/\/verdadeon.com.br\/portal\/#website\",\"url\":\"https:\/\/verdadeon.com.br\/portal\/\",\"name\":\"VerdadeOn\",\"description\":\"Not\u00edcias di\u00e1rias sobre Franca, Regi\u00e3o, Esporte, Cultura, Cotidiano, Colunas. Cobertura nos principais eventos da cidade \u00e9 aqui - Verdadeon Franca\",\"potentialAction\":[{\"@type\":\"SearchAction\",\"target\":{\"@type\":\"EntryPoint\",\"urlTemplate\":\"https:\/\/verdadeon.com.br\/portal\/?s={search_term_string}\"},\"query-input\":{\"@type\":\"PropertyValueSpecification\",\"valueRequired\":true,\"valueName\":\"search_term_string\"}}],\"inLanguage\":\"pt-BR\"},{\"@type\":\"Person\",\"@id\":\"https:\/\/verdadeon.com.br\/portal\/#\/schema\/person\/a5060ad1e9ea3df545188fc93ce43d2f\",\"name\":\"Redacao VerdadeOn\",\"image\":{\"@type\":\"ImageObject\",\"inLanguage\":\"pt-BR\",\"@id\":\"https:\/\/verdadeon.com.br\/portal\/#\/schema\/person\/image\/\",\"url\":\"https:\/\/secure.gravatar.com\/avatar\/459a9613caaaf07f582c3d0841eea68bdd66f533e465e6ba8b9cb45619572cf4?s=96&d=mm&r=g\",\"contentUrl\":\"https:\/\/secure.gravatar.com\/avatar\/459a9613caaaf07f582c3d0841eea68bdd66f533e465e6ba8b9cb45619572cf4?s=96&d=mm&r=g\",\"caption\":\"Redacao VerdadeOn\"},\"url\":\"https:\/\/verdadeon.com.br\/portal\/author\/redacao\/\"}]}<\/script>\n<!-- \/ Yoast SEO plugin. -->","yoast_head_json":{"title":"Franca Basquete estreia no Paulista contra Bauru no dia 1\u00b0 de outubro - VerdadeOn","robots":{"index":"index","follow":"follow","max-snippet":"max-snippet:-1","max-image-preview":"max-image-preview:large","max-video-preview":"max-video-preview:-1"},"canonical":"https:\/\/verdadeon.com.br\/portal\/2020\/08\/27\/franca-basquete-estreia-no-paulista-contra-bauru-no-dia-1-de-outubro\/","og_locale":"pt_BR","og_type":"article","og_title":"Franca Basquete estreia no Paulista contra Bauru no dia 1\u00b0 de outubro - VerdadeOn","og_description":"Tabela da competi\u00e7\u00e3o foi divulgada na quarta pela Federa\u00e7\u00e3o Paulista de Basquete O Sesi Franca Basquete j\u00e1 sabe a data e o advers\u00e1rio da primeira partida [\u2026]","og_url":"https:\/\/verdadeon.com.br\/portal\/2020\/08\/27\/franca-basquete-estreia-no-paulista-contra-bauru-no-dia-1-de-outubro\/","og_site_name":"VerdadeOn","article_published_time":"2020-08-27T19:22:35+00:00","og_image":[{"width":1000,"height":670,"url":"https:\/\/verdadeon.com.br\/portal\/wp-content\/uploads\/2020\/08\/WhatsApp-Image-2020-08-27-at-15.02.19.jpeg","type":"image\/jpeg"}],"author":"Redacao VerdadeOn","twitter_card":"summary_large_image","twitter_misc":{"Escrito por":"Redacao VerdadeOn","Est. tempo de leitura":"1 minuto"},"schema":{"@context":"https:\/\/schema.org","@graph":[{"@type":"WebPage","@id":"https:\/\/verdadeon.com.br\/portal\/2020\/08\/27\/franca-basquete-estreia-no-paulista-contra-bauru-no-dia-1-de-outubro\/","url":"https:\/\/verdadeon.com.br\/portal\/2020\/08\/27\/franca-basquete-estreia-no-paulista-contra-bauru-no-dia-1-de-outubro\/","name":"Franca Basquete estreia no Paulista contra Bauru no dia 1\u00b0 de outubro - VerdadeOn","isPartOf":{"@id":"https:\/\/verdadeon.com.br\/portal\/#website"},"primaryImageOfPage":{"@id":"https:\/\/verdadeon.com.br\/portal\/2020\/08\/27\/franca-basquete-estreia-no-paulista-contra-bauru-no-dia-1-de-outubro\/#primaryimage"},"image":{"@id":"https:\/\/verdadeon.com.br\/portal\/2020\/08\/27\/franca-basquete-estreia-no-paulista-contra-bauru-no-dia-1-de-outubro\/#primaryimage"},"thumbnailUrl":"https:\/\/i0.wp.com\/verdadeon.com.br\/portal\/wp-content\/uploads\/2020\/08\/WhatsApp-Image-2020-08-27-at-15.02.19.jpeg?fit=1000%2C670&ssl=1","datePublished":"2020-08-27T19:22:35+00:00","author":{"@id":"https:\/\/verdadeon.com.br\/portal\/#\/schema\/person\/a5060ad1e9ea3df545188fc93ce43d2f"},"breadcrumb":{"@id":"https:\/\/verdadeon.com.br\/portal\/2020\/08\/27\/franca-basquete-estreia-no-paulista-contra-bauru-no-dia-1-de-outubro\/#breadcrumb"},"inLanguage":"pt-BR","potentialAction":[{"@type":"ReadAction","target":["https:\/\/verdadeon.com.br\/portal\/2020\/08\/27\/franca-basquete-estreia-no-paulista-contra-bauru-no-dia-1-de-outubro\/"]}]},{"@type":"ImageObject","inLanguage":"pt-BR","@id":"https:\/\/verdadeon.com.br\/portal\/2020\/08\/27\/franca-basquete-estreia-no-paulista-contra-bauru-no-dia-1-de-outubro\/#primaryimage","url":"https:\/\/i0.wp.com\/verdadeon.com.br\/portal\/wp-content\/uploads\/2020\/08\/WhatsApp-Image-2020-08-27-at-15.02.19.jpeg?fit=1000%2C670&ssl=1","contentUrl":"https:\/\/i0.wp.com\/verdadeon.com.br\/portal\/wp-content\/uploads\/2020\/08\/WhatsApp-Image-2020-08-27-at-15.02.19.jpeg?fit=1000%2C670&ssl=1","width":1000,"height":670,"caption":"Helinho Garcia destacou que as equipes do sul est\u00e3o fazendo bons jogos, e que time aposta na intensidade de jogo | Foto: Divulga\u00e7\u00e3o"},{"@type":"BreadcrumbList","@id":"https:\/\/verdadeon.com.br\/portal\/2020\/08\/27\/franca-basquete-estreia-no-paulista-contra-bauru-no-dia-1-de-outubro\/#breadcrumb","itemListElement":[{"@type":"ListItem","position":1,"name":"In\u00edcio","item":"https:\/\/verdadeon.com.br\/portal\/"},{"@type":"ListItem","position":2,"name":"Franca Basquete estreia no Paulista contra Bauru no dia 1\u00b0 de outubro"}]},{"@type":"WebSite","@id":"https:\/\/verdadeon.com.br\/portal\/#website","url":"https:\/\/verdadeon.com.br\/portal\/","name":"VerdadeOn","description":"Not\u00edcias di\u00e1rias sobre Franca, Regi\u00e3o, Esporte, Cultura, Cotidiano, Colunas. Cobertura nos principais eventos da cidade \u00e9 aqui - Verdadeon Franca","potentialAction":[{"@type":"SearchAction","target":{"@type":"EntryPoint","urlTemplate":"https:\/\/verdadeon.com.br\/portal\/?s={search_term_string}"},"query-input":{"@type":"PropertyValueSpecification","valueRequired":true,"valueName":"search_term_string"}}],"inLanguage":"pt-BR"},{"@type":"Person","@id":"https:\/\/verdadeon.com.br\/portal\/#\/schema\/person\/a5060ad1e9ea3df545188fc93ce43d2f","name":"Redacao VerdadeOn","image":{"@type":"ImageObject","inLanguage":"pt-BR","@id":"https:\/\/verdadeon.com.br\/portal\/#\/schema\/person\/image\/","url":"https:\/\/secure.gravatar.com\/avatar\/459a9613caaaf07f582c3d0841eea68bdd66f533e465e6ba8b9cb45619572cf4?s=96&d=mm&r=g","contentUrl":"https:\/\/secure.gravatar.com\/avatar\/459a9613caaaf07f582c3d0841eea68bdd66f533e465e6ba8b9cb45619572cf4?s=96&d=mm&r=g","caption":"Redacao VerdadeOn"},"url":"https:\/\/verdadeon.com.br\/portal\/author\/redacao\/"}]}},"jetpack_publicize_connections":[],"jetpack_featured_media_url":"https:\/\/i0.wp.com\/verdadeon.com.br\/portal\/wp-content\/uploads\/2020\/08\/WhatsApp-Image-2020-08-27-at-15.02.19.jpeg?fit=1000%2C670&ssl=1","jetpack_sharing_enabled":true,"_links":{"self":[{"href":"https:\/\/verdadeon.com.br\/portal\/wp-json\/wp\/v2\/posts\/10042","targetHints":{"allow":["GET"]}}],"collection":[{"href":"https:\/\/verdadeon.com.br\/portal\/wp-json\/wp\/v2\/posts"}],"about":[{"href":"https:\/\/verdadeon.com.br\/portal\/wp-json\/wp\/v2\/types\/post"}],"author":[{"embeddable":true,"href":"https:\/\/verdadeon.com.br\/portal\/wp-json\/wp\/v2\/users\/10"}],"replies":[{"embeddable":true,"href":"https:\/\/verdadeon.com.br\/portal\/wp-json\/wp\/v2\/comments?post=10042"}],"version-history":[{"count":0,"href":"https:\/\/verdadeon.com.br\/portal\/wp-json\/wp\/v2\/posts\/10042\/revisions"}],"wp:featuredmedia":[{"embeddable":true,"href":"https:\/\/verdadeon.com.br\/portal\/wp-json\/wp\/v2\/media\/10043"}],"wp:attachment":[{"href":"https:\/\/verdadeon.com.br\/portal\/wp-json\/wp\/v2\/media?parent=10042"}],"wp:term":[{"taxonomy":"category","embeddable":true,"href":"https:\/\/verdadeon.com.br\/portal\/wp-json\/wp\/v2\/categories?post=10042"},{"taxonomy":"post_tag","embeddable":true,"href":"https:\/\/verdadeon.com.br\/portal\/wp-json\/wp\/v2\/tags?post=10042"}],"curies":[{"name":"wp","href":"https:\/\/api.w.org\/{rel}","templated":true}]}}