{"id":10006,"date":"2020-08-26T14:40:58","date_gmt":"2020-08-26T17:40:58","guid":{"rendered":"http:\/\/verdadeon.com.br\/portal\/?p=10006"},"modified":"2020-08-26T15:00:38","modified_gmt":"2020-08-26T18:00:38","slug":"a-intel-fara-promocoes-para-o-dia-internacional-do-gamer-a-partir-de-28-de-agosto","status":"publish","type":"post","link":"https:\/\/verdadeon.com.br\/portal\/2020\/08\/26\/a-intel-fara-promocoes-para-o-dia-internacional-do-gamer-a-partir-de-28-de-agosto\/","title":{"rendered":"A Intel far\u00e1 promo\u00e7\u00f5es para o Dia Internacional do Gamer a partir de 28 de agosto"},"content":{"rendered":"<p>O Dia Internacional do Gamer ser\u00e1 em 29 de agosto, mas a\u00a0<a class=\"linkagem\" title=\"Ir para tudo sobre Intel\" href=\"https:\/\/canaltech.com.br\/empresa\/intel\/\">Intel<\/a>\u00a0j\u00e1 est\u00e1 com a m\u00e3o na massa para garantir que as comemora\u00e7\u00f5es possam ser feitas com gamers felizes por terem comprado alguns mimos a pre\u00e7os melhores. A empresa anunciou que far\u00e1 o Gamer Days, uma megapromo\u00e7\u00e3o em parceria com 17 marcas da ind\u00fastria dos jogos.<\/p>\n<p>A partir de 28 de agosto, a Intel colocar\u00e1 um hotsite no ar que englobar\u00e1 todas as\u00a0<a class=\"termo\" href=\"https:\/\/ofertas.canaltech.com.br\/\">ofertas<\/a>. At\u00e9 o dia 6 de setembro os gamers do Brasil poder\u00e3o adquirir produtos da Intel e seus parceiros a pre\u00e7os diferenciados, mas, claro, com foco em seus pr\u00f3prios produtos e a\u00e7\u00f5es.<\/p>\n<p>A principal delas consiste em um pr\u00eamio especial para os f\u00e3s de super-her\u00f3is: quem comprar um dispositivo gamer com processadores Intel Core i5, Intel Core i7 ou Intel Core i9 de 9\u00aa ou 10\u00aa gera\u00e7\u00e3o participantes, ganhar\u00e1 com exclusividade o download do jogo\u00a0<a href=\"https:\/\/canaltech.com.br\/games\/preview-marvels-avengers-169345\/\" target=\"_blank\" rel=\"noopener noreferrer\">Marvel&#8217;s Avengers<\/a>, que ser\u00e1 lan\u00e7ado no dia 4 de setembro para PC,\u00a0<a class=\"linkagem\" title=\"Ir para tudo sobre Xbox One\" href=\"https:\/\/canaltech.com.br\/produto\/microsoft\/xbox-one\/\">Xbox One<\/a>\u00a0e\u00a0<a class=\"linkagem\" title=\"Ir para tudo sobre PlayStation 4\" href=\"https:\/\/canaltech.com.br\/produto\/sony\/playstation-4\/\">PlayStation 4<\/a>.<\/p>\n<div class=\"continua-apos-publicidade\">\n<div id=\"banner-970x250-area\" class=\"advertisement ai5f469d13e1017 billboard\" data-google-query-id=\"CK2VoqC0uesCFQkFuQYdF8AJWw\"><img data-recalc-dims=\"1\" decoding=\"async\" src=\"https:\/\/i0.wp.com\/ibcdn.canaltech.com.br\/w660i3439\/intel-gamer-days.jpeg?w=1220&#038;ssl=1\" \/><br \/>\n<em><em>Hotsite da promo\u00e7\u00e3o entrar\u00e1 no ar em 28 de agosto\/ Captura de Tela: Intel<\/em><\/em><\/div>\n<\/div>\n<div data-google-query-id=\"CK2VoqC0uesCFQkFuQYdF8AJWw\">O site do\u00a0<a href=\"http:\/\/gamerdays.intel.com.br\/\" target=\"_blank\" rel=\"nofollow noopener noreferrer\">Gamer Days<\/a>\u00a0estar\u00e1 no ar a partir de 28 de agosto. Todos os regulamentos para a promo\u00e7\u00e3o do game dos Avengers tamb\u00e9m estar\u00e3o neste endere\u00e7o.<\/div>\n","protected":false},"excerpt":{"rendered":"<p>O Dia Internacional do Gamer ser\u00e1 em 29 de agosto, mas a\u00a0Intel\u00a0j\u00e1 est\u00e1 com a m\u00e3o na massa para garantir que as comemora\u00e7\u00f5es possam ser feitas<span class=\"excerpt-hellip\"> [\u2026]<\/span><\/p>\n","protected":false},"author":10,"featured_media":10007,"comment_status":"open","ping_status":"open","sticky":false,"template":"","format":"standard","meta":{"_jetpack_memberships_contains_paid_content":false,"footnotes":"","jetpack_publicize_message":"","jetpack_publicize_feature_enabled":true,"jetpack_social_post_already_shared":false,"jetpack_social_options":{"image_generator_settings":{"template":"highway","default_image_id":0,"enabled":false},"version":2}},"categories":[51,30],"tags":[117],"class_list":["post-10006","post","type-post","status-publish","format-standard","has-post-thumbnail","hentry","category-ciencia-e-tecnologia","category-variedades","tag-cet"],"yoast_head":"<!-- This site is optimized with the Yoast SEO plugin v25.6 - https:\/\/yoast.com\/wordpress\/plugins\/seo\/ -->\n<title>A Intel far\u00e1 promo\u00e7\u00f5es para o Dia Internacional do Gamer a partir de 28 de agosto - VerdadeOn<\/title>\n<meta name=\"robots\" content=\"index, follow, max-snippet:-1, max-image-preview:large, max-video-preview:-1\" \/>\n<link rel=\"canonical\" href=\"https:\/\/verdadeon.com.br\/portal\/2020\/08\/26\/a-intel-fara-promocoes-para-o-dia-internacional-do-gamer-a-partir-de-28-de-agosto\/\" \/>\n<meta property=\"og:locale\" content=\"pt_BR\" \/>\n<meta property=\"og:type\" content=\"article\" \/>\n<meta property=\"og:title\" content=\"A Intel far\u00e1 promo\u00e7\u00f5es para o Dia Internacional do Gamer a partir de 28 de agosto - VerdadeOn\" \/>\n<meta property=\"og:description\" content=\"O Dia Internacional do Gamer ser\u00e1 em 29 de agosto, mas a\u00a0Intel\u00a0j\u00e1 est\u00e1 com a m\u00e3o na massa para garantir que as comemora\u00e7\u00f5es possam ser feitas [\u2026]\" \/>\n<meta property=\"og:url\" content=\"https:\/\/verdadeon.com.br\/portal\/2020\/08\/26\/a-intel-fara-promocoes-para-o-dia-internacional-do-gamer-a-partir-de-28-de-agosto\/\" \/>\n<meta property=\"og:site_name\" content=\"VerdadeOn\" \/>\n<meta property=\"article:published_time\" content=\"2020-08-26T17:40:58+00:00\" \/>\n<meta property=\"article:modified_time\" content=\"2020-08-26T18:00:38+00:00\" \/>\n<meta property=\"og:image\" content=\"https:\/\/verdadeon.com.br\/portal\/wp-content\/uploads\/2020\/08\/Intel-Logo.png\" \/>\n\t<meta property=\"og:image:width\" content=\"644\" \/>\n\t<meta property=\"og:image:height\" content=\"364\" \/>\n\t<meta property=\"og:image:type\" content=\"image\/png\" \/>\n<meta name=\"author\" content=\"Redacao VerdadeOn\" \/>\n<meta name=\"twitter:card\" content=\"summary_large_image\" \/>\n<meta name=\"twitter:label1\" content=\"Escrito por\" \/>\n\t<meta name=\"twitter:data1\" content=\"Redacao VerdadeOn\" \/>\n\t<meta name=\"twitter:label2\" content=\"Est. tempo de leitura\" \/>\n\t<meta name=\"twitter:data2\" content=\"1 minuto\" \/>\n<script type=\"application\/ld+json\" class=\"yoast-schema-graph\">{\"@context\":\"https:\/\/schema.org\",\"@graph\":[{\"@type\":\"WebPage\",\"@id\":\"https:\/\/verdadeon.com.br\/portal\/2020\/08\/26\/a-intel-fara-promocoes-para-o-dia-internacional-do-gamer-a-partir-de-28-de-agosto\/\",\"url\":\"https:\/\/verdadeon.com.br\/portal\/2020\/08\/26\/a-intel-fara-promocoes-para-o-dia-internacional-do-gamer-a-partir-de-28-de-agosto\/\",\"name\":\"A Intel far\u00e1 promo\u00e7\u00f5es para o Dia Internacional do Gamer a partir de 28 de agosto - VerdadeOn\",\"isPartOf\":{\"@id\":\"https:\/\/verdadeon.com.br\/portal\/#website\"},\"primaryImageOfPage\":{\"@id\":\"https:\/\/verdadeon.com.br\/portal\/2020\/08\/26\/a-intel-fara-promocoes-para-o-dia-internacional-do-gamer-a-partir-de-28-de-agosto\/#primaryimage\"},\"image\":{\"@id\":\"https:\/\/verdadeon.com.br\/portal\/2020\/08\/26\/a-intel-fara-promocoes-para-o-dia-internacional-do-gamer-a-partir-de-28-de-agosto\/#primaryimage\"},\"thumbnailUrl\":\"https:\/\/i0.wp.com\/verdadeon.com.br\/portal\/wp-content\/uploads\/2020\/08\/Intel-Logo.png?fit=644%2C364&ssl=1\",\"datePublished\":\"2020-08-26T17:40:58+00:00\",\"dateModified\":\"2020-08-26T18:00:38+00:00\",\"author\":{\"@id\":\"https:\/\/verdadeon.com.br\/portal\/#\/schema\/person\/a5060ad1e9ea3df545188fc93ce43d2f\"},\"breadcrumb\":{\"@id\":\"https:\/\/verdadeon.com.br\/portal\/2020\/08\/26\/a-intel-fara-promocoes-para-o-dia-internacional-do-gamer-a-partir-de-28-de-agosto\/#breadcrumb\"},\"inLanguage\":\"pt-BR\",\"potentialAction\":[{\"@type\":\"ReadAction\",\"target\":[\"https:\/\/verdadeon.com.br\/portal\/2020\/08\/26\/a-intel-fara-promocoes-para-o-dia-internacional-do-gamer-a-partir-de-28-de-agosto\/\"]}]},{\"@type\":\"ImageObject\",\"inLanguage\":\"pt-BR\",\"@id\":\"https:\/\/verdadeon.com.br\/portal\/2020\/08\/26\/a-intel-fara-promocoes-para-o-dia-internacional-do-gamer-a-partir-de-28-de-agosto\/#primaryimage\",\"url\":\"https:\/\/i0.wp.com\/verdadeon.com.br\/portal\/wp-content\/uploads\/2020\/08\/Intel-Logo.png?fit=644%2C364&ssl=1\",\"contentUrl\":\"https:\/\/i0.wp.com\/verdadeon.com.br\/portal\/wp-content\/uploads\/2020\/08\/Intel-Logo.png?fit=644%2C364&ssl=1\",\"width\":644,\"height\":364},{\"@type\":\"BreadcrumbList\",\"@id\":\"https:\/\/verdadeon.com.br\/portal\/2020\/08\/26\/a-intel-fara-promocoes-para-o-dia-internacional-do-gamer-a-partir-de-28-de-agosto\/#breadcrumb\",\"itemListElement\":[{\"@type\":\"ListItem\",\"position\":1,\"name\":\"In\u00edcio\",\"item\":\"https:\/\/verdadeon.com.br\/portal\/\"},{\"@type\":\"ListItem\",\"position\":2,\"name\":\"A Intel far\u00e1 promo\u00e7\u00f5es para o Dia Internacional do Gamer a partir de 28 de agosto\"}]},{\"@type\":\"WebSite\",\"@id\":\"https:\/\/verdadeon.com.br\/portal\/#website\",\"url\":\"https:\/\/verdadeon.com.br\/portal\/\",\"name\":\"VerdadeOn\",\"description\":\"Not\u00edcias di\u00e1rias sobre Franca, Regi\u00e3o, Esporte, Cultura, Cotidiano, Colunas. Cobertura nos principais eventos da cidade \u00e9 aqui - Verdadeon Franca\",\"potentialAction\":[{\"@type\":\"SearchAction\",\"target\":{\"@type\":\"EntryPoint\",\"urlTemplate\":\"https:\/\/verdadeon.com.br\/portal\/?s={search_term_string}\"},\"query-input\":{\"@type\":\"PropertyValueSpecification\",\"valueRequired\":true,\"valueName\":\"search_term_string\"}}],\"inLanguage\":\"pt-BR\"},{\"@type\":\"Person\",\"@id\":\"https:\/\/verdadeon.com.br\/portal\/#\/schema\/person\/a5060ad1e9ea3df545188fc93ce43d2f\",\"name\":\"Redacao VerdadeOn\",\"image\":{\"@type\":\"ImageObject\",\"inLanguage\":\"pt-BR\",\"@id\":\"https:\/\/verdadeon.com.br\/portal\/#\/schema\/person\/image\/\",\"url\":\"https:\/\/secure.gravatar.com\/avatar\/459a9613caaaf07f582c3d0841eea68bdd66f533e465e6ba8b9cb45619572cf4?s=96&d=mm&r=g\",\"contentUrl\":\"https:\/\/secure.gravatar.com\/avatar\/459a9613caaaf07f582c3d0841eea68bdd66f533e465e6ba8b9cb45619572cf4?s=96&d=mm&r=g\",\"caption\":\"Redacao VerdadeOn\"},\"url\":\"https:\/\/verdadeon.com.br\/portal\/author\/redacao\/\"}]}<\/script>\n<!-- \/ Yoast SEO plugin. -->","yoast_head_json":{"title":"A Intel far\u00e1 promo\u00e7\u00f5es para o Dia Internacional do Gamer a partir de 28 de agosto - VerdadeOn","robots":{"index":"index","follow":"follow","max-snippet":"max-snippet:-1","max-image-preview":"max-image-preview:large","max-video-preview":"max-video-preview:-1"},"canonical":"https:\/\/verdadeon.com.br\/portal\/2020\/08\/26\/a-intel-fara-promocoes-para-o-dia-internacional-do-gamer-a-partir-de-28-de-agosto\/","og_locale":"pt_BR","og_type":"article","og_title":"A Intel far\u00e1 promo\u00e7\u00f5es para o Dia Internacional do Gamer a partir de 28 de agosto - VerdadeOn","og_description":"O Dia Internacional do Gamer ser\u00e1 em 29 de agosto, mas a\u00a0Intel\u00a0j\u00e1 est\u00e1 com a m\u00e3o na massa para garantir que as comemora\u00e7\u00f5es possam ser feitas [\u2026]","og_url":"https:\/\/verdadeon.com.br\/portal\/2020\/08\/26\/a-intel-fara-promocoes-para-o-dia-internacional-do-gamer-a-partir-de-28-de-agosto\/","og_site_name":"VerdadeOn","article_published_time":"2020-08-26T17:40:58+00:00","article_modified_time":"2020-08-26T18:00:38+00:00","og_image":[{"width":644,"height":364,"url":"https:\/\/verdadeon.com.br\/portal\/wp-content\/uploads\/2020\/08\/Intel-Logo.png","type":"image\/png"}],"author":"Redacao VerdadeOn","twitter_card":"summary_large_image","twitter_misc":{"Escrito por":"Redacao VerdadeOn","Est. tempo de leitura":"1 minuto"},"schema":{"@context":"https:\/\/schema.org","@graph":[{"@type":"WebPage","@id":"https:\/\/verdadeon.com.br\/portal\/2020\/08\/26\/a-intel-fara-promocoes-para-o-dia-internacional-do-gamer-a-partir-de-28-de-agosto\/","url":"https:\/\/verdadeon.com.br\/portal\/2020\/08\/26\/a-intel-fara-promocoes-para-o-dia-internacional-do-gamer-a-partir-de-28-de-agosto\/","name":"A Intel far\u00e1 promo\u00e7\u00f5es para o Dia Internacional do Gamer a partir de 28 de agosto - VerdadeOn","isPartOf":{"@id":"https:\/\/verdadeon.com.br\/portal\/#website"},"primaryImageOfPage":{"@id":"https:\/\/verdadeon.com.br\/portal\/2020\/08\/26\/a-intel-fara-promocoes-para-o-dia-internacional-do-gamer-a-partir-de-28-de-agosto\/#primaryimage"},"image":{"@id":"https:\/\/verdadeon.com.br\/portal\/2020\/08\/26\/a-intel-fara-promocoes-para-o-dia-internacional-do-gamer-a-partir-de-28-de-agosto\/#primaryimage"},"thumbnailUrl":"https:\/\/i0.wp.com\/verdadeon.com.br\/portal\/wp-content\/uploads\/2020\/08\/Intel-Logo.png?fit=644%2C364&ssl=1","datePublished":"2020-08-26T17:40:58+00:00","dateModified":"2020-08-26T18:00:38+00:00","author":{"@id":"https:\/\/verdadeon.com.br\/portal\/#\/schema\/person\/a5060ad1e9ea3df545188fc93ce43d2f"},"breadcrumb":{"@id":"https:\/\/verdadeon.com.br\/portal\/2020\/08\/26\/a-intel-fara-promocoes-para-o-dia-internacional-do-gamer-a-partir-de-28-de-agosto\/#breadcrumb"},"inLanguage":"pt-BR","potentialAction":[{"@type":"ReadAction","target":["https:\/\/verdadeon.com.br\/portal\/2020\/08\/26\/a-intel-fara-promocoes-para-o-dia-internacional-do-gamer-a-partir-de-28-de-agosto\/"]}]},{"@type":"ImageObject","inLanguage":"pt-BR","@id":"https:\/\/verdadeon.com.br\/portal\/2020\/08\/26\/a-intel-fara-promocoes-para-o-dia-internacional-do-gamer-a-partir-de-28-de-agosto\/#primaryimage","url":"https:\/\/i0.wp.com\/verdadeon.com.br\/portal\/wp-content\/uploads\/2020\/08\/Intel-Logo.png?fit=644%2C364&ssl=1","contentUrl":"https:\/\/i0.wp.com\/verdadeon.com.br\/portal\/wp-content\/uploads\/2020\/08\/Intel-Logo.png?fit=644%2C364&ssl=1","width":644,"height":364},{"@type":"BreadcrumbList","@id":"https:\/\/verdadeon.com.br\/portal\/2020\/08\/26\/a-intel-fara-promocoes-para-o-dia-internacional-do-gamer-a-partir-de-28-de-agosto\/#breadcrumb","itemListElement":[{"@type":"ListItem","position":1,"name":"In\u00edcio","item":"https:\/\/verdadeon.com.br\/portal\/"},{"@type":"ListItem","position":2,"name":"A Intel far\u00e1 promo\u00e7\u00f5es para o Dia Internacional do Gamer a partir de 28 de agosto"}]},{"@type":"WebSite","@id":"https:\/\/verdadeon.com.br\/portal\/#website","url":"https:\/\/verdadeon.com.br\/portal\/","name":"VerdadeOn","description":"Not\u00edcias di\u00e1rias sobre Franca, Regi\u00e3o, Esporte, Cultura, Cotidiano, Colunas. Cobertura nos principais eventos da cidade \u00e9 aqui - Verdadeon Franca","potentialAction":[{"@type":"SearchAction","target":{"@type":"EntryPoint","urlTemplate":"https:\/\/verdadeon.com.br\/portal\/?s={search_term_string}"},"query-input":{"@type":"PropertyValueSpecification","valueRequired":true,"valueName":"search_term_string"}}],"inLanguage":"pt-BR"},{"@type":"Person","@id":"https:\/\/verdadeon.com.br\/portal\/#\/schema\/person\/a5060ad1e9ea3df545188fc93ce43d2f","name":"Redacao VerdadeOn","image":{"@type":"ImageObject","inLanguage":"pt-BR","@id":"https:\/\/verdadeon.com.br\/portal\/#\/schema\/person\/image\/","url":"https:\/\/secure.gravatar.com\/avatar\/459a9613caaaf07f582c3d0841eea68bdd66f533e465e6ba8b9cb45619572cf4?s=96&d=mm&r=g","contentUrl":"https:\/\/secure.gravatar.com\/avatar\/459a9613caaaf07f582c3d0841eea68bdd66f533e465e6ba8b9cb45619572cf4?s=96&d=mm&r=g","caption":"Redacao VerdadeOn"},"url":"https:\/\/verdadeon.com.br\/portal\/author\/redacao\/"}]}},"jetpack_publicize_connections":[],"jetpack_featured_media_url":"https:\/\/i0.wp.com\/verdadeon.com.br\/portal\/wp-content\/uploads\/2020\/08\/Intel-Logo.png?fit=644%2C364&ssl=1","jetpack_sharing_enabled":true,"_links":{"self":[{"href":"https:\/\/verdadeon.com.br\/portal\/wp-json\/wp\/v2\/posts\/10006","targetHints":{"allow":["GET"]}}],"collection":[{"href":"https:\/\/verdadeon.com.br\/portal\/wp-json\/wp\/v2\/posts"}],"about":[{"href":"https:\/\/verdadeon.com.br\/portal\/wp-json\/wp\/v2\/types\/post"}],"author":[{"embeddable":true,"href":"https:\/\/verdadeon.com.br\/portal\/wp-json\/wp\/v2\/users\/10"}],"replies":[{"embeddable":true,"href":"https:\/\/verdadeon.com.br\/portal\/wp-json\/wp\/v2\/comments?post=10006"}],"version-history":[{"count":0,"href":"https:\/\/verdadeon.com.br\/portal\/wp-json\/wp\/v2\/posts\/10006\/revisions"}],"wp:featuredmedia":[{"embeddable":true,"href":"https:\/\/verdadeon.com.br\/portal\/wp-json\/wp\/v2\/media\/10007"}],"wp:attachment":[{"href":"https:\/\/verdadeon.com.br\/portal\/wp-json\/wp\/v2\/media?parent=10006"}],"wp:term":[{"taxonomy":"category","embeddable":true,"href":"https:\/\/verdadeon.com.br\/portal\/wp-json\/wp\/v2\/categories?post=10006"},{"taxonomy":"post_tag","embeddable":true,"href":"https:\/\/verdadeon.com.br\/portal\/wp-json\/wp\/v2\/tags?post=10006"}],"curies":[{"name":"wp","href":"https:\/\/api.w.org\/{rel}","templated":true}]}}